{"id":4299,"date":"2017-03-14T20:59:09","date_gmt":"2017-03-14T20:59:09","guid":{"rendered":"http:\/\/noticiasrec.com\/?p=4299"},"modified":"2017-03-14T21:00:12","modified_gmt":"2017-03-14T21:00:12","slug":"operativos-conjuntos-de-la-policia-municipal-la-bonaerense-y-gendarmeria-nacional","status":"publish","type":"post","link":"https:\/\/noticiasrec.com\/?p=4299","title":{"rendered":"San Miguel: Operativos conjuntos de la Polic\u00eda Municipal, la Bonaerense y Gendarmer\u00eda Nacional"},"content":{"rendered":"<p>Dando continuidad al operativo de fuerzas municipales, provinciales y nacionales que comenz\u00f3 en 2016, la gesti\u00f3n de Jaime Mendez avanza en la coordinaci\u00f3n de recursos realizando operativos conjuntos y simult\u00e1neos en distintos lugares del distrito, con el objetivo de prevenir el delito y llevar tranquilidad a los vecinos de San Miguel.<\/p>\n<p>En esta oportunidad, con la presencia del  comandante Heriberto Morales de Gendarmer\u00eda, a cargo de los efectivos desplegados en la zona, se realiz\u00f3 un cerrojo m\u00f3vil que incluy\u00f3 personal de la divisi\u00f3n perros de gendarmer\u00eda nacional, que participaron activamente en la b\u00fasqueda de sustancias peligrosas o ilegales a bordo de los veh\u00edculos detenidos.<\/p>\n<p>En los 15 diferentes puntos de control se verific\u00f3 la documentaci\u00f3n de 700 veh\u00edculos y sus pasajeros, as\u00ed como de 150 motoveh\u00edculos y 900 personas.<\/p>\n<p>Consultado sobre los operativos el Comandante Principal destac\u00f3 que \u201cDesde que en noviembre comenzamos este operativo conjunto tenemos una excelente coordinaci\u00f3n con el Centro de Operaciones Municipal, de colaboraci\u00f3n permanente. Lo mismo sucede con la ciudadan\u00eda, que colabora en todo sentido con la actividad del personal destacado en el distrito por disposici\u00f3n del ministerio de seguridad de la naci\u00f3n\u201d.<\/p>\n<p>Por su parte el Secretario de Seguridad municipal, Alfredo Ochoa, se\u00f1al\u00f3 que \u201cEn San Miguel, gracias a la iniciativa que en su momento tom\u00f3 Joaqu\u00edn de la Torre y que hoy contin\u00faa Jaime Mendez, se conform\u00f3 una Polic\u00eda Municipal que es permanentemente capacitada y equipada con tecnolog\u00eda de \u00faltima generaci\u00f3n, a lo  que se suman los aportes que recientemente ha realizado el gobierno provincial con la entrega de 15 patrulleros para las comisar\u00edas del distrito\u201d<\/p>\n","protected":false},"excerpt":{"rendered":"<p>Dando continuidad al operativo de fuerzas municipales, provinciales y nacionales que comenz\u00f3 en 2016, la..<\/p>\n","protected":false},"author":2,"featured_media":4300,"comment_status":"open","ping_status":"open","sticky":false,"template":"","format":"standard","meta":{"footnotes":""},"categories":[3,18,8],"tags":[],"class_list":["post-4299","post","type-post","status-publish","format-standard","has-post-thumbnail","hentry","category-municipios","category-policiales","category-san-miguel"],"_links":{"self":[{"href":"https:\/\/noticiasrec.com\/index.php?rest_route=\/wp\/v2\/posts\/4299","targetHints":{"allow":["GET"]}}],"collection":[{"href":"https:\/\/noticiasrec.com\/index.php?rest_route=\/wp\/v2\/posts"}],"about":[{"href":"https:\/\/noticiasrec.com\/index.php?rest_route=\/wp\/v2\/types\/post"}],"author":[{"embeddable":true,"href":"https:\/\/noticiasrec.com\/index.php?rest_route=\/wp\/v2\/users\/2"}],"replies":[{"embeddable":true,"href":"https:\/\/noticiasrec.com\/index.php?rest_route=%2Fwp%2Fv2%2Fcomments&post=4299"}],"version-history":[{"count":2,"href":"https:\/\/noticiasrec.com\/index.php?rest_route=\/wp\/v2\/posts\/4299\/revisions"}],"predecessor-version":[{"id":4303,"href":"https:\/\/noticiasrec.com\/index.php?rest_route=\/wp\/v2\/posts\/4299\/revisions\/4303"}],"wp:featuredmedia":[{"embeddable":true,"href":"https:\/\/noticiasrec.com\/index.php?rest_route=\/wp\/v2\/media\/4300"}],"wp:attachment":[{"href":"https:\/\/noticiasrec.com\/index.php?rest_route=%2Fwp%2Fv2%2Fmedia&parent=4299"}],"wp:term":[{"taxonomy":"category","embeddable":true,"href":"https:\/\/noticiasrec.com\/index.php?rest_route=%2Fwp%2Fv2%2Fcategories&post=4299"},{"taxonomy":"post_tag","embeddable":true,"href":"https:\/\/noticiasrec.com\/index.php?rest_route=%2Fwp%2Fv2%2Ftags&post=4299"}],"curies":[{"name":"wp","href":"https:\/\/api.w.org\/{rel}","templated":true}]}}