{"id":4295,"date":"2017-03-13T22:00:03","date_gmt":"2017-03-13T22:00:03","guid":{"rendered":"http:\/\/noticiasrec.com\/?p=4295"},"modified":"2017-03-13T22:00:03","modified_gmt":"2017-03-13T22:00:03","slug":"se-realizo-la-caminata-solidaria-donavidaenvida-en-jose-c-paz","status":"publish","type":"post","link":"https:\/\/noticiasrec.com\/?p=4295","title":{"rendered":"Se realiz\u00f3 la Caminata Solidaria #don\u00e1vidaenvida en Jos\u00e9 C. Paz"},"content":{"rendered":"<p>Con la consigna #donavidaenvida, se llev\u00f3 a cabo una caminata solidaria, referenciada en Almita, que requiere un trasplante de m\u00e9dula; desde ruta 197 y Mu\u00f1oz con llegada a Lavalle y Roque S\u00e1enz Pe\u00f1a, en el Teatro Municipal. All\u00ed se desarrollaron actividades relativas a la convocatoria, adem\u00e1s de disfrutar de shows art\u00edsticos.<\/p>\n<p>ACTIVIDADES<\/p>\n<p>Donar sangre o ser donante de m\u00e9dula. Concientizar e informar sobre la donaci\u00f3n de m\u00e9dula. Juntar firmas para un laboratorio de alta complejidad, para la tipificaci\u00f3n de la compatibilidad de muestras en la Argentina. Donaci\u00f3n de cabellos para pelucas oncol\u00f3gicas. Juntar tapitas para el hospital Garraham.<\/p>\n<p>Hubo un especial agradecimiento de la jefa de Hemoterapia del Hospital Posadas, Marcela Per\u00f3n, al intendente Mario Ishii.<\/p>\n<p>El intendente Mario Ishii, el secretario de Gobierno Jos\u00e9 P\u00e9rez y el director general de Cultura, Bautista Portela, fueron impulsores y organizadores de esta actividad solidaria por Almita, particularmente, y por todos quienes precisan este tipo de coberturas sanitarias.<\/p>\n","protected":false},"excerpt":{"rendered":"<p>Con la consigna #donavidaenvida, se llev\u00f3 a cabo una caminata solidaria, referenciada en Almita, que..<\/p>\n","protected":false},"author":2,"featured_media":4296,"comment_status":"open","ping_status":"open","sticky":false,"template":"","format":"standard","meta":{"footnotes":""},"categories":[7,10,19],"tags":[],"class_list":["post-4295","post","type-post","status-publish","format-standard","has-post-thumbnail","hentry","category-deportes","category-jose-c-paz","category-salud"],"_links":{"self":[{"href":"https:\/\/noticiasrec.com\/index.php?rest_route=\/wp\/v2\/posts\/4295","targetHints":{"allow":["GET"]}}],"collection":[{"href":"https:\/\/noticiasrec.com\/index.php?rest_route=\/wp\/v2\/posts"}],"about":[{"href":"https:\/\/noticiasrec.com\/index.php?rest_route=\/wp\/v2\/types\/post"}],"author":[{"embeddable":true,"href":"https:\/\/noticiasrec.com\/index.php?rest_route=\/wp\/v2\/users\/2"}],"replies":[{"embeddable":true,"href":"https:\/\/noticiasrec.com\/index.php?rest_route=%2Fwp%2Fv2%2Fcomments&post=4295"}],"version-history":[{"count":1,"href":"https:\/\/noticiasrec.com\/index.php?rest_route=\/wp\/v2\/posts\/4295\/revisions"}],"predecessor-version":[{"id":4297,"href":"https:\/\/noticiasrec.com\/index.php?rest_route=\/wp\/v2\/posts\/4295\/revisions\/4297"}],"wp:featuredmedia":[{"embeddable":true,"href":"https:\/\/noticiasrec.com\/index.php?rest_route=\/wp\/v2\/media\/4296"}],"wp:attachment":[{"href":"https:\/\/noticiasrec.com\/index.php?rest_route=%2Fwp%2Fv2%2Fmedia&parent=4295"}],"wp:term":[{"taxonomy":"category","embeddable":true,"href":"https:\/\/noticiasrec.com\/index.php?rest_route=%2Fwp%2Fv2%2Fcategories&post=4295"},{"taxonomy":"post_tag","embeddable":true,"href":"https:\/\/noticiasrec.com\/index.php?rest_route=%2Fwp%2Fv2%2Ftags&post=4295"}],"curies":[{"name":"wp","href":"https:\/\/api.w.org\/{rel}","templated":true}]}}