{"id":4279,"date":"2017-03-09T20:15:08","date_gmt":"2017-03-09T20:15:08","guid":{"rendered":"http:\/\/noticiasrec.com\/?p=4279"},"modified":"2017-03-09T20:15:57","modified_gmt":"2017-03-09T20:15:57","slug":"en-jose-c-paz-se-realizo-la-entrega-de-96-escrituras-de-regularizacion-dominial-a-vecinos-del-distrito","status":"publish","type":"post","link":"https:\/\/noticiasrec.com\/?p=4279","title":{"rendered":"En Jos\u00e9 C. Paz se realiz\u00f3 la entrega de 96 escrituras de regularizaci\u00f3n dominial a vecinos del distrito."},"content":{"rendered":"<p>En el Centro Municipal de Estudios ubicado en Pueyrred\u00f3n y Leandro Alem de Jos\u00e9 C. Paz, con la presencia de funcionarios municipales, en representaci\u00f3n del intendente Mario Ishii, el secretario de Gobierno Jos\u00e9 P\u00e9rez; en representaci\u00f3n de la subsecretar\u00eda Social de Tierras, Urbanismo y Vivienda que conduce Francisco Echarren, el jefe de Gabinete del organismo bonaerense, Esc. Luciano Scatolini; junto al secretario del SIPEM, Rodolfo Pino, Elba Ben\u00edtez, directora de Casa de Tierras; Pablo Mansilla, secretario de Acci\u00f3n Directa; se realiz\u00f3 esta entrega de 96 escrituras de regularizaci\u00f3n dominial, correspondientes a la ley 24.374.<\/p>\n<p>\u201cEs muy bueno que esto pase, hoy es un d\u00eda muy especial para ustedes porque van a poder ver reflejado en esa escritura un sue\u00f1o, por eso reconocemos el trabajo de la provincia de Buenos Aires con Echarren a la cabeza y con Luciano Scatolini que lo conozco desde Anses\u201d, comenz\u00f3 se\u00f1alando P\u00e9rez, quien adem\u00e1s destac\u00f3 el esfuerzo de cada una de las familias \u201cque han vivido toda una vida esperando y que por fin el Estado les reconoce este derecho, en el marco de la gesti\u00f3n del intendente Mario Ishii\u201d.<\/p>\n<p>Por su parte Scatolini comenz\u00f3 agradeciendo al equipo del intendente\u00a0 Mario Ishii y a los vecinos de Jos\u00e9 C. Paz, y en este sentido se\u00f1al\u00f3: \u201cEs un honor para nosotros, poder acompa\u00f1ar todo el trabajo que hace el municipio en este tema tan importante para la familia como es acceder al t\u00edtulo de propiedad a trav\u00e9s de una posibilidad que brinda el Estado y reconociendo un derecho, que tiene que ver con darle seguridad a sus hijos que la casa que con tanto esfuerzo han podido tener es definitivamente suya y que nadie m\u00e1s podr\u00e1 poner en duda ese derecho.\u201d<\/p>\n","protected":false},"excerpt":{"rendered":"<p>En el Centro Municipal de Estudios ubicado en Pueyrred\u00f3n y Leandro Alem de Jos\u00e9 C&#8230;<\/p>\n","protected":false},"author":2,"featured_media":4280,"comment_status":"open","ping_status":"open","sticky":false,"template":"","format":"standard","meta":{"footnotes":""},"categories":[10,3],"tags":[],"class_list":["post-4279","post","type-post","status-publish","format-standard","has-post-thumbnail","hentry","category-jose-c-paz","category-municipios"],"_links":{"self":[{"href":"https:\/\/noticiasrec.com\/index.php?rest_route=\/wp\/v2\/posts\/4279","targetHints":{"allow":["GET"]}}],"collection":[{"href":"https:\/\/noticiasrec.com\/index.php?rest_route=\/wp\/v2\/posts"}],"about":[{"href":"https:\/\/noticiasrec.com\/index.php?rest_route=\/wp\/v2\/types\/post"}],"author":[{"embeddable":true,"href":"https:\/\/noticiasrec.com\/index.php?rest_route=\/wp\/v2\/users\/2"}],"replies":[{"embeddable":true,"href":"https:\/\/noticiasrec.com\/index.php?rest_route=%2Fwp%2Fv2%2Fcomments&post=4279"}],"version-history":[{"count":2,"href":"https:\/\/noticiasrec.com\/index.php?rest_route=\/wp\/v2\/posts\/4279\/revisions"}],"predecessor-version":[{"id":4282,"href":"https:\/\/noticiasrec.com\/index.php?rest_route=\/wp\/v2\/posts\/4279\/revisions\/4282"}],"wp:featuredmedia":[{"embeddable":true,"href":"https:\/\/noticiasrec.com\/index.php?rest_route=\/wp\/v2\/media\/4280"}],"wp:attachment":[{"href":"https:\/\/noticiasrec.com\/index.php?rest_route=%2Fwp%2Fv2%2Fmedia&parent=4279"}],"wp:term":[{"taxonomy":"category","embeddable":true,"href":"https:\/\/noticiasrec.com\/index.php?rest_route=%2Fwp%2Fv2%2Fcategories&post=4279"},{"taxonomy":"post_tag","embeddable":true,"href":"https:\/\/noticiasrec.com\/index.php?rest_route=%2Fwp%2Fv2%2Ftags&post=4279"}],"curies":[{"name":"wp","href":"https:\/\/api.w.org\/{rel}","templated":true}]}}