{"id":4276,"date":"2017-03-09T20:00:32","date_gmt":"2017-03-09T20:00:32","guid":{"rendered":"http:\/\/noticiasrec.com\/?p=4276"},"modified":"2017-03-09T20:00:32","modified_gmt":"2017-03-09T20:00:32","slug":"el-juzgado-de-defensa-del-consumidor-de-jose-c-paz-aplico-multa-a-edenor-por-1-000-000","status":"publish","type":"post","link":"https:\/\/noticiasrec.com\/?p=4276","title":{"rendered":"El Juzgado de Defensa del Consumidor de Jos\u00e9 C. Paz aplic\u00f3 multa a EDENOR por $1.000.000"},"content":{"rendered":"<p>El\u00a0 7 de marzo del a\u00f1o en curso, el Juzgado de Defensa del Consumidor de la Municipalidad de Jos\u00e9 C. Paz, a cargo del Dr. Juan An\u00edbal Lugones, inform\u00f3 a la comunidad que la empresa EDENOR S.A. ha procedido a efectuar el dep\u00f3sito de la suma de $1.000.000, m\u00e1s la correspondiente tasa del 10% impuesta por la Ordenanza Fiscal y Tarifaria vigente. Todo ello en virtud de una multa impuesta en los autos caratulados XXXXX c\/EDENOR S.A. s\/ Denuncia por infracci\u00f3n a la Ley de Defensa\u00a0 del Consumidor. Ley 24.240, Expte. 4131-162051\/15. Asimismo este Juzgado destaca la incansable labor de todo el equipo de trabajo que propici\u00f3 este logro, bajo la gesti\u00f3n del\u00a0 intendente Mario Ishii.<\/p>\n","protected":false},"excerpt":{"rendered":"<p>El\u00a0 7 de marzo del a\u00f1o en curso, el Juzgado de Defensa del Consumidor de..<\/p>\n","protected":false},"author":2,"featured_media":4277,"comment_status":"open","ping_status":"open","sticky":false,"template":"","format":"standard","meta":{"footnotes":""},"categories":[10,5],"tags":[],"class_list":["post-4276","post","type-post","status-publish","format-standard","has-post-thumbnail","hentry","category-jose-c-paz","category-sociedad"],"_links":{"self":[{"href":"https:\/\/noticiasrec.com\/index.php?rest_route=\/wp\/v2\/posts\/4276","targetHints":{"allow":["GET"]}}],"collection":[{"href":"https:\/\/noticiasrec.com\/index.php?rest_route=\/wp\/v2\/posts"}],"about":[{"href":"https:\/\/noticiasrec.com\/index.php?rest_route=\/wp\/v2\/types\/post"}],"author":[{"embeddable":true,"href":"https:\/\/noticiasrec.com\/index.php?rest_route=\/wp\/v2\/users\/2"}],"replies":[{"embeddable":true,"href":"https:\/\/noticiasrec.com\/index.php?rest_route=%2Fwp%2Fv2%2Fcomments&post=4276"}],"version-history":[{"count":1,"href":"https:\/\/noticiasrec.com\/index.php?rest_route=\/wp\/v2\/posts\/4276\/revisions"}],"predecessor-version":[{"id":4278,"href":"https:\/\/noticiasrec.com\/index.php?rest_route=\/wp\/v2\/posts\/4276\/revisions\/4278"}],"wp:featuredmedia":[{"embeddable":true,"href":"https:\/\/noticiasrec.com\/index.php?rest_route=\/wp\/v2\/media\/4277"}],"wp:attachment":[{"href":"https:\/\/noticiasrec.com\/index.php?rest_route=%2Fwp%2Fv2%2Fmedia&parent=4276"}],"wp:term":[{"taxonomy":"category","embeddable":true,"href":"https:\/\/noticiasrec.com\/index.php?rest_route=%2Fwp%2Fv2%2Fcategories&post=4276"},{"taxonomy":"post_tag","embeddable":true,"href":"https:\/\/noticiasrec.com\/index.php?rest_route=%2Fwp%2Fv2%2Ftags&post=4276"}],"curies":[{"name":"wp","href":"https:\/\/api.w.org\/{rel}","templated":true}]}}