{"id":4266,"date":"2017-03-06T23:11:02","date_gmt":"2017-03-06T23:11:02","guid":{"rendered":"http:\/\/noticiasrec.com\/?p=4266"},"modified":"2017-03-06T23:11:02","modified_gmt":"2017-03-06T23:11:02","slug":"la-provincia-cierra-la-puerta-de-ingreso-a-las-policias-locales","status":"publish","type":"post","link":"https:\/\/noticiasrec.com\/?p=4266","title":{"rendered":"La Provincia cierra la puerta de ingreso a las polic\u00edas locales"},"content":{"rendered":"<p>El gobierno bonaerense tom\u00f3 la decisi\u00f3n de congelar los ingresos a las Polic\u00edas locales, las fuerzas de seguridad que, si bien dependen del ministerio de Seguridad, son coordinadas por los intendentes. Este a\u00f1o no habr\u00e1 incorporaciones, lo que alimenta las versiones sobre una posible futura fusi\u00f3n de esas estructuras de prevenci\u00f3n con la Bonaerense.<\/p>\n<p>\u201cEste a\u00f1o no va a haber ingresos, creemos que la Local tiene una cantidad suficiente de efectivos\u201d, dijeron en el ministerio de conduce Cristian Ritondo. Actualmente cuenta con unos 16 mil integrantes que en los \u00faltimos meses fueron reentrenados por la Provincia.<\/p>\n<p>La medida puede que empiece a generar cierta pol\u00e9mica por dos cuestiones centrales. La primera, porque varios jefes comunales buscan recuperar el n\u00famero original de integrantes, ya que algunos fueron dados de baja o no pasaron el proceso de reentrenamiento que puso en marcha la administraci\u00f3n bonaerense ya que estos agentes salieron a la calle con apenas seis meses de formaci\u00f3n durante la gesti\u00f3n de Daniel Scioli. En segundo t\u00e9rmino, porque una eventual fusi\u00f3n con la Bonaerense les quitar\u00eda el manejo de la planificaci\u00f3n de la seguridad en sus distritos.<\/p>\n<p>En cambio, en Seguridad afirmaron que este a\u00f1o est\u00e1 prevista la incorporaci\u00f3n de unos 3 mil efectivos a la Polic\u00eda provincial.<\/p>\n<p>La decisi\u00f3n oficial de no incorporar m\u00e1s efectivos de la Local ya fue transmitida a algunos intendentes que fueron a la carga en procura de contar con m\u00e1s recursos humanos. Cabe acotar que los alcaldes dependen de la Provincia para conseguir cupos, ya que es la que se encarga de pagar los sueldos de estos agentes.<\/p>\n<p>En el caso de La Plata, por ejemplo, en los \u00faltimos d\u00edas fueron dados de baja 45 de los 1.013 efectivos de la Polic\u00eda local debido a que no superaron las pruebas \u201cpsicof\u00edsicas\u201d para ejercer la funci\u00f3n que orden\u00f3 la administraci\u00f3n de la gobernadora Mar\u00eda Eugenia Vidal el a\u00f1o pasado.<\/p>\n<p>La fuerza local qued\u00f3 con 953 integrantes, pero s\u00f3lo cumplen funciones unos 800 ya que el resto tiene carpetas m\u00e9dicas.<\/p>\n<p>El intendente Julio Garro ten\u00eda previsto iniciar gestiones para recuperar el n\u00famero original de 1.013 integrantes, pero la decisi\u00f3n oficial de frenar los ingresos a la fuerza impedir\u00e1 cumplir ese objetivo.<\/p>\n<p>ESPECULACIONES<\/p>\n<p>El congelamiento de vacantes en las Polic\u00edas Locales no hizo m\u00e1s que alentar el rumor de que la Provincia impulsar\u00eda un proyecto para que se fusionen con la Bonaerense.<\/p>\n<p>De hecho, alg\u00fan paso en ese sentido ya dio con la unificaci\u00f3n de las polic\u00edas Comunales y Locales en varios distritos del interior.<\/p>\n<p>Si bien no existe una confirmaci\u00f3n oficial, diversas versiones indican que la gesti\u00f3n Vidal ser\u00eda partidaria de centralizar los recursos en materia del combate para el delito en una sola fuerza.<\/p>\n<p>Incluso ya se habla de una eventual conducci\u00f3n unificada que depender\u00eda de una jefatura integrada por cinco personas, entre polic\u00edas y civiles.<\/p>\n<p>De todas formas, el a\u00f1o electoral puede que se transforme en una freno para la iniciativa oficial. De hecho, hay proyectos en la Legislatura contrarios a esa iniciativa y que apuntan al traspaso de las fuerzas Locales a los municipios con los fondos incluidos para su mantenimiento. Y son promovidos tanto por el Frente Renovador como por fracciones del peronismo.<\/p>\n<p>Resta por ver si el Ejecutivo avanza con este tema a\u00fan en medio del debate electoral o lo posterga en el marco de la reciente convocatoria de la Gobernadora a distintos actores sociales para discutir herramientas contra la inseguridad.<\/p>\n","protected":false},"excerpt":{"rendered":"<p>El gobierno bonaerense tom\u00f3 la decisi\u00f3n de congelar los ingresos a las Polic\u00edas locales, las..<\/p>\n","protected":false},"author":2,"featured_media":4267,"comment_status":"open","ping_status":"open","sticky":false,"template":"","format":"standard","meta":{"footnotes":""},"categories":[3,2],"tags":[],"class_list":["post-4266","post","type-post","status-publish","format-standard","has-post-thumbnail","hentry","category-municipios","category-provincia"],"_links":{"self":[{"href":"https:\/\/noticiasrec.com\/index.php?rest_route=\/wp\/v2\/posts\/4266","targetHints":{"allow":["GET"]}}],"collection":[{"href":"https:\/\/noticiasrec.com\/index.php?rest_route=\/wp\/v2\/posts"}],"about":[{"href":"https:\/\/noticiasrec.com\/index.php?rest_route=\/wp\/v2\/types\/post"}],"author":[{"embeddable":true,"href":"https:\/\/noticiasrec.com\/index.php?rest_route=\/wp\/v2\/users\/2"}],"replies":[{"embeddable":true,"href":"https:\/\/noticiasrec.com\/index.php?rest_route=%2Fwp%2Fv2%2Fcomments&post=4266"}],"version-history":[{"count":1,"href":"https:\/\/noticiasrec.com\/index.php?rest_route=\/wp\/v2\/posts\/4266\/revisions"}],"predecessor-version":[{"id":4268,"href":"https:\/\/noticiasrec.com\/index.php?rest_route=\/wp\/v2\/posts\/4266\/revisions\/4268"}],"wp:featuredmedia":[{"embeddable":true,"href":"https:\/\/noticiasrec.com\/index.php?rest_route=\/wp\/v2\/media\/4267"}],"wp:attachment":[{"href":"https:\/\/noticiasrec.com\/index.php?rest_route=%2Fwp%2Fv2%2Fmedia&parent=4266"}],"wp:term":[{"taxonomy":"category","embeddable":true,"href":"https:\/\/noticiasrec.com\/index.php?rest_route=%2Fwp%2Fv2%2Fcategories&post=4266"},{"taxonomy":"post_tag","embeddable":true,"href":"https:\/\/noticiasrec.com\/index.php?rest_route=%2Fwp%2Fv2%2Ftags&post=4266"}],"curies":[{"name":"wp","href":"https:\/\/api.w.org\/{rel}","templated":true}]}}