{"id":4244,"date":"2017-02-23T22:25:54","date_gmt":"2017-02-23T22:25:54","guid":{"rendered":"http:\/\/noticiasrec.com\/?p=4244"},"modified":"2017-02-23T22:25:54","modified_gmt":"2017-02-23T22:25:54","slug":"en-san-miguel-ya-funcionan-los-botones-antipanico-en-los-colectivos-de-la-linea-740","status":"publish","type":"post","link":"https:\/\/noticiasrec.com\/?p=4244","title":{"rendered":"En San Miguel ya funcionan los botones antip\u00e1nico en los colectivos de la linea 740"},"content":{"rendered":"<p>Los colectivos de la l\u00ednea 740, que circulan en el Municipio de San Miguel, cuentan desde este mes con botones antip\u00e1nico y GPS que permiten al Centro de Operaciones Municipal (COM) brindar mayor seguridad a conductores y pasajeros, en momentos en que recrudecen los delitos y las situaciones de violencia en el transporte p\u00fablico.<\/p>\n<p>Son 58 colectivos que ya tienen el sistema instalado y sincronizado con el COM, que puede as\u00ed monitorear en tiempo real la ubicaci\u00f3n de las unidades y estar listo para actuar en caso de que el conductor presione el bot\u00f3n antip\u00e1nico, escondido en los veh\u00edculos.<\/p>\n<p>Las c\u00e1maras del COM visualizan a los colectivos en un mapa de la ciudad donde est\u00e1n trazados los distintos recorridos. Cada unidad est\u00e1 representada por un \u00edcono de color azul (si el colectivo est\u00e1 ok), por amarillo (si est\u00e1 fuera de recorrido), y por rojo parpadeando (que indica la alarma del bot\u00f3n antip\u00e1nico encendida).<\/p>\n<p>Pedro, un conductor de la l\u00ednea 740 cont\u00f3 su experiencia: \u201cLo apretamos una vez y enseguida lleg\u00f3 el patrullero, la verdad que funciona muy bien. Por lo menos sabemos que dentro del colectivo tenemos un poco m\u00e1s de control para salir tranquilos a la calle\u201d.<\/p>\n<p>El Secretario de Seguridad, Alfredo Ochoa, se\u00f1al\u00f3 que \u201ceste sistema permite al COM asignar inmediatamente al m\u00f3vil de cuadrilla para asistir al colectivo. Ya hubo seis botones que se activaron que por fortuna se generaron por errores involuntarios de los conductores, pero los m\u00f3viles llegaron en instantes\u201d.<\/p>\n<p>Adem\u00e1s de ser un sistema de seguridad, sirve tambi\u00e9n como informaci\u00f3n para el \u00e1rea de Tr\u00e1nsito. La Directora de Transporte del Municipio, Mayra P\u00e9rez, explic\u00f3 que esto permite ver la frecuencia y la cantidad de unidades aplicadas a cada recorrido, facilitando el control de las condiciones del servicio p\u00fablico de pasajeros.<\/p>\n","protected":false},"excerpt":{"rendered":"<p>Los colectivos de la l\u00ednea 740, que circulan en el Municipio de San Miguel, cuentan..<\/p>\n","protected":false},"author":2,"featured_media":4245,"comment_status":"open","ping_status":"open","sticky":false,"template":"","format":"standard","meta":{"footnotes":""},"categories":[3,8],"tags":[],"class_list":["post-4244","post","type-post","status-publish","format-standard","has-post-thumbnail","hentry","category-municipios","category-san-miguel"],"_links":{"self":[{"href":"https:\/\/noticiasrec.com\/index.php?rest_route=\/wp\/v2\/posts\/4244","targetHints":{"allow":["GET"]}}],"collection":[{"href":"https:\/\/noticiasrec.com\/index.php?rest_route=\/wp\/v2\/posts"}],"about":[{"href":"https:\/\/noticiasrec.com\/index.php?rest_route=\/wp\/v2\/types\/post"}],"author":[{"embeddable":true,"href":"https:\/\/noticiasrec.com\/index.php?rest_route=\/wp\/v2\/users\/2"}],"replies":[{"embeddable":true,"href":"https:\/\/noticiasrec.com\/index.php?rest_route=%2Fwp%2Fv2%2Fcomments&post=4244"}],"version-history":[{"count":1,"href":"https:\/\/noticiasrec.com\/index.php?rest_route=\/wp\/v2\/posts\/4244\/revisions"}],"predecessor-version":[{"id":4246,"href":"https:\/\/noticiasrec.com\/index.php?rest_route=\/wp\/v2\/posts\/4244\/revisions\/4246"}],"wp:featuredmedia":[{"embeddable":true,"href":"https:\/\/noticiasrec.com\/index.php?rest_route=\/wp\/v2\/media\/4245"}],"wp:attachment":[{"href":"https:\/\/noticiasrec.com\/index.php?rest_route=%2Fwp%2Fv2%2Fmedia&parent=4244"}],"wp:term":[{"taxonomy":"category","embeddable":true,"href":"https:\/\/noticiasrec.com\/index.php?rest_route=%2Fwp%2Fv2%2Fcategories&post=4244"},{"taxonomy":"post_tag","embeddable":true,"href":"https:\/\/noticiasrec.com\/index.php?rest_route=%2Fwp%2Fv2%2Ftags&post=4244"}],"curies":[{"name":"wp","href":"https:\/\/api.w.org\/{rel}","templated":true}]}}