{"id":4233,"date":"2017-02-22T20:30:20","date_gmt":"2017-02-22T20:30:20","guid":{"rendered":"http:\/\/noticiasrec.com\/?p=4233"},"modified":"2017-02-22T20:30:20","modified_gmt":"2017-02-22T20:30:20","slug":"ishii-firmo-en-china-un-convenio-historico-para-jose-c-paz-con-empresa-automotriz-por-300-millones-de-dolares","status":"publish","type":"post","link":"https:\/\/noticiasrec.com\/?p=4233","title":{"rendered":"Ishii firm\u00f3 en China un convenio hist\u00f3rico para Jos\u00e9 C Paz con empresa automotriz por 300 millones de d\u00f3lares"},"content":{"rendered":"<p>El Intendente de Jos\u00e9 C. Paz, Mario Ishii, firm\u00f3 hoy un convenio hist\u00f3rico para la ciudad de Jos\u00e9 C Paz, se va a instalar la empresa DFTC en el distrito donde con una inversi\u00f3n inicial de 300 millones de d\u00f3lares en los pr\u00f3ximos dos a\u00f1os, permitir\u00e1 generar m\u00e1s de 500 puestos de trabajo.<br \/>\nEl objetivo de la gira del intendente es consolidar las relaciones comerciales, culturales y deportivas entre Jos\u00e9 C Paz y la ciudad de Xiangyang.<br \/>\nEn ese marco, Ishii rubric\u00f3 dos convenios con la empresa Dongfeng (DFTC) en el que acuerdan una inversi\u00f3n inicial de 300 millones de d\u00f3lares en los primeros dos a\u00f1os.<br \/>\nEl acuerdo que estableci\u00f3 Ishii con el segundo fabricante m\u00e1s grande de China que a su vez, fomenta la sustentabilidad ambiental, generar\u00e1 al menos 500 puestos de trabajo en forma directa y m\u00e1s de 2000 en forma indirecta por lo que implica un \u00abcrecimiento\u00bb para Jos\u00e9 C. Paz.<br \/>\nAl respecto el Jefe Comunal remarc\u00f3 que \u00abel crecimiento del mercado de veh\u00edculos el\u00e9ctricos es fundamental hacia la consolidaci\u00f3n de ciudades inteligentes que promueven la movilidad de energ\u00eda sustentable\u00bb y record\u00f3 que \u00ablas principales ciudades del mundo ya lo est\u00e1n haciendo y no pod\u00edamos dejar afuera a la Argentina de esta realidad\u00bb.<\/p>\n<p>Adem\u00e1s, Mario Ishii cont\u00f3 que a partir de la firma del acuerdo ya comenzar\u00e1n a trabajar, porque dentro de 90 d\u00edas arribar\u00e1n a Jos\u00e9 C Paz dos colectivos el\u00e9ctricos; una camioneta van para 19 personas; y un auto para 4 pasajeros que funcionar\u00e1n como prueba piloto.<\/p>\n<p>Finalmente se\u00f1al\u00f3 que la instalaci\u00f3n de la f\u00e1brica en su distrito \u00abrepresenta la uni\u00f3n entre los sectores p\u00fablicos y privados con el fin de proteger el medio ambiente\u00bb y manifest\u00f3 que \u00abestamos muy contentos de poner a Jos\u00e9 C. paz en lo m\u00e1s alto de la vanguardia automotriz\u00bb y concluy\u00f3: \u00abvamos a ser pioneros en Am\u00e9rica Latina en la fabricaci\u00f3n de este tipo de veh\u00edculos<\/p>\n","protected":false},"excerpt":{"rendered":"<p>El Intendente de Jos\u00e9 C. Paz, Mario Ishii, firm\u00f3 hoy un convenio hist\u00f3rico para la..<\/p>\n","protected":false},"author":2,"featured_media":4234,"comment_status":"open","ping_status":"open","sticky":false,"template":"","format":"standard","meta":{"footnotes":""},"categories":[10,3],"tags":[],"class_list":["post-4233","post","type-post","status-publish","format-standard","has-post-thumbnail","hentry","category-jose-c-paz","category-municipios"],"_links":{"self":[{"href":"https:\/\/noticiasrec.com\/index.php?rest_route=\/wp\/v2\/posts\/4233","targetHints":{"allow":["GET"]}}],"collection":[{"href":"https:\/\/noticiasrec.com\/index.php?rest_route=\/wp\/v2\/posts"}],"about":[{"href":"https:\/\/noticiasrec.com\/index.php?rest_route=\/wp\/v2\/types\/post"}],"author":[{"embeddable":true,"href":"https:\/\/noticiasrec.com\/index.php?rest_route=\/wp\/v2\/users\/2"}],"replies":[{"embeddable":true,"href":"https:\/\/noticiasrec.com\/index.php?rest_route=%2Fwp%2Fv2%2Fcomments&post=4233"}],"version-history":[{"count":1,"href":"https:\/\/noticiasrec.com\/index.php?rest_route=\/wp\/v2\/posts\/4233\/revisions"}],"predecessor-version":[{"id":4235,"href":"https:\/\/noticiasrec.com\/index.php?rest_route=\/wp\/v2\/posts\/4233\/revisions\/4235"}],"wp:featuredmedia":[{"embeddable":true,"href":"https:\/\/noticiasrec.com\/index.php?rest_route=\/wp\/v2\/media\/4234"}],"wp:attachment":[{"href":"https:\/\/noticiasrec.com\/index.php?rest_route=%2Fwp%2Fv2%2Fmedia&parent=4233"}],"wp:term":[{"taxonomy":"category","embeddable":true,"href":"https:\/\/noticiasrec.com\/index.php?rest_route=%2Fwp%2Fv2%2Fcategories&post=4233"},{"taxonomy":"post_tag","embeddable":true,"href":"https:\/\/noticiasrec.com\/index.php?rest_route=%2Fwp%2Fv2%2Ftags&post=4233"}],"curies":[{"name":"wp","href":"https:\/\/api.w.org\/{rel}","templated":true}]}}