{"id":4229,"date":"2017-02-20T22:10:55","date_gmt":"2017-02-20T22:10:55","guid":{"rendered":"http:\/\/noticiasrec.com\/?p=4229"},"modified":"2017-02-20T22:10:55","modified_gmt":"2017-02-20T22:10:55","slug":"mario-ishii-tomo-licencia-y-asumio-jose-perez-como-intendente-interino-de-jose-c-paz","status":"publish","type":"post","link":"https:\/\/noticiasrec.com\/?p=4229","title":{"rendered":"Mario Ishii tom\u00f3 licencia y asumi\u00f3 Jos\u00e9 Perez como Intendente interino de Jos\u00e9 C. Paz"},"content":{"rendered":"<p>Este viernes 17 de febrero, en sesi\u00f3n extraordinaria del Honorable Concejo Deliberante de Jos\u00e9 C. Paz, se acept\u00f3 la licencia por 10 d\u00edas del intendente Mario Ishii, asumiendo en su reemplazo interinamente el primer concejal Jos\u00e9 P\u00e9rez.<\/p>\n<p>En primer lugar Jos\u00e9 P\u00e9rez, actual secretario de Gobierno, reasumi\u00f3 su banca en el HCD, de la que estaba en uso de licencia, para asumir posteriormente la intendencia mientras dure la ausencia del jefe comunal.<\/p>\n<p>El presidente del HCD, Jos\u00e9 Mondov\u00ed, fue el encargado de tomar a P\u00e9rez el juramento de rigor, luego del cual \u00e9ste asumi\u00f3 la gesti\u00f3n municipal.<\/p>\n<p>El intendente Mario Ishii se ausenta del pa\u00eds en misi\u00f3n de trabajo, ya que se reunir\u00e1 en la Rep\u00fablica Popular China con autoridades y empresarios, gestionando la instalaci\u00f3n de industrias en el distrito pace\u00f1o. Cabe acotar que anteriormente una delegaci\u00f3n proveniente de China Hab\u00eda visitado al intendente en su despacho, donde comenz\u00f3 a tratarse esta posibilidad de radicar industrias en el distrito.<\/p>\n","protected":false},"excerpt":{"rendered":"<p>Este viernes 17 de febrero, en sesi\u00f3n extraordinaria del Honorable Concejo Deliberante de Jos\u00e9 C&#8230;<\/p>\n","protected":false},"author":2,"featured_media":4230,"comment_status":"open","ping_status":"open","sticky":false,"template":"","format":"standard","meta":{"footnotes":""},"categories":[10,3],"tags":[],"class_list":["post-4229","post","type-post","status-publish","format-standard","has-post-thumbnail","hentry","category-jose-c-paz","category-municipios"],"_links":{"self":[{"href":"https:\/\/noticiasrec.com\/index.php?rest_route=\/wp\/v2\/posts\/4229","targetHints":{"allow":["GET"]}}],"collection":[{"href":"https:\/\/noticiasrec.com\/index.php?rest_route=\/wp\/v2\/posts"}],"about":[{"href":"https:\/\/noticiasrec.com\/index.php?rest_route=\/wp\/v2\/types\/post"}],"author":[{"embeddable":true,"href":"https:\/\/noticiasrec.com\/index.php?rest_route=\/wp\/v2\/users\/2"}],"replies":[{"embeddable":true,"href":"https:\/\/noticiasrec.com\/index.php?rest_route=%2Fwp%2Fv2%2Fcomments&post=4229"}],"version-history":[{"count":1,"href":"https:\/\/noticiasrec.com\/index.php?rest_route=\/wp\/v2\/posts\/4229\/revisions"}],"predecessor-version":[{"id":4231,"href":"https:\/\/noticiasrec.com\/index.php?rest_route=\/wp\/v2\/posts\/4229\/revisions\/4231"}],"wp:featuredmedia":[{"embeddable":true,"href":"https:\/\/noticiasrec.com\/index.php?rest_route=\/wp\/v2\/media\/4230"}],"wp:attachment":[{"href":"https:\/\/noticiasrec.com\/index.php?rest_route=%2Fwp%2Fv2%2Fmedia&parent=4229"}],"wp:term":[{"taxonomy":"category","embeddable":true,"href":"https:\/\/noticiasrec.com\/index.php?rest_route=%2Fwp%2Fv2%2Fcategories&post=4229"},{"taxonomy":"post_tag","embeddable":true,"href":"https:\/\/noticiasrec.com\/index.php?rest_route=%2Fwp%2Fv2%2Ftags&post=4229"}],"curies":[{"name":"wp","href":"https:\/\/api.w.org\/{rel}","templated":true}]}}