{"id":4208,"date":"2017-02-15T22:39:47","date_gmt":"2017-02-15T22:39:47","guid":{"rendered":"http:\/\/noticiasrec.com\/?p=4208"},"modified":"2017-02-15T22:40:22","modified_gmt":"2017-02-15T22:40:22","slug":"mario-ishii-vidal-tiene-buena-imagen-pero-eso-no-alcanza-la-gente-esta-mal","status":"publish","type":"post","link":"https:\/\/noticiasrec.com\/?p=4208","title":{"rendered":"Mario Ishii: \u00abVidal tiene buena imagen pero eso no alcanza. La gente est\u00e1 mal\u00bb"},"content":{"rendered":"<p>Unas bolsas de harina fueron su ticket hacia el PJ. Harina que Mario Ishii don\u00f3 -o vendi\u00f3- y con la que los militantes hac\u00edan engrudo para empapelar los paredones con afiches de Carlos Menem y su S\u00edganme!.<\/p>\n<p>Antes, cuando su mujer Susana se embaraz\u00f3 de su segundo hijo (tuvo 6) dej\u00f3 la floricultura y los secretos que hered\u00f3 de su padre Masashi y de su abuelo Isao, viajero de la primera migraci\u00f3n japonesa a Latinoam\u00e9rica en 1919.<\/p>\n<p>Despu\u00e9s, sin simpat\u00edas pol\u00edticas, apost\u00f3 a la autonom\u00eda de Jos\u00e9 C. Paz, pueblo donde naci\u00f3 y que en 1994 se convirti\u00f3 en uno de los tres municipios en que se desmembr\u00f3 General Sarmiento, que gobernaba Luis Ortega, hermano de \u201cPalito\u201d.<\/p>\n<p>&#8211; Ac\u00e1 solo paga las tasas el 28% de la gente. 60 mil personas se van por d\u00eda a otro lado a laburar. Yo me doy cuenta cuando la cosa est\u00e1 fea.<\/p>\n<p>&#8211; \u00bfY c\u00f3mo est\u00e1 la cosa?<\/p>\n<p>&#8211; Muy fea. Hubo herencia, un regalito feo de antes, pero no pod\u00e9s decir siempre eso. Antes cuando sal\u00eda a caminar dos personas me ped\u00edan trabajo, ahora son 15 o 16.<\/p>\n<p>Un manojo de miserias pol\u00edticas hizo que Jos\u00e9 C. Paz arranque mal: un manch\u00f3n de barrios humildes, 7 mil calles de tierra, sin industrias ni cementerio. \u201cInviable\u201d lo describi\u00f3 Eduardo Duhalde luego de crearlo.<\/p>\n<p>Ishii manda desde 1999 . Hizo, detalla, 450 obras y aplic\u00f3 la autogesti\u00f3n: f\u00e1bricas municipales de cemento, ventanas y f\u00e9retros. Hay una industria privada con 250 empleados. Una.<\/p>\n<p>&#8211; \u00bfEl modelo sovi\u00e9tico del conurbano?<\/p>\n<p>&#8211; Una vez vino el Pollo Sobrero y me dijo que cre\u00eda que yo era un derechoso pero result\u00e9 m\u00e1s de izquierda que \u00e9l -se rie.<\/p>\n<p>Dej\u00f3 el municipio en 2011 y se retir\u00f3, dice. Un a\u00f1o antes hab\u00eda muerto N\u00e9stor Kirchner. \u201cCuando lo conoc\u00ed trajo un cheque para cooperativas y me lo dio sin mirarme. Despu\u00e9s me hice amigo, iba a Olivos todas las semanas\u201d. El patag\u00f3nico lo amenazaba con mandarlo a buscar con la polic\u00eda si no lo visitaba. Humoradas de gente brava que merendaba t\u00e9.<\/p>\n<p>Las tardes en Olivos se ralearon con Cristina hasta casi desaparecer. \u201cSe qued\u00f3 consintiendo a M\u00e1ximo, haciendo lo que \u00e9l le dec\u00eda y bueno: perdimos tres elecciones de cuatro\u201d. Ishii llama \u201clos chicos\u201d a La C\u00e1mpora.<\/p>\n<p>&#8211; Pero sigui\u00f3 apoyando.<\/p>\n<p>&#8211; Para sostener a la se\u00f1ora de una amigo. Y porque hubo momentos en que el gobierno estuvo en peligro.<\/p>\n<p>&#8211; \u00bfEl de Cristina?<\/p>\n<p>&#8211; Hubo intentos, algunos diciembres fueron dif\u00edciles, tuvimos que salir a contener. Como en estas fiestas, salimos a dar bolsones para que evitar un estallido social.<\/p>\n<p>En 2013 volvi\u00f3 y fue senador. Desde la banca bonaerense se entrever\u00f3 en una batalla de subsuelos. \u00abFui a la SIDE a ver a \u201cPaco\u201d Larcher para decirle que se cuide de Stiuso, que el tipo apretaba a todos los jueces y fiscales. Le ped\u00ed que me lo presente pero no quiso\u00bb.<\/p>\n<p>&#8211; \u00bfSe lo plante\u00f3 a Cristina?<\/p>\n<p>&#8211; Nunca habl\u00e9 con ella de eso. Es otra mentira de Stiuso eso de que Cristina me lo saque del medio. Lo voy a denunciar.<\/p>\n<p>Por entonces, el ex agente, ten\u00eda buen trato con la Casa Rosada. Ishii pas\u00f3 de \u201ccazador de traidores\u201d a no tener acceso a Olivos.<\/p>\n<p>&#8211; Anda bien con el PRO, parece macrista<\/p>\n<p>&#8211; Soy peronista, no me pinto de amarillo, pero quiero que al pa\u00eds le vaya bien. Son excelentes para hablar pero nada de gesti\u00f3n. Vidal tiene buena imagen pero no alcanza. La gente est\u00e1 mal.<\/p>\n<p>&#8211; \u00bfY Macri no se da cuenta lo que pasa?<\/p>\n<p>&#8211; Se cree la pel\u00edcula que le cuentan. Pero la gente no da m\u00e1s: los comercios cierran, no hay obra p\u00fablica.<\/p>\n<p>Afirma que los dos hospitales -de un total de siete- que inaugur\u00f3 en diciembre fueron las obras m\u00e1s grandes del a\u00f1o en el pa\u00eds. \u00abTodo con fondos del municipio\u00bb.<\/p>\n<p>\u2013 \u00bfY el peronismo?<\/p>\n<p>&#8211; Est\u00e1 boleado, perdido. Yo pido internas pero no me van a dar y los voy a enfrentar por afuera.<\/p>\n<p>A la playa, sin poncho.<\/p>\n<p>Un fin de semana de enero fue a Mar del Plata y, dice, a trabajar: ah\u00ed el municipio mont\u00f3 un parador para difundir las obras, sobre todo el complejo de hospitales, entre los que hay uno oncol\u00f3gico. Se lo vio sin el cl\u00e1sico poncho rojo, que usa desde 1997: ten\u00eda neumon\u00eda pero habia campa\u00f1a electoral, sali\u00f3 en una caravana y una se\u00f1ora le tir\u00f3 un poncho encima que lo abrig\u00f3. Lo usa desde entonces. Dice que nunca se tom\u00f3 vacaciones en familiia y que trabaja s\u00e1bados y domingos. Y que su \u00fanica distracci\u00f3n es una vez al mes una sentada con amigos para jugar al truco.<\/p>\n<p>Fuente\/\/ Diario Clarin<\/p>\n","protected":false},"excerpt":{"rendered":"<p>Unas bolsas de harina fueron su ticket hacia el PJ. Harina que Mario Ishii don\u00f3..<\/p>\n","protected":false},"author":2,"featured_media":4209,"comment_status":"open","ping_status":"open","sticky":false,"template":"","format":"standard","meta":{"footnotes":""},"categories":[10,4],"tags":[],"class_list":["post-4208","post","type-post","status-publish","format-standard","has-post-thumbnail","hentry","category-jose-c-paz","category-politica"],"_links":{"self":[{"href":"https:\/\/noticiasrec.com\/index.php?rest_route=\/wp\/v2\/posts\/4208","targetHints":{"allow":["GET"]}}],"collection":[{"href":"https:\/\/noticiasrec.com\/index.php?rest_route=\/wp\/v2\/posts"}],"about":[{"href":"https:\/\/noticiasrec.com\/index.php?rest_route=\/wp\/v2\/types\/post"}],"author":[{"embeddable":true,"href":"https:\/\/noticiasrec.com\/index.php?rest_route=\/wp\/v2\/users\/2"}],"replies":[{"embeddable":true,"href":"https:\/\/noticiasrec.com\/index.php?rest_route=%2Fwp%2Fv2%2Fcomments&post=4208"}],"version-history":[{"count":2,"href":"https:\/\/noticiasrec.com\/index.php?rest_route=\/wp\/v2\/posts\/4208\/revisions"}],"predecessor-version":[{"id":4211,"href":"https:\/\/noticiasrec.com\/index.php?rest_route=\/wp\/v2\/posts\/4208\/revisions\/4211"}],"wp:featuredmedia":[{"embeddable":true,"href":"https:\/\/noticiasrec.com\/index.php?rest_route=\/wp\/v2\/media\/4209"}],"wp:attachment":[{"href":"https:\/\/noticiasrec.com\/index.php?rest_route=%2Fwp%2Fv2%2Fmedia&parent=4208"}],"wp:term":[{"taxonomy":"category","embeddable":true,"href":"https:\/\/noticiasrec.com\/index.php?rest_route=%2Fwp%2Fv2%2Fcategories&post=4208"},{"taxonomy":"post_tag","embeddable":true,"href":"https:\/\/noticiasrec.com\/index.php?rest_route=%2Fwp%2Fv2%2Ftags&post=4208"}],"curies":[{"name":"wp","href":"https:\/\/api.w.org\/{rel}","templated":true}]}}