{"id":4195,"date":"2017-02-13T19:40:50","date_gmt":"2017-02-13T19:40:50","guid":{"rendered":"http:\/\/noticiasrec.com\/?p=4195"},"modified":"2017-02-13T19:40:50","modified_gmt":"2017-02-13T19:40:50","slug":"los-hospitales-de-la-provincia-de-buenos-aires-preparan-un-nuevo-paro","status":"publish","type":"post","link":"https:\/\/noticiasrec.com\/?p=4195","title":{"rendered":"Los hospitales de la provincia de Buenos Aires preparan un nuevo paro"},"content":{"rendered":"<p>La Asociaci\u00f3n Sindical de Profesionales de la Salud de la Provincia de Buenos Aires (CICOP) realizar\u00e1 toda esta semana asambleas en los 80 hospitales bonaerenses, hospitales municipales y centros de salud, para decidir este viernes 17 de febrero en su Congreso de Delegados Provincial (CDP) sobre la continuidad del Plan de Lucha contra las pol\u00edticas Mar\u00eda Eugenia Vidal, que ya lleva cuatro paros, uno a fines de 2016 y tres en 2017.<\/p>\n<p>\u00abLa Gobernadora no cerr\u00f3 la paritaria de salud del \u00faltimo trimestre de 2016, no cumpli\u00f3 algunos de los acuerdos anteriores y quiere imponer adem\u00e1s un incremento de 18 por ciento para todo 2017 que, pasado en limpio, es en realidad un 11 por ciento, algo irrisorio, como la \u00faltima oferta de amento que nos hizo a fines del a\u00f1o pasado, de 98 pesos\u00bb, afirm\u00f3 el Presidente del gremio, Fernando Corsiglia.<\/p>\n<p>Hoy lunes 13 de febrero, el gremio expres\u00f3 mediante un comunicado que \u00abcon una muy alta adhesi\u00f3n, se llev\u00f3 a cabo el martes 7 de este mes una nueva medida de fuerza de CICOP\u00bb. \u00abPese a las amenazas e intentos de amedrentarnos de parte del Gobierno. La firme decisi\u00f3n de luchar por mejores salarios y condiciones laborales, en el marco de la defensa del Derecho a la Salud de la poblaci\u00f3n, es un compromiso asumido\u00bb, agregaron.  <\/p>\n<p>Desde el gremio denunciaron \u00abla falta de convocatoria a paritaria, el incumplimiento de los pases a la planta\u00bb. tambi\u00e9n remarcaron que \u00abel Gobierno intenta cerrar la discusi\u00f3n salarial de 2016 de facto, anulando el di\u00e1logo y desarrollando un perfil autoritario\u00bb. \u00abLa Gobernadora Mar\u00eda Eugenia Vidal y su elenco de funcionarios han tomado una decisi\u00f3n: la Salud P\u00fablica no est\u00e1 dentro de sus prioridades\u00bb, concluyeron.<\/p>\n","protected":false},"excerpt":{"rendered":"<p>La Asociaci\u00f3n Sindical de Profesionales de la Salud de la Provincia de Buenos Aires (CICOP)..<\/p>\n","protected":false},"author":2,"featured_media":4196,"comment_status":"open","ping_status":"open","sticky":false,"template":"","format":"standard","meta":{"footnotes":""},"categories":[2,19,22],"tags":[],"class_list":["post-4195","post","type-post","status-publish","format-standard","has-post-thumbnail","hentry","category-provincia","category-salud","category-sindicales"],"_links":{"self":[{"href":"https:\/\/noticiasrec.com\/index.php?rest_route=\/wp\/v2\/posts\/4195","targetHints":{"allow":["GET"]}}],"collection":[{"href":"https:\/\/noticiasrec.com\/index.php?rest_route=\/wp\/v2\/posts"}],"about":[{"href":"https:\/\/noticiasrec.com\/index.php?rest_route=\/wp\/v2\/types\/post"}],"author":[{"embeddable":true,"href":"https:\/\/noticiasrec.com\/index.php?rest_route=\/wp\/v2\/users\/2"}],"replies":[{"embeddable":true,"href":"https:\/\/noticiasrec.com\/index.php?rest_route=%2Fwp%2Fv2%2Fcomments&post=4195"}],"version-history":[{"count":1,"href":"https:\/\/noticiasrec.com\/index.php?rest_route=\/wp\/v2\/posts\/4195\/revisions"}],"predecessor-version":[{"id":4197,"href":"https:\/\/noticiasrec.com\/index.php?rest_route=\/wp\/v2\/posts\/4195\/revisions\/4197"}],"wp:featuredmedia":[{"embeddable":true,"href":"https:\/\/noticiasrec.com\/index.php?rest_route=\/wp\/v2\/media\/4196"}],"wp:attachment":[{"href":"https:\/\/noticiasrec.com\/index.php?rest_route=%2Fwp%2Fv2%2Fmedia&parent=4195"}],"wp:term":[{"taxonomy":"category","embeddable":true,"href":"https:\/\/noticiasrec.com\/index.php?rest_route=%2Fwp%2Fv2%2Fcategories&post=4195"},{"taxonomy":"post_tag","embeddable":true,"href":"https:\/\/noticiasrec.com\/index.php?rest_route=%2Fwp%2Fv2%2Ftags&post=4195"}],"curies":[{"name":"wp","href":"https:\/\/api.w.org\/{rel}","templated":true}]}}