{"id":4177,"date":"2017-02-07T21:19:32","date_gmt":"2017-02-07T21:19:32","guid":{"rendered":"http:\/\/noticiasrec.com\/?p=4177"},"modified":"2017-02-07T21:19:32","modified_gmt":"2017-02-07T21:19:32","slug":"provincia-ya-esta-disponible-la-nueva-vacuna-contra-el-meningococo","status":"publish","type":"post","link":"https:\/\/noticiasrec.com\/?p=4177","title":{"rendered":"Provincia: Ya est\u00e1 disponible la nueva vacuna contra el meningococo"},"content":{"rendered":"<p>La vacuna est\u00e1 dirigida a las dos franjas de edad m\u00e1s vulnerables frente a esa bacteria que provoca meningitis: por un lado, a beb\u00e9s que cumplen los 3 meses de vida y, por otro, a ni\u00f1as y ni\u00f1os que cumplan 11 a\u00f1os.<\/p>\n<p>La ministra de Salud, Zulma Ortiz, explic\u00f3 que \u201cpara el primer grupo, la inmunizaci\u00f3n completa consta de 3 dosis, a los 3, 5 y 15 meses de edad. En cambio, los ni\u00f1os y ni\u00f1as de 11 a\u00f1os solo requieren una \u00fanica dosis\u201d.<\/p>\n<p>Datos de Control de Enfermedades Inmunoprevenibles (CEI), perteneciente al Instituto \u201cCarlos G. Malbr\u00e1n\u201d, reportaron que en nuestro pa\u00eds se notifican entre 170 y 300 casos de enfermedad meningoc\u00f3cica invasiva (EMI) por a\u00f1o, y el mayor impacto se observa en la poblaci\u00f3n infantil con menos de un a\u00f1os, siendo el grupo menor a 9 meses el m\u00e1s afectado.<\/p>\n<p>Entre 2008 y 2011 se evidenci\u00f3 un aumento de casos de esta enfermedad en la regi\u00f3n y la Organizaci\u00f3n Mundial de la Salud (OMS) se pronunci\u00f3 a favor de la vacunaci\u00f3n como medida de prevenci\u00f3n primaria.<\/p>\n<p>El director de Epidemiolog\u00eda e Informaci\u00f3n Sistematizada del ministerio de Salud de Buenos Aires, Iv\u00e1n Ins\u00faa, explic\u00f3 que \u201cel meningococo es una bacteria que se transmite a trav\u00e9s de las gotitas que se expulsan al hablar toser o estornudar\u201d.<\/p>\n<p>Ins\u00faa explic\u00f3 que esa bacteria provoca enfermedades graves como \u201cla meningitis, que es la inflamaci\u00f3n de las membranas que recubren el cerebro y la m\u00e9dula espinal; sepsis que es una infecci\u00f3n generalizada y cuyas consecuencias pueden dejar secuelas neurol\u00f3gicas irreversibles, como p\u00e9rdida de la audici\u00f3n y discapacidad neurol\u00f3gica, o ser mortal en el 50% de los casos no tratados\u201d.<\/p>\n","protected":false},"excerpt":{"rendered":"<p>La vacuna est\u00e1 dirigida a las dos franjas de edad m\u00e1s vulnerables frente a esa..<\/p>\n","protected":false},"author":2,"featured_media":4178,"comment_status":"open","ping_status":"open","sticky":false,"template":"","format":"standard","meta":{"footnotes":""},"categories":[2,19],"tags":[],"class_list":["post-4177","post","type-post","status-publish","format-standard","has-post-thumbnail","hentry","category-provincia","category-salud"],"_links":{"self":[{"href":"https:\/\/noticiasrec.com\/index.php?rest_route=\/wp\/v2\/posts\/4177","targetHints":{"allow":["GET"]}}],"collection":[{"href":"https:\/\/noticiasrec.com\/index.php?rest_route=\/wp\/v2\/posts"}],"about":[{"href":"https:\/\/noticiasrec.com\/index.php?rest_route=\/wp\/v2\/types\/post"}],"author":[{"embeddable":true,"href":"https:\/\/noticiasrec.com\/index.php?rest_route=\/wp\/v2\/users\/2"}],"replies":[{"embeddable":true,"href":"https:\/\/noticiasrec.com\/index.php?rest_route=%2Fwp%2Fv2%2Fcomments&post=4177"}],"version-history":[{"count":1,"href":"https:\/\/noticiasrec.com\/index.php?rest_route=\/wp\/v2\/posts\/4177\/revisions"}],"predecessor-version":[{"id":4179,"href":"https:\/\/noticiasrec.com\/index.php?rest_route=\/wp\/v2\/posts\/4177\/revisions\/4179"}],"wp:featuredmedia":[{"embeddable":true,"href":"https:\/\/noticiasrec.com\/index.php?rest_route=\/wp\/v2\/media\/4178"}],"wp:attachment":[{"href":"https:\/\/noticiasrec.com\/index.php?rest_route=%2Fwp%2Fv2%2Fmedia&parent=4177"}],"wp:term":[{"taxonomy":"category","embeddable":true,"href":"https:\/\/noticiasrec.com\/index.php?rest_route=%2Fwp%2Fv2%2Fcategories&post=4177"},{"taxonomy":"post_tag","embeddable":true,"href":"https:\/\/noticiasrec.com\/index.php?rest_route=%2Fwp%2Fv2%2Ftags&post=4177"}],"curies":[{"name":"wp","href":"https:\/\/api.w.org\/{rel}","templated":true}]}}