{"id":4156,"date":"2017-01-30T19:51:58","date_gmt":"2017-01-30T19:51:58","guid":{"rendered":"http:\/\/noticiasrec.com\/?p=4156"},"modified":"2017-01-30T19:51:58","modified_gmt":"2017-01-30T19:51:58","slug":"se-va-enero-y-en-la-costa-dicen-que-el-balance-es-muy-bueno","status":"publish","type":"post","link":"https:\/\/noticiasrec.com\/?p=4156","title":{"rendered":"Se va enero y en la Costa dicen que el balance \u201ces muy bueno\u201d"},"content":{"rendered":"<p>Se va el primer mes del a\u00f1o, el m\u00e1s fuerte de la temporada, y los sectores tur\u00edsticos de la costa bonaerense lo despiden con un balance que califican como \u201cpositivo\u201d.<\/p>\n<p>Es que de este primer repaso en los distintos municipios de la Costa Atl\u00e1ntica bonaerense, surgi\u00f3 una ocupaci\u00f3n promedio de 80%, con picos de hasta el 92% en los fines de semana.<\/p>\n<p>Rodrigo Torre, responsable de Turismo del Partido de La Costa, se\u00f1al\u00f3 que \u201ceste primer mes del a\u00f1o ha sido bueno, con un incremento del 80 al 92% de mayor afluencia tur\u00edstica los fines de semana, que es cuando la gente se hace las escapadas cortas. Nuestro distrito cuenta con 14 localidades entre las que se encuentran San Bernardo, Mar del Tuy\u00fa, Santa Teresita, Las Toninas, San Clemente del Tuy\u00fa, Costa Azul, Lucila del Mar, Costa del Este y Costa Chica, que han ofrecido muchas actividades gratuitas, y en promedio tuvimos un 70% de ocupaci\u00f3n, lo que es positivo. Para la primera quincena de febrero las reservas y consultas son muchas y creemos que como los precios bajan, el turismo se va a acrecentar\u201d.<\/p>\n<p>Por su parte, el director de promoci\u00f3n Tur\u00edstica del partido de General Alvarado, (Miramar) Carlos Pagliardini, enfatiz\u00f3 que \u201ceste enero termina teniendo muy buen movimiento tur\u00edstico, con una mayor demanda en el consumo de parte de los visitantes en los supermercados. La primera quincena del mes fue buena, con un 77% de ocupaci\u00f3n (un 2 % m\u00e1s que el a\u00f1o pasado) y los fines de semana se colma la capacidad tanto hotelera como en caba\u00f1as, apart y camping. Podemos decir que en este enero cerramos un mes con un 76% de ocupaci\u00f3n, lo que es una cifra muy alentadora\u201d.<\/p>\n<p>Mientras tanto, Emiliano Felice, Secretario de Turismo de Villa Gesell, sostuvo que \u201cla afluencia de turistas se logr\u00f3 a pesar de que muchos argentinos eligieron destinos como Brasil y Estados Unidos. Las estad\u00edas en Gesell se acortaron ya que antes eran de 10 a 15 d\u00edas y se redujeron a 7 y fines de semana. De todas maneras, y a pesar de los \u00b4bolsillos flacos\u00b4que trajeron los turistas, fuimos manteniendo la tendencia de otros a\u00f1os y cerramos este primer mes del 2017 con un promedio de turistas que ronda el 77%, lo que es una buena cifra\u201d.<\/p>\n<p>En Necochea, en tanto, Eduardo Otero, presidente del Ente de Turismo (Entur), dijo que \u201cel turismo con respecto al a\u00f1o pasado se ha incrementado en un 15%. En este primer mes del a\u00f1o hemos tenido una ocupaci\u00f3n del 80%, lo que es m\u00e1s que positivo, mientras que las reservas para febrero son muchas en apart, c\u00e1mping, hoteles y caba\u00f1as\u201d.<\/p>\n<p>Finalmente, en el caso de Mar del Plata, un sondeo realizado por la Asociaci\u00f3n Empresaria Hotelera Gastron\u00f3mica, indic\u00f3 que \u201cla temporada es similar a la anterior en cuanto a reservas, con estad\u00edas de 3 y 4 noches. Solo en los hoteles de mayor categor\u00eda (5*) se da una estad\u00eda m\u00e1s prolongada. En promedio, en la segunda quincena del mes se podr\u00eda decir que la ocupaci\u00f3n fue del 82%\u201d.<\/p>\n","protected":false},"excerpt":{"rendered":"<p>Se va el primer mes del a\u00f1o, el m\u00e1s fuerte de la temporada, y los..<\/p>\n","protected":false},"author":2,"featured_media":4157,"comment_status":"open","ping_status":"open","sticky":false,"template":"","format":"standard","meta":{"footnotes":""},"categories":[2,5],"tags":[],"class_list":["post-4156","post","type-post","status-publish","format-standard","has-post-thumbnail","hentry","category-provincia","category-sociedad"],"_links":{"self":[{"href":"https:\/\/noticiasrec.com\/index.php?rest_route=\/wp\/v2\/posts\/4156","targetHints":{"allow":["GET"]}}],"collection":[{"href":"https:\/\/noticiasrec.com\/index.php?rest_route=\/wp\/v2\/posts"}],"about":[{"href":"https:\/\/noticiasrec.com\/index.php?rest_route=\/wp\/v2\/types\/post"}],"author":[{"embeddable":true,"href":"https:\/\/noticiasrec.com\/index.php?rest_route=\/wp\/v2\/users\/2"}],"replies":[{"embeddable":true,"href":"https:\/\/noticiasrec.com\/index.php?rest_route=%2Fwp%2Fv2%2Fcomments&post=4156"}],"version-history":[{"count":1,"href":"https:\/\/noticiasrec.com\/index.php?rest_route=\/wp\/v2\/posts\/4156\/revisions"}],"predecessor-version":[{"id":4158,"href":"https:\/\/noticiasrec.com\/index.php?rest_route=\/wp\/v2\/posts\/4156\/revisions\/4158"}],"wp:featuredmedia":[{"embeddable":true,"href":"https:\/\/noticiasrec.com\/index.php?rest_route=\/wp\/v2\/media\/4157"}],"wp:attachment":[{"href":"https:\/\/noticiasrec.com\/index.php?rest_route=%2Fwp%2Fv2%2Fmedia&parent=4156"}],"wp:term":[{"taxonomy":"category","embeddable":true,"href":"https:\/\/noticiasrec.com\/index.php?rest_route=%2Fwp%2Fv2%2Fcategories&post=4156"},{"taxonomy":"post_tag","embeddable":true,"href":"https:\/\/noticiasrec.com\/index.php?rest_route=%2Fwp%2Fv2%2Ftags&post=4156"}],"curies":[{"name":"wp","href":"https:\/\/api.w.org\/{rel}","templated":true}]}}