{"id":21103,"date":"2026-09-04T11:43:50","date_gmt":"2026-09-04T11:43:50","guid":{"rendered":"https:\/\/noticiasrec.com\/?p=21103"},"modified":"2026-09-04T11:43:50","modified_gmt":"2026-09-04T11:43:50","slug":"nardini-y-unac-coincidieron-en-la-importancia-de-la-cultura-para-el-futuro","status":"publish","type":"post","link":"https:\/\/noticiasrec.com\/?p=21103","title":{"rendered":"Nardini y U\u00f1ac coincidieron en la importancia de la cultura para el futuro"},"content":{"rendered":"\n<p class=\"wp-block-paragraph\"><strong>04 de Septiembre 2026<\/strong> <\/p>\n\n\n\n<p class=\"wp-block-paragraph\"><strong>El intendente recibi\u00f3 en Malvinas Argentinas al senador nacional, Sergio U\u00f1ac, y junto al diputado provincial Luis Vivona, recorrieron los avances de obra del futuro teatro municipal. El senador elogi\u00f3 la gesti\u00f3n de Nardini y la decisi\u00f3n pol\u00edtica de dar continuidad a pol\u00edticas p\u00fablicas con perspectiva de futuro, como la obra p\u00fablica poniendo en el centro al desarrollo social y econ\u00f3mico.<\/strong><\/p>\n\n\n\n<p class=\"wp-block-paragraph\">El intendente Leo Nardini recibi\u00f3 al senador nacional por San Juan, Sergio U\u00f1ac, y en una visita de la que tambi\u00e9n particip\u00f3 el diputado provincial Luis Vivona, recorrieron la obra del Teatro Municipal, actualmente en etapas avanzadas de construcci\u00f3n.<\/p>\n\n\n\n<div class=\"wp-block-columns is-layout-flex wp-container-core-columns-is-layout-8f761849 wp-block-columns-is-layout-flex\">\n<div class=\"wp-block-column is-layout-flow wp-block-column-is-layout-flow\">\n<figure class=\"wp-block-image size-large\"><a href=\"https:\/\/noticiasrec.com\/wp-content\/uploads\/2026\/09\/WhatsApp-Image-2026-09-03-at-7.09.15-PM-1.jpeg\"><img loading=\"lazy\" decoding=\"async\" width=\"1024\" height=\"683\" src=\"https:\/\/noticiasrec.com\/wp-content\/uploads\/2026\/09\/WhatsApp-Image-2026-09-03-at-7.09.15-PM-1-1024x683.jpeg\" alt=\"\" class=\"wp-image-21104\" srcset=\"https:\/\/noticiasrec.com\/wp-content\/uploads\/2026\/09\/WhatsApp-Image-2026-09-03-at-7.09.15-PM-1-1024x683.jpeg 1024w, https:\/\/noticiasrec.com\/wp-content\/uploads\/2026\/09\/WhatsApp-Image-2026-09-03-at-7.09.15-PM-1-300x200.jpeg 300w, https:\/\/noticiasrec.com\/wp-content\/uploads\/2026\/09\/WhatsApp-Image-2026-09-03-at-7.09.15-PM-1-767x512.jpeg 767w, https:\/\/noticiasrec.com\/wp-content\/uploads\/2026\/09\/WhatsApp-Image-2026-09-03-at-7.09.15-PM-1.jpeg 1280w\" sizes=\"auto, (max-width: 1024px) 100vw, 1024px\" \/><\/a><\/figure>\n<\/div>\n\n\n\n<div class=\"wp-block-column is-layout-flow wp-block-column-is-layout-flow\">\n<figure class=\"wp-block-image size-large\"><a href=\"https:\/\/noticiasrec.com\/wp-content\/uploads\/2026\/09\/WhatsApp-Image-2026-09-03-at-7.09.16-PM-1.jpeg\"><img loading=\"lazy\" decoding=\"async\" width=\"1024\" height=\"683\" src=\"https:\/\/noticiasrec.com\/wp-content\/uploads\/2026\/09\/WhatsApp-Image-2026-09-03-at-7.09.16-PM-1-1024x683.jpeg\" alt=\"\" class=\"wp-image-21105\" srcset=\"https:\/\/noticiasrec.com\/wp-content\/uploads\/2026\/09\/WhatsApp-Image-2026-09-03-at-7.09.16-PM-1-1024x683.jpeg 1024w, https:\/\/noticiasrec.com\/wp-content\/uploads\/2026\/09\/WhatsApp-Image-2026-09-03-at-7.09.16-PM-1-300x200.jpeg 300w, https:\/\/noticiasrec.com\/wp-content\/uploads\/2026\/09\/WhatsApp-Image-2026-09-03-at-7.09.16-PM-1-767x512.jpeg 767w, https:\/\/noticiasrec.com\/wp-content\/uploads\/2026\/09\/WhatsApp-Image-2026-09-03-at-7.09.16-PM-1.jpeg 1280w\" sizes=\"auto, (max-width: 1024px) 100vw, 1024px\" \/><\/a><\/figure>\n<\/div>\n<\/div>\n\n\n\n<p class=\"wp-block-paragraph\"><br>El encuentro reafirm\u00f3 la coincidencia pol\u00edtica entre ambos dirigentes, quienes comparten la visi\u00f3n de que la obra p\u00fablica y la generaci\u00f3n de empleo son pilares para el desarrollo social y econ\u00f3mico. Nardini destac\u00f3 la trayectoria de U\u00f1ac: \u201cSergio tiene el valor agregado de haber hecho toda la escalerita, la escuela que se necesita para esto: haber sido intendente, gobernador, y entender la importancia que tienen los intendentes e intendentas a lo largo y a lo ancho del pa\u00eds\u201d.<\/p>\n\n\n\n<figure class=\"wp-block-image size-large\"><a href=\"https:\/\/noticiasrec.com\/wp-content\/uploads\/2026\/09\/WhatsApp-Image-2026-09-03-at-7.09.16-PM.jpeg\"><img loading=\"lazy\" decoding=\"async\" width=\"1024\" height=\"683\" src=\"https:\/\/noticiasrec.com\/wp-content\/uploads\/2026\/09\/WhatsApp-Image-2026-09-03-at-7.09.16-PM-1024x683.jpeg\" alt=\"\" class=\"wp-image-21106\" srcset=\"https:\/\/noticiasrec.com\/wp-content\/uploads\/2026\/09\/WhatsApp-Image-2026-09-03-at-7.09.16-PM-1024x683.jpeg 1024w, https:\/\/noticiasrec.com\/wp-content\/uploads\/2026\/09\/WhatsApp-Image-2026-09-03-at-7.09.16-PM-300x200.jpeg 300w, https:\/\/noticiasrec.com\/wp-content\/uploads\/2026\/09\/WhatsApp-Image-2026-09-03-at-7.09.16-PM-767x512.jpeg 767w, https:\/\/noticiasrec.com\/wp-content\/uploads\/2026\/09\/WhatsApp-Image-2026-09-03-at-7.09.16-PM.jpeg 1280w\" sizes=\"auto, (max-width: 1024px) 100vw, 1024px\" \/><\/a><\/figure>\n\n\n\n<p class=\"wp-block-paragraph\"><br>Por su parte, U\u00f1ac elogi\u00f3 la gesti\u00f3n local y el impacto cultural del proyecto: \u201cAdmiro la gesti\u00f3n que lleva a cabo Leo en Malvinas. Este polo de desarrollo cultural va a significar un antes y un despu\u00e9s. El municipalismo es mucho m\u00e1s que servicios esenciales: es trabajo, industria, bienestar y cultura. Cuando hay gesti\u00f3n, administraci\u00f3n y orden, estas cosas pueden ser una realidad, y los vecinos viven mucho mejor\u201d.<\/p>\n\n\n\n<p class=\"wp-block-paragraph\"><br>Durante la recorrida, el intendente subray\u00f3 que la identificaci\u00f3n entre ambos responde a la posibilidad &nbsp;de dar continuidad a las obras a partir de una administraci\u00f3n responsable: \u201cSe trata de administrar con orden fiscal, algo que en Malvinas venimos sosteniendo hace diez a\u00f1os. Ese orden, pensado con la gente adentro, nos permite generar trabajo, cultura y expectativa de futuro\u201d.<\/p>\n\n\n\n<p class=\"wp-block-paragraph\"><br>Ambos dirigentes coincidieron en se\u00f1alar la dif\u00edcil situaci\u00f3n que atraviesan las familias argentinas, marcada por la ca\u00edda de salarios, la morosidad y la falta de empleo, con consecuencias sociales y de salud mental. Tambi\u00e9n remarcaron la necesidad de retomar pol\u00edticas p\u00fablicas duraderas que impulsen infraestructura y desarrollo comunitario.<\/p>\n\n\n\n<p class=\"wp-block-paragraph\"><br>Al terminar la jornada Nardini concluy\u00f3: \u201cEso es lo que Sergio puede ver de primera mano, y que muchos desarrollan a lo largo del pa\u00eds. Vamos a poner nuestro granito de arena para construir la Argentina que queremos, la provincia de Buenos Aires que necesitamos y seguir apostando al desarrollo de Malvinas Argentinas\u201d. <\/p>\n","protected":false},"excerpt":{"rendered":"<p>04 de Septiembre 2026 El intendente recibi\u00f3 en Malvinas Argentinas al senador nacional, Sergio U\u00f1ac,..<\/p>\n","protected":false},"author":2,"featured_media":21104,"comment_status":"open","ping_status":"open","sticky":false,"template":"","format":"standard","meta":{"footnotes":""},"categories":[9,3,4],"tags":[],"class_list":["post-21103","post","type-post","status-publish","format-standard","has-post-thumbnail","hentry","category-malvinas-argentinas","category-municipios","category-politica"],"_links":{"self":[{"href":"https:\/\/noticiasrec.com\/index.php?rest_route=\/wp\/v2\/posts\/21103","targetHints":{"allow":["GET"]}}],"collection":[{"href":"https:\/\/noticiasrec.com\/index.php?rest_route=\/wp\/v2\/posts"}],"about":[{"href":"https:\/\/noticiasrec.com\/index.php?rest_route=\/wp\/v2\/types\/post"}],"author":[{"embeddable":true,"href":"https:\/\/noticiasrec.com\/index.php?rest_route=\/wp\/v2\/users\/2"}],"replies":[{"embeddable":true,"href":"https:\/\/noticiasrec.com\/index.php?rest_route=%2Fwp%2Fv2%2Fcomments&post=21103"}],"version-history":[{"count":1,"href":"https:\/\/noticiasrec.com\/index.php?rest_route=\/wp\/v2\/posts\/21103\/revisions"}],"predecessor-version":[{"id":21107,"href":"https:\/\/noticiasrec.com\/index.php?rest_route=\/wp\/v2\/posts\/21103\/revisions\/21107"}],"wp:featuredmedia":[{"embeddable":true,"href":"https:\/\/noticiasrec.com\/index.php?rest_route=\/wp\/v2\/media\/21104"}],"wp:attachment":[{"href":"https:\/\/noticiasrec.com\/index.php?rest_route=%2Fwp%2Fv2%2Fmedia&parent=21103"}],"wp:term":[{"taxonomy":"category","embeddable":true,"href":"https:\/\/noticiasrec.com\/index.php?rest_route=%2Fwp%2Fv2%2Fcategories&post=21103"},{"taxonomy":"post_tag","embeddable":true,"href":"https:\/\/noticiasrec.com\/index.php?rest_route=%2Fwp%2Fv2%2Ftags&post=21103"}],"curies":[{"name":"wp","href":"https:\/\/api.w.org\/{rel}","templated":true}]}}