{"id":21099,"date":"2026-09-03T19:59:58","date_gmt":"2026-09-03T19:59:58","guid":{"rendered":"https:\/\/noticiasrec.com\/?p=21099"},"modified":"2026-09-03T19:59:58","modified_gmt":"2026-09-03T19:59:58","slug":"san-fernando-recibira-al-29-encuentro-nacional-de-artesanos-con-cuti-y-roberto-carabajal","status":"publish","type":"post","link":"https:\/\/noticiasrec.com\/?p=21099","title":{"rendered":"San Fernando recibir\u00e1 al 29\u00b0 Encuentro Nacional de Artesanos, con Cuti y Roberto Carabajal"},"content":{"rendered":"\n<p class=\"wp-block-paragraph\"><strong>03 de Septiembre 2026<\/strong><\/p>\n\n\n\n<p class=\"wp-block-paragraph\"><strong>Se realizar\u00e1 del 9 al 13 de septiembre en la plaza Mitre (Madero y Constituci\u00f3n), donde m\u00e1s de 150 artesanos de todo el pa\u00eds exhibir\u00e1n trabajos de cester\u00eda, cer\u00e1mica, cuchiller\u00eda, cuero, porcelana, joyer\u00eda en plata y alpaca, juguetes de madera, vitrofusi\u00f3n, tejidos e indumentaria, entre otros. Los espect\u00e1culos diarios para disfrutar en familia con entrada libre y gratuita, cerrar\u00e1n el domingo 13 con la presentaci\u00f3n de los folkloristas Cuti y Roberto Carabajal.<\/strong><\/p>\n\n\n\n<figure class=\"wp-block-image size-full\"><a href=\"https:\/\/noticiasrec.com\/wp-content\/uploads\/2026\/09\/img_8987-1.jpg\"><img loading=\"lazy\" decoding=\"async\" width=\"768\" height=\"590\" src=\"https:\/\/noticiasrec.com\/wp-content\/uploads\/2026\/09\/img_8987-1.jpg\" alt=\"\" class=\"wp-image-21100\" srcset=\"https:\/\/noticiasrec.com\/wp-content\/uploads\/2026\/09\/img_8987-1.jpg 768w, https:\/\/noticiasrec.com\/wp-content\/uploads\/2026\/09\/img_8987-1-300x230.jpg 300w\" sizes=\"auto, (max-width: 768px) 100vw, 768px\" \/><\/a><\/figure>\n\n\n\n<p class=\"wp-block-paragraph\">Del mi\u00e9rcoles 9 hasta el domingo 13 de septiembre, de 10 a 21 horas en la c\u00e9ntrica Plaza Mitre de San Fernando, se realizar\u00e1 el 29\u00b0 Encuentro Nacional de Artesanos, con stands donde se presentar\u00e1n las mejores artesan\u00edas del pa\u00eds, adem\u00e1s de espect\u00e1culos culturales para toda la familia, que cerrar\u00e1n el domingo 13 a las 18 horas con los ic\u00f3nicos folkloristas Cuti y Roberto Carabajal.<\/p>\n\n\n\n<p class=\"wp-block-paragraph\">La programaci\u00f3n prevista es la siguiente:<\/p>\n\n\n\n<p class=\"wp-block-paragraph\">Jueves 10 \u2013 Rock<\/p>\n\n\n\n<p class=\"wp-block-paragraph\">Clase abierta con Luis Fern\u00e1ndez<br>DJ Eli Meaurio<br>Taller de Rock con Bel\u00e9n C\u00e1ceres<br>Espect\u00e1culo de danza con Daniel Castillo<br>Cierre: Lun\u00e1ticos Rufianes<\/p>\n\n\n\n<p class=\"wp-block-paragraph\">Viernes 11 \u2013 Salsa y Bachata<\/p>\n\n\n\n<p class=\"wp-block-paragraph\">Clase abierta con Luis Barros y Alejandra Doradau<br>DJ Eli Meaurio<br>Clase de Wilson D\u00edaz<br>Shows del Grupo Coreogr\u00e1fico de Ritmos Latinos<br>Cover Play<br>Taller Municipal de Salsa<br>Espect\u00e1culo de danza con Male Femme<br>Bachata Duca.<br>Cierre: Tomy D\u00edaz<\/p>\n\n\n\n<p class=\"wp-block-paragraph\">S\u00e1bado 12 \u2013 Variet\u00e9<\/p>\n\n\n\n<p class=\"wp-block-paragraph\">Tio Payaso con Magia<br>La Cuartada<br>El Ceibal<br>La Belice y Lauti Silveira<br>Lo que Vendr\u00e1 Tango<br>Talleres Municipales de Folklore<br>Elenco Municipal de Danzas Adultos<br>La Summer Band<br>Academia Giseh<br>Estudio de Danzas Aldana Figueroa<br>La Cofrad\u00eda<br>El Viaje<br>Misa<br>Cierre: Sin Repuesto<\/p>\n\n\n\n<p class=\"wp-block-paragraph\">Domingo 13 \u2013 Pe\u00f1a<\/p>\n\n\n\n<p class=\"wp-block-paragraph\">Danzarte<br>El Ceibal<br>Gustavo M\u00fasico<br>Andr\u00e9s y Marcela<br>Taller de danzas Nueva Victoria<br>Los \u00c1lvarez<br>Omar Rold\u00e1n<br>La Forestal<br>Elenco Municipal de Danzas Adultos<br>Juan Acosta y La Instrumental<br>Entrega de diplomas y sorteo.<\/p>\n\n\n\n<p class=\"wp-block-paragraph\">18 horas: cierre a cargo de los folkloristas Cuti y Roberto Carabajal.<\/p>\n\n\n\n<p class=\"wp-block-paragraph\">Cabe destacar que todos los eventos programados son con entrada libre y gratuita, para disfrutar en familia. En caso de lluvia o mal tiempo, podr\u00edan ser reprogramados con fechas a definir. <\/p>\n\n\n\n<p class=\"wp-block-paragraph\"><\/p>\n","protected":false},"excerpt":{"rendered":"<p>03 de Septiembre 2026 Se realizar\u00e1 del 9 al 13 de septiembre en la plaza..<\/p>\n","protected":false},"author":2,"featured_media":0,"comment_status":"open","ping_status":"open","sticky":false,"template":"","format":"standard","meta":{"footnotes":""},"categories":[6,3,72,1397],"tags":[],"class_list":["post-21099","post","type-post","status-publish","format-standard","hentry","category-cultura-y-espectaculos","category-municipios","category-san-fernando","category-san-fernando-municipios"],"_links":{"self":[{"href":"https:\/\/noticiasrec.com\/index.php?rest_route=\/wp\/v2\/posts\/21099","targetHints":{"allow":["GET"]}}],"collection":[{"href":"https:\/\/noticiasrec.com\/index.php?rest_route=\/wp\/v2\/posts"}],"about":[{"href":"https:\/\/noticiasrec.com\/index.php?rest_route=\/wp\/v2\/types\/post"}],"author":[{"embeddable":true,"href":"https:\/\/noticiasrec.com\/index.php?rest_route=\/wp\/v2\/users\/2"}],"replies":[{"embeddable":true,"href":"https:\/\/noticiasrec.com\/index.php?rest_route=%2Fwp%2Fv2%2Fcomments&post=21099"}],"version-history":[{"count":1,"href":"https:\/\/noticiasrec.com\/index.php?rest_route=\/wp\/v2\/posts\/21099\/revisions"}],"predecessor-version":[{"id":21101,"href":"https:\/\/noticiasrec.com\/index.php?rest_route=\/wp\/v2\/posts\/21099\/revisions\/21101"}],"wp:attachment":[{"href":"https:\/\/noticiasrec.com\/index.php?rest_route=%2Fwp%2Fv2%2Fmedia&parent=21099"}],"wp:term":[{"taxonomy":"category","embeddable":true,"href":"https:\/\/noticiasrec.com\/index.php?rest_route=%2Fwp%2Fv2%2Fcategories&post=21099"},{"taxonomy":"post_tag","embeddable":true,"href":"https:\/\/noticiasrec.com\/index.php?rest_route=%2Fwp%2Fv2%2Ftags&post=21099"}],"curies":[{"name":"wp","href":"https:\/\/api.w.org\/{rel}","templated":true}]}}