{"id":21095,"date":"2026-09-02T21:26:09","date_gmt":"2026-09-02T21:26:09","guid":{"rendered":"https:\/\/noticiasrec.com\/?p=21095"},"modified":"2026-09-02T21:26:09","modified_gmt":"2026-09-02T21:26:09","slug":"mario-ishii-visito-a-cristina-fernandez-de-kirchner-y-le-entrego-un-regalo-realizado-por-militantes-pacenas","status":"publish","type":"post","link":"https:\/\/noticiasrec.com\/?p=21095","title":{"rendered":"Mario Ishii visit\u00f3 a Cristina Fern\u00e1ndez de Kirchner y le entreg\u00f3 un regalo realizado por militantes pace\u00f1as"},"content":{"rendered":"\n<p class=\"wp-block-paragraph\"><strong>02 de Septiembre 2026<\/strong><\/p>\n\n\n\n<p class=\"wp-block-paragraph\">El senador provincial Mario Ishii visit\u00f3 a la ex presidenta Cristina Fern\u00e1ndez de Kirchner y comparti\u00f3 el encuentro a trav\u00e9s de sus redes sociales, donde expres\u00f3 su respaldo y afecto hacia la dirigente peronista.<\/p>\n\n\n\n<p class=\"wp-block-paragraph\">A trav\u00e9s de una publicaci\u00f3n en la red social X, Ishii manifest\u00f3: \u201cCon mucha alegr\u00eda visit\u00e9 a mi amiga y compa\u00f1era, la presidenta Cristina Fern\u00e1ndez de Kirchner, injustamente privada de su libertad. Le llev\u00e9 de regalo un cuadro que hicieron las compa\u00f1eras de Jos\u00e9 C. Paz. Dios la cuide siempre. Todos sabemos que es inocente\u201d.<\/p>\n\n\n\n<figure class=\"wp-block-image size-full is-resized\"><a href=\"https:\/\/noticiasrec.com\/wp-content\/uploads\/2026\/09\/WhatsApp-Image-2026-09-02-at-3.27.44-PM.jpeg\"><img loading=\"lazy\" decoding=\"async\" width=\"883\" height=\"927\" src=\"https:\/\/noticiasrec.com\/wp-content\/uploads\/2026\/09\/WhatsApp-Image-2026-09-02-at-3.27.44-PM.jpeg\" alt=\"\" class=\"wp-image-21096\" style=\"aspect-ratio:0.9525665786629339;width:568px;height:auto\" srcset=\"https:\/\/noticiasrec.com\/wp-content\/uploads\/2026\/09\/WhatsApp-Image-2026-09-02-at-3.27.44-PM.jpeg 883w, https:\/\/noticiasrec.com\/wp-content\/uploads\/2026\/09\/WhatsApp-Image-2026-09-02-at-3.27.44-PM-286x300.jpeg 286w, https:\/\/noticiasrec.com\/wp-content\/uploads\/2026\/09\/WhatsApp-Image-2026-09-02-at-3.27.44-PM-768x806.jpeg 768w\" sizes=\"auto, (max-width: 883px) 100vw, 883px\" \/><\/a><\/figure>\n\n\n\n<p class=\"wp-block-paragraph\">Durante la visita, el dirigente pace\u00f1o le obsequi\u00f3 una obra realizada por militantes de Jos\u00e9 C. Paz, gesto que, seg\u00fan expres\u00f3, simboliza el acompa\u00f1amiento y el cari\u00f1o de numerosos vecinos y militantes del distrito hacia la ex mandataria.<\/p>\n\n\n\n<p class=\"wp-block-paragraph\">La publicaci\u00f3n gener\u00f3 repercusi\u00f3n entre dirigentes, militantes y seguidores del espacio pol\u00edtico, en un contexto en el que distintos referentes del peronismo contin\u00faan expresando su apoyo a Cristina Fern\u00e1ndez de Kirchner. Ishii viene manifestando p\u00fablicamente su respaldo a la ex presidenta y ha sostenido en reiteradas oportunidades su postura respecto de la situaci\u00f3n judicial que atraviesa la l\u00edder justicialista.<\/p>\n\n\n\n<p class=\"wp-block-paragraph\">El encuentro se suma a las visitas y muestras de apoyo que recibe la ex mandataria desde distintos sectores del peronismo, mientras contin\u00faa cumpliendo prisi\u00f3n domiciliaria tras la confirmaci\u00f3n de la condena en la causa Vialidad. <\/p>\n\n\n\n<p class=\"wp-block-paragraph\"><\/p>\n","protected":false},"excerpt":{"rendered":"<p>02 de Septiembre 2026 El senador provincial Mario Ishii visit\u00f3 a la ex presidenta Cristina..<\/p>\n","protected":false},"author":2,"featured_media":21096,"comment_status":"open","ping_status":"open","sticky":false,"template":"","format":"standard","meta":{"footnotes":""},"categories":[10,3,31],"tags":[],"class_list":["post-21095","post","type-post","status-publish","format-standard","has-post-thumbnail","hentry","category-jose-c-paz","category-municipios","category-nacionales"],"_links":{"self":[{"href":"https:\/\/noticiasrec.com\/index.php?rest_route=\/wp\/v2\/posts\/21095","targetHints":{"allow":["GET"]}}],"collection":[{"href":"https:\/\/noticiasrec.com\/index.php?rest_route=\/wp\/v2\/posts"}],"about":[{"href":"https:\/\/noticiasrec.com\/index.php?rest_route=\/wp\/v2\/types\/post"}],"author":[{"embeddable":true,"href":"https:\/\/noticiasrec.com\/index.php?rest_route=\/wp\/v2\/users\/2"}],"replies":[{"embeddable":true,"href":"https:\/\/noticiasrec.com\/index.php?rest_route=%2Fwp%2Fv2%2Fcomments&post=21095"}],"version-history":[{"count":1,"href":"https:\/\/noticiasrec.com\/index.php?rest_route=\/wp\/v2\/posts\/21095\/revisions"}],"predecessor-version":[{"id":21097,"href":"https:\/\/noticiasrec.com\/index.php?rest_route=\/wp\/v2\/posts\/21095\/revisions\/21097"}],"wp:featuredmedia":[{"embeddable":true,"href":"https:\/\/noticiasrec.com\/index.php?rest_route=\/wp\/v2\/media\/21096"}],"wp:attachment":[{"href":"https:\/\/noticiasrec.com\/index.php?rest_route=%2Fwp%2Fv2%2Fmedia&parent=21095"}],"wp:term":[{"taxonomy":"category","embeddable":true,"href":"https:\/\/noticiasrec.com\/index.php?rest_route=%2Fwp%2Fv2%2Fcategories&post=21095"},{"taxonomy":"post_tag","embeddable":true,"href":"https:\/\/noticiasrec.com\/index.php?rest_route=%2Fwp%2Fv2%2Ftags&post=21095"}],"curies":[{"name":"wp","href":"https:\/\/api.w.org\/{rel}","templated":true}]}}