{"id":21085,"date":"2026-09-02T15:27:11","date_gmt":"2026-09-02T15:27:11","guid":{"rendered":"https:\/\/noticiasrec.com\/?p=21085"},"modified":"2026-09-02T15:27:11","modified_gmt":"2026-09-02T15:27:11","slug":"comenzo-la-primera-cohorte-del-curso-pai-municipal","status":"publish","type":"post","link":"https:\/\/noticiasrec.com\/?p=21085","title":{"rendered":"Comenz\u00f3 la primera cohorte del Curso Pai Municipal"},"content":{"rendered":"\n<p class=\"wp-block-paragraph\"><strong>02 de Septiembre 2026<\/strong><\/p>\n\n\n\n<p class=\"wp-block-paragraph\"><strong>Con gran entusiasmo se dio inicio a la primera cohorte del Curso PAI (Programa Ampliado de Inmunizaci\u00f3n Municipal), una propuesta de capacitaci\u00f3n destinada a fortalecer y jerarquizar los conocimientos de los equipos de salud vinculados a la vacunaci\u00f3n y a las estrategias de prevenci\u00f3n de enfermedades inmunoprevenibles.<\/strong><\/p>\n\n\n\n<p class=\"wp-block-paragraph\">Con gran entusiasmo se dio inicio a la primera cohorte del Curso PAI (Programa Ampliado de Inmunizaci\u00f3n Municipal), una propuesta de capacitaci\u00f3n destinada a fortalecer y jerarquizar los conocimientos de los equipos de salud vinculados a la vacunaci\u00f3n y a las estrategias de prevenci\u00f3n de enfermedades inmunoprevenibles.<\/p>\n\n\n\n<div class=\"wp-block-columns is-layout-flex wp-container-core-columns-is-layout-8f761849 wp-block-columns-is-layout-flex\">\n<div class=\"wp-block-column is-layout-flow wp-block-column-is-layout-flow\">\n<figure class=\"wp-block-image size-full\"><a href=\"https:\/\/noticiasrec.com\/wp-content\/uploads\/2026\/09\/WhatsApp-Image-2026-08-31-at-3.19.34-PM.jpeg\"><img loading=\"lazy\" decoding=\"async\" width=\"960\" height=\"960\" src=\"https:\/\/noticiasrec.com\/wp-content\/uploads\/2026\/09\/WhatsApp-Image-2026-08-31-at-3.19.34-PM.jpeg\" alt=\"\" class=\"wp-image-21086\" srcset=\"https:\/\/noticiasrec.com\/wp-content\/uploads\/2026\/09\/WhatsApp-Image-2026-08-31-at-3.19.34-PM.jpeg 960w, https:\/\/noticiasrec.com\/wp-content\/uploads\/2026\/09\/WhatsApp-Image-2026-08-31-at-3.19.34-PM-150x150.jpeg 150w, https:\/\/noticiasrec.com\/wp-content\/uploads\/2026\/09\/WhatsApp-Image-2026-08-31-at-3.19.34-PM-300x300.jpeg 300w, https:\/\/noticiasrec.com\/wp-content\/uploads\/2026\/09\/WhatsApp-Image-2026-08-31-at-3.19.34-PM-768x768.jpeg 768w, https:\/\/noticiasrec.com\/wp-content\/uploads\/2026\/09\/WhatsApp-Image-2026-08-31-at-3.19.34-PM-70x70.jpeg 70w\" sizes=\"auto, (max-width: 960px) 100vw, 960px\" \/><\/a><\/figure>\n<\/div>\n\n\n\n<div class=\"wp-block-column is-layout-flow wp-block-column-is-layout-flow\">\n<figure class=\"wp-block-image size-full\"><a href=\"https:\/\/noticiasrec.com\/wp-content\/uploads\/2026\/09\/WhatsApp-Image-2026-08-31-at-3.19.35-PM.jpeg\"><img loading=\"lazy\" decoding=\"async\" width=\"720\" height=\"720\" src=\"https:\/\/noticiasrec.com\/wp-content\/uploads\/2026\/09\/WhatsApp-Image-2026-08-31-at-3.19.35-PM.jpeg\" alt=\"\" class=\"wp-image-21087\" srcset=\"https:\/\/noticiasrec.com\/wp-content\/uploads\/2026\/09\/WhatsApp-Image-2026-08-31-at-3.19.35-PM.jpeg 720w, https:\/\/noticiasrec.com\/wp-content\/uploads\/2026\/09\/WhatsApp-Image-2026-08-31-at-3.19.35-PM-150x150.jpeg 150w, https:\/\/noticiasrec.com\/wp-content\/uploads\/2026\/09\/WhatsApp-Image-2026-08-31-at-3.19.35-PM-70x70.jpeg 70w, https:\/\/noticiasrec.com\/wp-content\/uploads\/2026\/09\/WhatsApp-Image-2026-08-31-at-3.19.35-PM-300x300.jpeg 300w\" sizes=\"auto, (max-width: 720px) 100vw, 720px\" \/><\/a><\/figure>\n<\/div>\n<\/div>\n\n\n\n<p class=\"wp-block-paragraph\">Esta primera cohorte representa un paso muy importante para el Municipio, ya que tiene como objetivo brindar una formaci\u00f3n te\u00f3rica y pr\u00e1ctica, actualizada y de calidad, que permita a los profesionales y estudiantes fortalecer sus competencias en materia de inmunizaci\u00f3n, manejo de vacunas, cadena de fr\u00edo, esquemas de vacunaci\u00f3n, vigilancia epidemiol\u00f3gica y estrategias para mejorar las coberturas en la comunidad.<\/p>\n\n\n\n<figure class=\"wp-block-image size-full\"><a href=\"https:\/\/noticiasrec.com\/wp-content\/uploads\/2026\/09\/WhatsApp-Image-2026-08-31-at-3.19.34-PM-1.jpeg\"><img loading=\"lazy\" decoding=\"async\" width=\"720\" height=\"720\" src=\"https:\/\/noticiasrec.com\/wp-content\/uploads\/2026\/09\/WhatsApp-Image-2026-08-31-at-3.19.34-PM-1.jpeg\" alt=\"\" class=\"wp-image-21088\" srcset=\"https:\/\/noticiasrec.com\/wp-content\/uploads\/2026\/09\/WhatsApp-Image-2026-08-31-at-3.19.34-PM-1.jpeg 720w, https:\/\/noticiasrec.com\/wp-content\/uploads\/2026\/09\/WhatsApp-Image-2026-08-31-at-3.19.34-PM-1-300x300.jpeg 300w, https:\/\/noticiasrec.com\/wp-content\/uploads\/2026\/09\/WhatsApp-Image-2026-08-31-at-3.19.34-PM-1-70x70.jpeg 70w, https:\/\/noticiasrec.com\/wp-content\/uploads\/2026\/09\/WhatsApp-Image-2026-08-31-at-3.19.34-PM-1-150x150.jpeg 150w\" sizes=\"auto, (max-width: 720px) 100vw, 720px\" \/><\/a><\/figure>\n\n\n\n<p class=\"wp-block-paragraph\">El comienzo de esta capacitaci\u00f3n refleja el compromiso de la gesti\u00f3n municipal con la formaci\u00f3n permanente de sus trabajadores de salud, entendiendo que contar con equipos capacitados es fundamental para garantizar una atenci\u00f3n segura, oportuna y de calidad. A su vez, constituye una oportunidad para compartir experiencias, actualizar conocimientos y construir herramientas que puedan ser aplicadas en los distintos efectores y en el territorio.<\/p>\n\n\n\n<p class=\"wp-block-paragraph\">La primera cohorte del PAI Municipal marca as\u00ed el inicio de un proyecto que busca trascender la capacitaci\u00f3n y consolidarse como una verdadera estrategia de fortalecimiento de la salud p\u00fablica, promoviendo el trabajo en equipo, la prevenci\u00f3n y el acceso equitativo a la vacunaci\u00f3n para toda la comunidad. <\/p>\n","protected":false},"excerpt":{"rendered":"<p>02 de Septiembre 2026 Con gran entusiasmo se dio inicio a la primera cohorte del..<\/p>\n","protected":false},"author":2,"featured_media":21086,"comment_status":"open","ping_status":"open","sticky":false,"template":"","format":"standard","meta":{"footnotes":""},"categories":[10,3,19],"tags":[],"class_list":["post-21085","post","type-post","status-publish","format-standard","has-post-thumbnail","hentry","category-jose-c-paz","category-municipios","category-salud"],"_links":{"self":[{"href":"https:\/\/noticiasrec.com\/index.php?rest_route=\/wp\/v2\/posts\/21085","targetHints":{"allow":["GET"]}}],"collection":[{"href":"https:\/\/noticiasrec.com\/index.php?rest_route=\/wp\/v2\/posts"}],"about":[{"href":"https:\/\/noticiasrec.com\/index.php?rest_route=\/wp\/v2\/types\/post"}],"author":[{"embeddable":true,"href":"https:\/\/noticiasrec.com\/index.php?rest_route=\/wp\/v2\/users\/2"}],"replies":[{"embeddable":true,"href":"https:\/\/noticiasrec.com\/index.php?rest_route=%2Fwp%2Fv2%2Fcomments&post=21085"}],"version-history":[{"count":1,"href":"https:\/\/noticiasrec.com\/index.php?rest_route=\/wp\/v2\/posts\/21085\/revisions"}],"predecessor-version":[{"id":21089,"href":"https:\/\/noticiasrec.com\/index.php?rest_route=\/wp\/v2\/posts\/21085\/revisions\/21089"}],"wp:featuredmedia":[{"embeddable":true,"href":"https:\/\/noticiasrec.com\/index.php?rest_route=\/wp\/v2\/media\/21086"}],"wp:attachment":[{"href":"https:\/\/noticiasrec.com\/index.php?rest_route=%2Fwp%2Fv2%2Fmedia&parent=21085"}],"wp:term":[{"taxonomy":"category","embeddable":true,"href":"https:\/\/noticiasrec.com\/index.php?rest_route=%2Fwp%2Fv2%2Fcategories&post=21085"},{"taxonomy":"post_tag","embeddable":true,"href":"https:\/\/noticiasrec.com\/index.php?rest_route=%2Fwp%2Fv2%2Ftags&post=21085"}],"curies":[{"name":"wp","href":"https:\/\/api.w.org\/{rel}","templated":true}]}}