{"id":21076,"date":"2026-09-02T14:03:27","date_gmt":"2026-09-02T14:03:27","guid":{"rendered":"https:\/\/noticiasrec.com\/?p=21076"},"modified":"2026-09-02T14:03:27","modified_gmt":"2026-09-02T14:03:27","slug":"personal-inauguro-en-san-miguel-su-primera-aula-digital-de-la-provincia","status":"publish","type":"post","link":"https:\/\/noticiasrec.com\/?p=21076","title":{"rendered":"Personal inaugur\u00f3 en San Miguel su primera Aula Digital de la provincia"},"content":{"rendered":"\n<p class=\"wp-block-paragraph\"><strong>02 de Septiembre 2026<\/strong><\/p>\n\n\n\n<p class=\"wp-block-paragraph\">El municipio de San Miguel fue elegido por Personal para la instalaci\u00f3n de \u00abNuestro Lugar Digital\u00bb, un aula equipada con computadoras, mobiliario y conectividad, destinado a la formaci\u00f3n de docentes y estudiantes que funcionar\u00e1 dentro de la Usina Tecnol\u00f3gica (UTEC). Se trata de la primera aula digital construida por Personal en la Provincia de Buenos Aires.<\/p>\n\n\n\n<figure class=\"wp-block-image is-resized\"><a href=\"https:\/\/puntodeencuentro.net.ar\/wp-content\/uploads\/2026\/09\/Inauguracion-del-Aula-Digital-en-la-UTEC.jpg\"><img decoding=\"async\" src=\"https:\/\/puntodeencuentro.net.ar\/wp-content\/uploads\/2026\/09\/Inauguracion-del-Aula-Digital-en-la-UTEC-1024x683.jpg\" alt=\"\" class=\"wp-image-18617\" style=\"aspect-ratio:1.499267935578331;width:1024px;height:auto\"\/><\/a><\/figure>\n\n\n\n<p class=\"wp-block-paragraph\">En la inauguraci\u00f3n estuvo presente el intendente de San Miguel, Jaime M\u00e9ndez, quien destac\u00f3 que \u00abpara nosotros es fundamental generar nuevos espacios de tecnolog\u00eda para los vecinos, y colaborar en la formaci\u00f3n de nuevas habilidades y competencias digitales de docentes y alumnos de San Miguel. En ese sentido, la articulaci\u00f3n con empresas de tecnolog\u00eda es importante ya que refleja la cooperaci\u00f3n del municipio con el sector privado\u00bb.<\/p>\n\n\n\n<div class=\"wp-block-columns is-layout-flex wp-container-core-columns-is-layout-8f761849 wp-block-columns-is-layout-flex\">\n<div class=\"wp-block-column is-layout-flow wp-block-column-is-layout-flow\">\n<figure class=\"wp-block-image size-large\"><a href=\"https:\/\/noticiasrec.com\/wp-content\/uploads\/2026\/09\/Aula-Digital-en-la-UTEC-scaled.jpg\"><img loading=\"lazy\" decoding=\"async\" width=\"1024\" height=\"684\" src=\"https:\/\/noticiasrec.com\/wp-content\/uploads\/2026\/09\/Aula-Digital-en-la-UTEC-1024x684.jpg\" alt=\"\" class=\"wp-image-21078\" srcset=\"https:\/\/noticiasrec.com\/wp-content\/uploads\/2026\/09\/Aula-Digital-en-la-UTEC-1024x684.jpg 1024w, https:\/\/noticiasrec.com\/wp-content\/uploads\/2026\/09\/Aula-Digital-en-la-UTEC-300x200.jpg 300w, https:\/\/noticiasrec.com\/wp-content\/uploads\/2026\/09\/Aula-Digital-en-la-UTEC-767x512.jpg 767w, https:\/\/noticiasrec.com\/wp-content\/uploads\/2026\/09\/Aula-Digital-en-la-UTEC-1536x1026.jpg 1536w, https:\/\/noticiasrec.com\/wp-content\/uploads\/2026\/09\/Aula-Digital-en-la-UTEC-2048x1368.jpg 2048w\" sizes=\"auto, (max-width: 1024px) 100vw, 1024px\" \/><\/a><\/figure>\n<\/div>\n\n\n\n<div class=\"wp-block-column is-layout-flow wp-block-column-is-layout-flow\">\n<figure class=\"wp-block-image size-large\"><a href=\"https:\/\/noticiasrec.com\/wp-content\/uploads\/2026\/09\/Nueva-Aula-Digital-de-Personal-en-la-UTEC.jpeg\"><img loading=\"lazy\" decoding=\"async\" width=\"1024\" height=\"683\" src=\"https:\/\/noticiasrec.com\/wp-content\/uploads\/2026\/09\/Nueva-Aula-Digital-de-Personal-en-la-UTEC-1024x683.jpeg\" alt=\"\" class=\"wp-image-21077\" srcset=\"https:\/\/noticiasrec.com\/wp-content\/uploads\/2026\/09\/Nueva-Aula-Digital-de-Personal-en-la-UTEC-1024x683.jpeg 1024w, https:\/\/noticiasrec.com\/wp-content\/uploads\/2026\/09\/Nueva-Aula-Digital-de-Personal-en-la-UTEC-300x200.jpeg 300w, https:\/\/noticiasrec.com\/wp-content\/uploads\/2026\/09\/Nueva-Aula-Digital-de-Personal-en-la-UTEC-767x512.jpeg 767w, https:\/\/noticiasrec.com\/wp-content\/uploads\/2026\/09\/Nueva-Aula-Digital-de-Personal-en-la-UTEC.jpeg 1280w\" sizes=\"auto, (max-width: 1024px) 100vw, 1024px\" \/><\/a><\/figure>\n<\/div>\n<\/div>\n\n\n\n<p class=\"wp-block-paragraph\">Por su parte, Pedro L\u00f3pez Matheu, director de Comunicaciones Externas, Sustentabilidad y Medios de Personal resalt\u00f3 que \u201cconfiamos en la tecnolog\u00eda como una herramienta creativa, de responsabilidad y transformaci\u00f3n dentro y fuera del aula. Por eso desarrollamos Nuestro Lugar, una plataforma que promueve la ciudadan\u00eda digital y fortalece el rol clave de los docentes en ese proceso. Hoy reafirmamos nuestro prop\u00f3sito de seguir conectando tecnolog\u00eda y educaci\u00f3n, como motor de las competencias digitales del futuro\u201d.<\/p>\n\n\n\n<div class=\"wp-block-columns is-layout-flex wp-container-core-columns-is-layout-8f761849 wp-block-columns-is-layout-flex\">\n<div class=\"wp-block-column is-layout-flow wp-block-column-is-layout-flow\">\n<figure class=\"wp-block-image size-large\"><a href=\"https:\/\/noticiasrec.com\/wp-content\/uploads\/2026\/09\/Nueva-Aula-Digital-de-Personal-en-la-UTEC-de-San-Miguel.jpeg\"><img loading=\"lazy\" decoding=\"async\" width=\"1024\" height=\"683\" src=\"https:\/\/noticiasrec.com\/wp-content\/uploads\/2026\/09\/Nueva-Aula-Digital-de-Personal-en-la-UTEC-de-San-Miguel-1024x683.jpeg\" alt=\"\" class=\"wp-image-21079\" srcset=\"https:\/\/noticiasrec.com\/wp-content\/uploads\/2026\/09\/Nueva-Aula-Digital-de-Personal-en-la-UTEC-de-San-Miguel-1024x683.jpeg 1024w, https:\/\/noticiasrec.com\/wp-content\/uploads\/2026\/09\/Nueva-Aula-Digital-de-Personal-en-la-UTEC-de-San-Miguel-300x200.jpeg 300w, https:\/\/noticiasrec.com\/wp-content\/uploads\/2026\/09\/Nueva-Aula-Digital-de-Personal-en-la-UTEC-de-San-Miguel-767x512.jpeg 767w, https:\/\/noticiasrec.com\/wp-content\/uploads\/2026\/09\/Nueva-Aula-Digital-de-Personal-en-la-UTEC-de-San-Miguel.jpeg 1280w\" sizes=\"auto, (max-width: 1024px) 100vw, 1024px\" \/><\/a><\/figure>\n<\/div>\n\n\n\n<div class=\"wp-block-column is-layout-flow wp-block-column-is-layout-flow\">\n<figure class=\"wp-block-image size-large\"><a href=\"https:\/\/noticiasrec.com\/wp-content\/uploads\/2026\/09\/El-Intendente-de-San-Miguel-y-el-Director-de-Personal.jpeg\"><img loading=\"lazy\" decoding=\"async\" width=\"1024\" height=\"683\" src=\"https:\/\/noticiasrec.com\/wp-content\/uploads\/2026\/09\/El-Intendente-de-San-Miguel-y-el-Director-de-Personal-1024x683.jpeg\" alt=\"\" class=\"wp-image-21080\" srcset=\"https:\/\/noticiasrec.com\/wp-content\/uploads\/2026\/09\/El-Intendente-de-San-Miguel-y-el-Director-de-Personal-1024x683.jpeg 1024w, https:\/\/noticiasrec.com\/wp-content\/uploads\/2026\/09\/El-Intendente-de-San-Miguel-y-el-Director-de-Personal-300x200.jpeg 300w, https:\/\/noticiasrec.com\/wp-content\/uploads\/2026\/09\/El-Intendente-de-San-Miguel-y-el-Director-de-Personal-767x512.jpeg 767w, https:\/\/noticiasrec.com\/wp-content\/uploads\/2026\/09\/El-Intendente-de-San-Miguel-y-el-Director-de-Personal.jpeg 1280w\" sizes=\"auto, (max-width: 1024px) 100vw, 1024px\" \/><\/a><\/figure>\n<\/div>\n<\/div>\n\n\n\n<p class=\"wp-block-paragraph\">Nuestro Lugar Digital San Miguel se encuentra ubicado en la UTEC de San Miguel, y cuenta con 21 equipos inform\u00e1ticos completos con conectividad brindada por Personal, 1 Smart TV y acceso a Flow, la plataforma de contenidos que permite ver televisi\u00f3n en vivo y a demanda. La sala cuenta adem\u00e1s con mobiliario completo y est\u00e1 lista para ser utilizada en actividades de capacitaci\u00f3n y aprendizaje.<\/p>\n\n\n\n<p class=\"wp-block-paragraph\">All\u00ed tambi\u00e9n se estar\u00e1n realizando actividades presenciales, con talleres destinados a docentes sobre Convivencia Digital y sobre el uso de la Inteligencia Artificial en el aula, adem\u00e1s de talleres de Ciudadan\u00eda Digital para alumnos de las Escuelas Primaria N\u00b01, Primaria N\u00b05 y el Colegio Jos\u00e9 Antonio de Oro Ocampo, entre otros.<\/p>\n\n\n\n<p class=\"wp-block-paragraph\">En los \u00faltimos a\u00f1os, en San Miguel se llevan adelante distintas acciones como estas para fomentar la Econom\u00eda del Conocimiento en la regi\u00f3n, a fin de promover el desarrollo econ\u00f3mico, la creaci\u00f3n de empleo de calidad, la formaci\u00f3n de talento y la innovaci\u00f3n tecnol\u00f3gica. <\/p>\n","protected":false},"excerpt":{"rendered":"<p>02 de Septiembre 2026 El municipio de San Miguel fue elegido por Personal para la..<\/p>\n","protected":false},"author":2,"featured_media":21080,"comment_status":"open","ping_status":"open","sticky":false,"template":"","format":"standard","meta":{"footnotes":""},"categories":[25,3,8],"tags":[],"class_list":["post-21076","post","type-post","status-publish","format-standard","has-post-thumbnail","hentry","category-educacion","category-municipios","category-san-miguel"],"_links":{"self":[{"href":"https:\/\/noticiasrec.com\/index.php?rest_route=\/wp\/v2\/posts\/21076","targetHints":{"allow":["GET"]}}],"collection":[{"href":"https:\/\/noticiasrec.com\/index.php?rest_route=\/wp\/v2\/posts"}],"about":[{"href":"https:\/\/noticiasrec.com\/index.php?rest_route=\/wp\/v2\/types\/post"}],"author":[{"embeddable":true,"href":"https:\/\/noticiasrec.com\/index.php?rest_route=\/wp\/v2\/users\/2"}],"replies":[{"embeddable":true,"href":"https:\/\/noticiasrec.com\/index.php?rest_route=%2Fwp%2Fv2%2Fcomments&post=21076"}],"version-history":[{"count":1,"href":"https:\/\/noticiasrec.com\/index.php?rest_route=\/wp\/v2\/posts\/21076\/revisions"}],"predecessor-version":[{"id":21081,"href":"https:\/\/noticiasrec.com\/index.php?rest_route=\/wp\/v2\/posts\/21076\/revisions\/21081"}],"wp:featuredmedia":[{"embeddable":true,"href":"https:\/\/noticiasrec.com\/index.php?rest_route=\/wp\/v2\/media\/21080"}],"wp:attachment":[{"href":"https:\/\/noticiasrec.com\/index.php?rest_route=%2Fwp%2Fv2%2Fmedia&parent=21076"}],"wp:term":[{"taxonomy":"category","embeddable":true,"href":"https:\/\/noticiasrec.com\/index.php?rest_route=%2Fwp%2Fv2%2Fcategories&post=21076"},{"taxonomy":"post_tag","embeddable":true,"href":"https:\/\/noticiasrec.com\/index.php?rest_route=%2Fwp%2Fv2%2Ftags&post=21076"}],"curies":[{"name":"wp","href":"https:\/\/api.w.org\/{rel}","templated":true}]}}