{"id":21072,"date":"2026-08-31T20:34:00","date_gmt":"2026-08-31T20:34:00","guid":{"rendered":"https:\/\/noticiasrec.com\/?p=21072"},"modified":"2026-08-31T20:34:00","modified_gmt":"2026-08-31T20:34:00","slug":"malvinas-argentinas-se-prepara-para-vivir-la-7ma-edicion-de-la-feria-del-libro","status":"publish","type":"post","link":"https:\/\/noticiasrec.com\/?p=21072","title":{"rendered":"Malvinas Argentinas se prepara para vivir la 7ma edici\u00f3n de la Feria del Libro"},"content":{"rendered":"\n<p class=\"wp-block-paragraph\"><strong>31 de Agosto 2026<\/strong><\/p>\n\n\n\n<p class=\"wp-block-paragraph\"><strong>Ser\u00e1 del 11 al 20 de septiembre. La propuesta tendr\u00e1 entrada gratuita y se realizar\u00e1 en las inmediaciones del Palacio Municipal. Durante diez d\u00edas, vecinos y visitantes podr\u00e1n acercarse al mundo de los libros y la lectura.<\/strong><\/p>\n\n\n\n<p class=\"wp-block-paragraph\">Malvinas Argentinas ser\u00e1 escenario de una nueva edici\u00f3n de la Feria del Libro, una propuesta cultural que llega a su 7ma edici\u00f3n en el distrito y que invita a las familias a acercarse y disfrutar de un espacio dedicado a los libros y la lectura.<\/p>\n\n\n\n<figure class=\"wp-block-image size-full is-resized\"><a href=\"https:\/\/noticiasrec.com\/wp-content\/uploads\/2026\/08\/670dc77556e2d_800_450.webp\"><img loading=\"lazy\" decoding=\"async\" width=\"800\" height=\"450\" src=\"https:\/\/noticiasrec.com\/wp-content\/uploads\/2026\/08\/670dc77556e2d_800_450.webp\" alt=\"\" class=\"wp-image-21073\" style=\"aspect-ratio:1.7778665185082296;width:688px;height:auto\" srcset=\"https:\/\/noticiasrec.com\/wp-content\/uploads\/2026\/08\/670dc77556e2d_800_450.webp 800w, https:\/\/noticiasrec.com\/wp-content\/uploads\/2026\/08\/670dc77556e2d_800_450-300x169.webp 300w, https:\/\/noticiasrec.com\/wp-content\/uploads\/2026\/08\/670dc77556e2d_800_450-768x432.webp 768w\" sizes=\"auto, (max-width: 800px) 100vw, 800px\" \/><\/a><\/figure>\n\n\n\n<p class=\"wp-block-paragraph\">La feria se desarrollar\u00e1 del 11 al 20 de septiembre, en las inmediaciones del Palacio Municipal, ubicado en Av. Pte. Per\u00f3n 4276, ciudad de Malvinas Argentinas. La entrada ser\u00e1 libre y gratuita, para que todos puedan participar de esta propuesta.<\/p>\n\n\n\n<figure class=\"wp-block-image size-full is-resized\"><a href=\"https:\/\/noticiasrec.com\/wp-content\/uploads\/2026\/08\/malvinas-feria-del-libro-2024.jpg\"><img loading=\"lazy\" decoding=\"async\" width=\"740\" height=\"470\" src=\"https:\/\/noticiasrec.com\/wp-content\/uploads\/2026\/08\/malvinas-feria-del-libro-2024.jpg\" alt=\"\" class=\"wp-image-21074\" style=\"aspect-ratio:1.5744871837494598;width:692px;height:auto\" srcset=\"https:\/\/noticiasrec.com\/wp-content\/uploads\/2026\/08\/malvinas-feria-del-libro-2024.jpg 740w, https:\/\/noticiasrec.com\/wp-content\/uploads\/2026\/08\/malvinas-feria-del-libro-2024-300x191.jpg 300w\" sizes=\"auto, (max-width: 740px) 100vw, 740px\" \/><\/a><\/figure>\n\n\n\n<p class=\"wp-block-paragraph\">Podr\u00e1 visitarse de lunes a viernes, de 09 a 20 horas, y s\u00e1bados, domingos y feriados, de 12 a 21 horas, ofreciendo distintas posibilidades para que las familias puedan acercarse.<\/p>\n\n\n\n<p class=\"wp-block-paragraph\">La 7ma edici\u00f3n de la Feria del Libro Malvinas Argentinas propone nuevamente generar un punto de encuentro en torno a la literatura y el acceso a los libros, con una invitaci\u00f3n abierta a vecinos y visitantes de todas las edades.<\/p>\n\n\n\n<p class=\"wp-block-paragraph\">La actividad es organizada por el Municipio y la Fundaci\u00f3n El Libro, para acercar la cultura y la lectura a las familias del distrito. <\/p>\n\n\n\n<p class=\"wp-block-paragraph\"><\/p>\n","protected":false},"excerpt":{"rendered":"<p>31 de Agosto 2026 Ser\u00e1 del 11 al 20 de septiembre. La propuesta tendr\u00e1 entrada..<\/p>\n","protected":false},"author":2,"featured_media":21074,"comment_status":"open","ping_status":"open","sticky":false,"template":"","format":"standard","meta":{"footnotes":""},"categories":[9,3],"tags":[],"class_list":["post-21072","post","type-post","status-publish","format-standard","has-post-thumbnail","hentry","category-malvinas-argentinas","category-municipios"],"_links":{"self":[{"href":"https:\/\/noticiasrec.com\/index.php?rest_route=\/wp\/v2\/posts\/21072","targetHints":{"allow":["GET"]}}],"collection":[{"href":"https:\/\/noticiasrec.com\/index.php?rest_route=\/wp\/v2\/posts"}],"about":[{"href":"https:\/\/noticiasrec.com\/index.php?rest_route=\/wp\/v2\/types\/post"}],"author":[{"embeddable":true,"href":"https:\/\/noticiasrec.com\/index.php?rest_route=\/wp\/v2\/users\/2"}],"replies":[{"embeddable":true,"href":"https:\/\/noticiasrec.com\/index.php?rest_route=%2Fwp%2Fv2%2Fcomments&post=21072"}],"version-history":[{"count":1,"href":"https:\/\/noticiasrec.com\/index.php?rest_route=\/wp\/v2\/posts\/21072\/revisions"}],"predecessor-version":[{"id":21075,"href":"https:\/\/noticiasrec.com\/index.php?rest_route=\/wp\/v2\/posts\/21072\/revisions\/21075"}],"wp:featuredmedia":[{"embeddable":true,"href":"https:\/\/noticiasrec.com\/index.php?rest_route=\/wp\/v2\/media\/21074"}],"wp:attachment":[{"href":"https:\/\/noticiasrec.com\/index.php?rest_route=%2Fwp%2Fv2%2Fmedia&parent=21072"}],"wp:term":[{"taxonomy":"category","embeddable":true,"href":"https:\/\/noticiasrec.com\/index.php?rest_route=%2Fwp%2Fv2%2Fcategories&post=21072"},{"taxonomy":"post_tag","embeddable":true,"href":"https:\/\/noticiasrec.com\/index.php?rest_route=%2Fwp%2Fv2%2Ftags&post=21072"}],"curies":[{"name":"wp","href":"https:\/\/api.w.org\/{rel}","templated":true}]}}