{"id":21067,"date":"2026-08-31T20:21:49","date_gmt":"2026-08-31T20:21:49","guid":{"rendered":"https:\/\/noticiasrec.com\/?p=21067"},"modified":"2026-08-31T20:21:49","modified_gmt":"2026-08-31T20:21:49","slug":"nardini-continua-con-la-obra-publica-en-villa-de-mayo","status":"publish","type":"post","link":"https:\/\/noticiasrec.com\/?p=21067","title":{"rendered":"Nardini contin\u00faa con la obra p\u00fablica en Villa de Mayo"},"content":{"rendered":"\n<p class=\"wp-block-paragraph\"><strong>31 de Agosto 2026<\/strong><\/p>\n\n\n\n<p class=\"wp-block-paragraph\"><strong>El intendente, acompa\u00f1ado por la secretaria general Noe Correa, inaugur\u00f3 la primera etapa de pavimento en la calle Estado de Israel, lindera al Arroyo Basualdo. Una obra significativa que marca un nuevo avance en la urbanizaci\u00f3n del barrio.<\/strong><\/p>\n\n\n\n<p class=\"wp-block-paragraph\">El intendente de Malvinas Argentinas,\u00a0Leo Nardini, acompa\u00f1ado por la secretaria general Noe Correa y decenas de vecinos, celebr\u00f3 la inauguraci\u00f3n de la primera etapa de pavimento sobre la calle Estado de Israel, en el sector lindero al Arroyo Basualdo. La obra abarca ambos lados de las cuatro cuadras que se extienden en las intersecciones de Cochabamba y Sucre, ejecutadas \u00edntegramente con inversi\u00f3n municipal y mano de obra de la cuadrilla local, utilizando materiales provistos por la Hormigonera Municipal sobre una superficie de 5.362 metros cuadrados.<\/p>\n\n\n\n<figure class=\"wp-block-image size-full\"><a href=\"https:\/\/noticiasrec.com\/wp-content\/uploads\/2026\/08\/6a9300a37b021_715_472.webp\"><img loading=\"lazy\" decoding=\"async\" width=\"715\" height=\"472\" src=\"https:\/\/noticiasrec.com\/wp-content\/uploads\/2026\/08\/6a9300a37b021_715_472.webp\" alt=\"\" class=\"wp-image-21068\" srcset=\"https:\/\/noticiasrec.com\/wp-content\/uploads\/2026\/08\/6a9300a37b021_715_472.webp 715w, https:\/\/noticiasrec.com\/wp-content\/uploads\/2026\/08\/6a9300a37b021_715_472-300x198.webp 300w\" sizes=\"auto, (max-width: 715px) 100vw, 715px\" \/><\/a><\/figure>\n\n\n\n<p class=\"wp-block-paragraph\">Durante el acto, Nardini destac\u00f3: \u00ab<strong>La obra p\u00fablica es motor de progreso, genera empleo y dignifica a la gente a trav\u00e9s de la accesibilidad, realza el valor de las propiedades, en un lugar m\u00e1s lindo, m\u00e1s limpio\u00bb.<\/strong><\/p>\n\n\n\n<p class=\"wp-block-paragraph\">La intervenci\u00f3n resulta clave para la urbanizaci\u00f3n del barrio, ya que permite la continuidad vial a ambos lados del arroyo, favoreciendo la integraci\u00f3n urbana y mejorando sustancialmente la circulaci\u00f3n. Entre los beneficios se destacan la mejora en la accesibilidad vehicular y peatonal, la reducci\u00f3n de barro y polvo en suspensi\u00f3n, la optimizaci\u00f3n del tr\u00e1nsito de servicios p\u00fablicos y transporte, la revalorizaci\u00f3n del entorno y de las propiedades frentistas, y la disminuci\u00f3n de costos de mantenimiento vial a futuro.<\/p>\n\n\n\n<figure class=\"wp-block-image size-full\"><a href=\"https:\/\/noticiasrec.com\/wp-content\/uploads\/2026\/08\/6a9300970842f_715_472.webp\"><img loading=\"lazy\" decoding=\"async\" width=\"715\" height=\"472\" src=\"https:\/\/noticiasrec.com\/wp-content\/uploads\/2026\/08\/6a9300970842f_715_472.webp\" alt=\"\" class=\"wp-image-21069\" srcset=\"https:\/\/noticiasrec.com\/wp-content\/uploads\/2026\/08\/6a9300970842f_715_472.webp 715w, https:\/\/noticiasrec.com\/wp-content\/uploads\/2026\/08\/6a9300970842f_715_472-300x198.webp 300w\" sizes=\"auto, (max-width: 715px) 100vw, 715px\" \/><\/a><\/figure>\n\n\n\n<p class=\"wp-block-paragraph\">Nardini subray\u00f3 adem\u00e1s la importancia de estar presente junto a los vecinos: \u00ab<strong>Muchos pensaron que por la lluvia no \u00edbamos a inaugurar, pero ac\u00e1 estamos. A mi me ven en cualquier \u00e9poca y en cualquier \u00e1mbito y hoy no fue la excepci\u00f3n. Inauguramos una obra que garantiza que ante una emergencia puedan llegar la ambulancia, los bomberos o las patrullas de Protecci\u00f3n Ciudadana o la polic\u00eda. Son muchas ventajas que se suman a la conectividad ya existente, y que nos permiten seguir avanzando en la construcci\u00f3n de la comunidad que todos queremos\u00bb.<\/strong> <\/p>\n\n\n\n<figure class=\"wp-block-image size-full\"><a href=\"https:\/\/noticiasrec.com\/wp-content\/uploads\/2026\/08\/6a9300b091f54_715_472.webp\"><img loading=\"lazy\" decoding=\"async\" width=\"715\" height=\"472\" src=\"https:\/\/noticiasrec.com\/wp-content\/uploads\/2026\/08\/6a9300b091f54_715_472.webp\" alt=\"\" class=\"wp-image-21070\" srcset=\"https:\/\/noticiasrec.com\/wp-content\/uploads\/2026\/08\/6a9300b091f54_715_472.webp 715w, https:\/\/noticiasrec.com\/wp-content\/uploads\/2026\/08\/6a9300b091f54_715_472-300x198.webp 300w\" sizes=\"auto, (max-width: 715px) 100vw, 715px\" \/><\/a><\/figure>\n","protected":false},"excerpt":{"rendered":"<p>31 de Agosto 2026 El intendente, acompa\u00f1ado por la secretaria general Noe Correa, inaugur\u00f3 la..<\/p>\n","protected":false},"author":2,"featured_media":21069,"comment_status":"open","ping_status":"open","sticky":false,"template":"","format":"standard","meta":{"footnotes":""},"categories":[9,3],"tags":[],"class_list":["post-21067","post","type-post","status-publish","format-standard","has-post-thumbnail","hentry","category-malvinas-argentinas","category-municipios"],"_links":{"self":[{"href":"https:\/\/noticiasrec.com\/index.php?rest_route=\/wp\/v2\/posts\/21067","targetHints":{"allow":["GET"]}}],"collection":[{"href":"https:\/\/noticiasrec.com\/index.php?rest_route=\/wp\/v2\/posts"}],"about":[{"href":"https:\/\/noticiasrec.com\/index.php?rest_route=\/wp\/v2\/types\/post"}],"author":[{"embeddable":true,"href":"https:\/\/noticiasrec.com\/index.php?rest_route=\/wp\/v2\/users\/2"}],"replies":[{"embeddable":true,"href":"https:\/\/noticiasrec.com\/index.php?rest_route=%2Fwp%2Fv2%2Fcomments&post=21067"}],"version-history":[{"count":1,"href":"https:\/\/noticiasrec.com\/index.php?rest_route=\/wp\/v2\/posts\/21067\/revisions"}],"predecessor-version":[{"id":21071,"href":"https:\/\/noticiasrec.com\/index.php?rest_route=\/wp\/v2\/posts\/21067\/revisions\/21071"}],"wp:featuredmedia":[{"embeddable":true,"href":"https:\/\/noticiasrec.com\/index.php?rest_route=\/wp\/v2\/media\/21069"}],"wp:attachment":[{"href":"https:\/\/noticiasrec.com\/index.php?rest_route=%2Fwp%2Fv2%2Fmedia&parent=21067"}],"wp:term":[{"taxonomy":"category","embeddable":true,"href":"https:\/\/noticiasrec.com\/index.php?rest_route=%2Fwp%2Fv2%2Fcategories&post=21067"},{"taxonomy":"post_tag","embeddable":true,"href":"https:\/\/noticiasrec.com\/index.php?rest_route=%2Fwp%2Fv2%2Ftags&post=21067"}],"curies":[{"name":"wp","href":"https:\/\/api.w.org\/{rel}","templated":true}]}}