{"id":21060,"date":"2026-08-31T20:05:42","date_gmt":"2026-08-31T20:05:42","guid":{"rendered":"https:\/\/noticiasrec.com\/?p=21060"},"modified":"2026-08-31T20:05:42","modified_gmt":"2026-08-31T20:05:42","slug":"los-jardines-del-distrito-realizan-visitas-educativas-al-hospital-odontologico-de-jose-c-paz","status":"publish","type":"post","link":"https:\/\/noticiasrec.com\/?p=21060","title":{"rendered":"Los jardines del distrito realizan visitas educativas al Hospital Odontol\u00f3gico de Jos\u00e9 C. Paz"},"content":{"rendered":"\n<p class=\"wp-block-paragraph\"><strong>31 de Agosto 2026<\/strong><\/p>\n\n\n\n<p class=\"wp-block-paragraph\">Los alumnos y se\u00f1os del jard\u00edn Amanecer realizaron la visita educativa al Hospital Odontol\u00f3gico \u201cEva Per\u00f3n\u201d, ubicado en v. Pres. Hip\u00f3lito Yrigoyen 3050 de Jos\u00e9 C. Paz.<\/p>\n\n\n\n<div class=\"wp-block-columns is-layout-flex wp-container-core-columns-is-layout-8f761849 wp-block-columns-is-layout-flex\">\n<div class=\"wp-block-column is-layout-flow wp-block-column-is-layout-flow\">\n<figure class=\"wp-block-image size-full\"><a href=\"https:\/\/noticiasrec.com\/wp-content\/uploads\/2026\/08\/Captura-de-pantalla-2026-08-31-170303.png\"><img loading=\"lazy\" decoding=\"async\" width=\"591\" height=\"585\" src=\"https:\/\/noticiasrec.com\/wp-content\/uploads\/2026\/08\/Captura-de-pantalla-2026-08-31-170303.png\" alt=\"\" class=\"wp-image-21061\" srcset=\"https:\/\/noticiasrec.com\/wp-content\/uploads\/2026\/08\/Captura-de-pantalla-2026-08-31-170303.png 591w, https:\/\/noticiasrec.com\/wp-content\/uploads\/2026\/08\/Captura-de-pantalla-2026-08-31-170303-70x70.png 70w, https:\/\/noticiasrec.com\/wp-content\/uploads\/2026\/08\/Captura-de-pantalla-2026-08-31-170303-300x297.png 300w\" sizes=\"auto, (max-width: 591px) 100vw, 591px\" \/><\/a><\/figure>\n<\/div>\n\n\n\n<div class=\"wp-block-column is-layout-flow wp-block-column-is-layout-flow\">\n<figure class=\"wp-block-image size-full\"><a href=\"https:\/\/noticiasrec.com\/wp-content\/uploads\/2026\/08\/Captura-de-pantalla-2026-08-31-170029.png\"><img loading=\"lazy\" decoding=\"async\" width=\"588\" height=\"591\" src=\"https:\/\/noticiasrec.com\/wp-content\/uploads\/2026\/08\/Captura-de-pantalla-2026-08-31-170029.png\" alt=\"\" class=\"wp-image-21063\" srcset=\"https:\/\/noticiasrec.com\/wp-content\/uploads\/2026\/08\/Captura-de-pantalla-2026-08-31-170029.png 588w, https:\/\/noticiasrec.com\/wp-content\/uploads\/2026\/08\/Captura-de-pantalla-2026-08-31-170029-150x150.png 150w, https:\/\/noticiasrec.com\/wp-content\/uploads\/2026\/08\/Captura-de-pantalla-2026-08-31-170029-70x70.png 70w, https:\/\/noticiasrec.com\/wp-content\/uploads\/2026\/08\/Captura-de-pantalla-2026-08-31-170029-298x300.png 298w\" sizes=\"auto, (max-width: 588px) 100vw, 588px\" \/><\/a><\/figure>\n<\/div>\n<\/div>\n\n\n\n<p class=\"wp-block-paragraph\">La Directora del Hospital, Noelia Rodr\u00edguez, brind\u00f3 una charla informativa sobre salud bucal, t\u00e9cnica de cepillado de dientes y la importancia de una alimentaci\u00f3n saludable para el cuidado de los dientes.<\/p>\n\n\n\n<div class=\"wp-block-columns is-layout-flex wp-container-core-columns-is-layout-8f761849 wp-block-columns-is-layout-flex\">\n<div class=\"wp-block-column is-layout-flow wp-block-column-is-layout-flow\">\n<figure class=\"wp-block-image size-full\"><a href=\"https:\/\/noticiasrec.com\/wp-content\/uploads\/2026\/08\/Captura-de-pantalla-2026-08-31-170133.png\"><img loading=\"lazy\" decoding=\"async\" width=\"588\" height=\"578\" src=\"https:\/\/noticiasrec.com\/wp-content\/uploads\/2026\/08\/Captura-de-pantalla-2026-08-31-170133.png\" alt=\"\" class=\"wp-image-21064\" srcset=\"https:\/\/noticiasrec.com\/wp-content\/uploads\/2026\/08\/Captura-de-pantalla-2026-08-31-170133.png 588w, https:\/\/noticiasrec.com\/wp-content\/uploads\/2026\/08\/Captura-de-pantalla-2026-08-31-170133-70x70.png 70w, https:\/\/noticiasrec.com\/wp-content\/uploads\/2026\/08\/Captura-de-pantalla-2026-08-31-170133-300x295.png 300w\" sizes=\"auto, (max-width: 588px) 100vw, 588px\" \/><\/a><\/figure>\n<\/div>\n\n\n\n<div class=\"wp-block-column is-layout-flow wp-block-column-is-layout-flow\">\n<figure class=\"wp-block-image size-full\"><a href=\"https:\/\/noticiasrec.com\/wp-content\/uploads\/2026\/08\/Captura-de-pantalla-2026-08-31-170323.png\"><img loading=\"lazy\" decoding=\"async\" width=\"593\" height=\"590\" src=\"https:\/\/noticiasrec.com\/wp-content\/uploads\/2026\/08\/Captura-de-pantalla-2026-08-31-170323.png\" alt=\"\" class=\"wp-image-21065\" srcset=\"https:\/\/noticiasrec.com\/wp-content\/uploads\/2026\/08\/Captura-de-pantalla-2026-08-31-170323.png 593w, https:\/\/noticiasrec.com\/wp-content\/uploads\/2026\/08\/Captura-de-pantalla-2026-08-31-170323-150x150.png 150w, https:\/\/noticiasrec.com\/wp-content\/uploads\/2026\/08\/Captura-de-pantalla-2026-08-31-170323-70x70.png 70w, https:\/\/noticiasrec.com\/wp-content\/uploads\/2026\/08\/Captura-de-pantalla-2026-08-31-170323-300x298.png 300w\" sizes=\"auto, (max-width: 593px) 100vw, 593px\" \/><\/a><\/figure>\n<\/div>\n<\/div>\n\n\n\n<p class=\"wp-block-paragraph\">Adem\u00e1s, los chicos participaron de juegos did\u00e1cticos sobre alimentaci\u00f3n saludable, una recorrida por las instalaciones tales como las salas de atenci\u00f3n, la sala adaptada para personas con capacidades diferentes y la sala de esterilizaci\u00f3n en donde aprendieron la ubicaci\u00f3n de instrumental y esterilizaci\u00f3n de los mismos y tambi\u00e9n recorrieron el \u00e1rea de fichero donde se almacenan las fichas de los pacientes.<\/p>\n\n\n\n<p class=\"wp-block-paragraph\">Las instituciones p\u00fablicas y privadas que quieran visitar dicho hospital deben comunicarse con el siguiente n\u00famero : 02320 532780<\/p>\n","protected":false},"excerpt":{"rendered":"<p>31 de Agosto 2026 Los alumnos y se\u00f1os del jard\u00edn Amanecer realizaron la visita educativa..<\/p>\n","protected":false},"author":2,"featured_media":21063,"comment_status":"open","ping_status":"open","sticky":false,"template":"","format":"standard","meta":{"footnotes":""},"categories":[25,10,3,19],"tags":[],"class_list":["post-21060","post","type-post","status-publish","format-standard","has-post-thumbnail","hentry","category-educacion","category-jose-c-paz","category-municipios","category-salud"],"_links":{"self":[{"href":"https:\/\/noticiasrec.com\/index.php?rest_route=\/wp\/v2\/posts\/21060","targetHints":{"allow":["GET"]}}],"collection":[{"href":"https:\/\/noticiasrec.com\/index.php?rest_route=\/wp\/v2\/posts"}],"about":[{"href":"https:\/\/noticiasrec.com\/index.php?rest_route=\/wp\/v2\/types\/post"}],"author":[{"embeddable":true,"href":"https:\/\/noticiasrec.com\/index.php?rest_route=\/wp\/v2\/users\/2"}],"replies":[{"embeddable":true,"href":"https:\/\/noticiasrec.com\/index.php?rest_route=%2Fwp%2Fv2%2Fcomments&post=21060"}],"version-history":[{"count":1,"href":"https:\/\/noticiasrec.com\/index.php?rest_route=\/wp\/v2\/posts\/21060\/revisions"}],"predecessor-version":[{"id":21066,"href":"https:\/\/noticiasrec.com\/index.php?rest_route=\/wp\/v2\/posts\/21060\/revisions\/21066"}],"wp:featuredmedia":[{"embeddable":true,"href":"https:\/\/noticiasrec.com\/index.php?rest_route=\/wp\/v2\/media\/21063"}],"wp:attachment":[{"href":"https:\/\/noticiasrec.com\/index.php?rest_route=%2Fwp%2Fv2%2Fmedia&parent=21060"}],"wp:term":[{"taxonomy":"category","embeddable":true,"href":"https:\/\/noticiasrec.com\/index.php?rest_route=%2Fwp%2Fv2%2Fcategories&post=21060"},{"taxonomy":"post_tag","embeddable":true,"href":"https:\/\/noticiasrec.com\/index.php?rest_route=%2Fwp%2Fv2%2Ftags&post=21060"}],"curies":[{"name":"wp","href":"https:\/\/api.w.org\/{rel}","templated":true}]}}