{"id":21054,"date":"2026-08-31T15:37:45","date_gmt":"2026-08-31T15:37:45","guid":{"rendered":"https:\/\/noticiasrec.com\/?p=21054"},"modified":"2026-08-31T15:37:45","modified_gmt":"2026-08-31T15:37:45","slug":"juan-andreotti-anuncio-la-recuperacion-de-tres-cuadras-de-espacio-verde-frente-al-rio","status":"publish","type":"post","link":"https:\/\/noticiasrec.com\/?p=21054","title":{"rendered":"Juan Andreotti anunci\u00f3 la recuperaci\u00f3n de tres cuadras de espacio verde frente al r\u00edo"},"content":{"rendered":"\n<p class=\"wp-block-paragraph\"><strong>31 de Agosto 2026<\/strong><\/p>\n\n\n\n<p class=\"wp-block-paragraph\"><strong>El Intendente de San Fernando recorri\u00f3 obras que se est\u00e1n desarrollando en el predio de Marina Punta Chica lindero al Club N\u00e1utico Albatros, para preparar un amplio espacio verde con costa sobre el R\u00edo Luj\u00e1n. \u00abEste verano estar\u00e1 listo\u00bb, afirm\u00f3 Andreotti y coment\u00f3: \u00abEl r\u00edo nos identifica. Uno de los sue\u00f1os m\u00e1s grandes que tenemos es seguir avanzando en comunidad para que la costa sea de todos los vecinos y m\u00e1s gente pueda disfrutarla\u00bb.<\/strong><\/p>\n\n\n\n<figure class=\"wp-block-image size-full\"><a href=\"https:\/\/noticiasrec.com\/wp-content\/uploads\/2026\/08\/6a922438867bc_715_532.webp\"><img loading=\"lazy\" decoding=\"async\" width=\"715\" height=\"532\" src=\"https:\/\/noticiasrec.com\/wp-content\/uploads\/2026\/08\/6a922438867bc_715_532.webp\" alt=\"\" class=\"wp-image-21056\" srcset=\"https:\/\/noticiasrec.com\/wp-content\/uploads\/2026\/08\/6a922438867bc_715_532.webp 715w, https:\/\/noticiasrec.com\/wp-content\/uploads\/2026\/08\/6a922438867bc_715_532-300x223.webp 300w\" sizes=\"auto, (max-width: 715px) 100vw, 715px\" \/><\/a><\/figure>\n\n\n\n<p class=\"wp-block-paragraph\">El Municipio de San Fernando celebra la incorporaci\u00f3n al acceso p\u00fablico de 3 nuevas cuadras de espacio verde frente al r\u00edo, gracias a un convenio que firm\u00f3 el Intendente Juan Andreotti con las autoridades del Club N\u00e1utico Albatros para extender y aprovechar un sector en desuso de la Marina Punta Chica, perteneciente al Consorcio Parque N\u00e1utico.<\/p>\n\n\n\n<figure class=\"wp-block-image size-full\"><a href=\"https:\/\/noticiasrec.com\/wp-content\/uploads\/2026\/08\/6a92244140e6f_715_532-1.webp\"><img loading=\"lazy\" decoding=\"async\" width=\"715\" height=\"532\" src=\"https:\/\/noticiasrec.com\/wp-content\/uploads\/2026\/08\/6a92244140e6f_715_532-1.webp\" alt=\"\" class=\"wp-image-21057\" srcset=\"https:\/\/noticiasrec.com\/wp-content\/uploads\/2026\/08\/6a92244140e6f_715_532-1.webp 715w, https:\/\/noticiasrec.com\/wp-content\/uploads\/2026\/08\/6a92244140e6f_715_532-1-300x223.webp 300w\" sizes=\"auto, (max-width: 715px) 100vw, 715px\" \/><\/a><\/figure>\n\n\n\n<p class=\"wp-block-paragraph\">Esta acci\u00f3n forma parte de la pol\u00edtica de recuperaci\u00f3n, ampliaci\u00f3n, mejora y cuidado de los espacios verdes frente al r\u00edo que impulsa San Fernando, ciudad declarada Capital Nacional de la N\u00e1utica, con fuerte arraigo al r\u00edo y el Delta.<\/p>\n\n\n\n<p class=\"wp-block-paragraph\"> <strong>\u00abEste verano estar\u00e1n listas para disfrutar tres nuevas cuadras de espacio verde frente al r\u00edo en la Marina Punta Chica que recuperamos para todos los vecinos; as\u00ed como hace algunos a\u00f1os venimos sumando y ampliando ya m\u00e1s de 20 hect\u00e1reas de costa p\u00fablica para el uso de todas las familias sanfernandinas\u00bb<\/strong>, detall\u00f3 el Intendente\u00a0Andreotti.<\/p>\n\n\n\n<figure class=\"wp-block-image size-full\"><a href=\"https:\/\/noticiasrec.com\/wp-content\/uploads\/2026\/08\/6a92244ab2ac7_715_532.webp\"><img loading=\"lazy\" decoding=\"async\" width=\"715\" height=\"532\" src=\"https:\/\/noticiasrec.com\/wp-content\/uploads\/2026\/08\/6a92244ab2ac7_715_532.webp\" alt=\"\" class=\"wp-image-21058\" srcset=\"https:\/\/noticiasrec.com\/wp-content\/uploads\/2026\/08\/6a92244ab2ac7_715_532.webp 715w, https:\/\/noticiasrec.com\/wp-content\/uploads\/2026\/08\/6a92244ab2ac7_715_532-300x223.webp 300w\" sizes=\"auto, (max-width: 715px) 100vw, 715px\" \/><\/a><\/figure>\n\n\n\n<p class=\"wp-block-paragraph\"><strong>\u00abEn este caso, en la Marina Punta Chica, vamos a ampliar y generar nuevos espacios, y hemos firmado un convenio con el Club Albatros, a quienes agradecemos<\/strong>\u00ab, agreg\u00f3. El acceso al predio se encuentra en la calle Ricardo Rojas y Comandante Luis Piedra Buena. Actualmente se est\u00e1n desarrollando obras para acondicionarlo.<\/p>\n\n\n\n<p class=\"wp-block-paragraph\">Juan Andreotti complet\u00f3: \u00ab<strong>El r\u00edo nos identifica, nos da una mejor calidad de vida para compartir con nuestra familia, es el lugar que amamos, donde los sanfernandinos juntamos un poquito de energ\u00eda para continuar con el d\u00eda a d\u00eda. Uno de los sue\u00f1os m\u00e1s grandes que tenemos es seguir avanzando en comunidad para que la costa sea de todos los vecinos y m\u00e1s gente pueda disfrutarla\u00bb.<\/strong><\/p>\n\n\n\n<p class=\"wp-block-paragraph\">Tambi\u00e9n recorrieron el lugar el Presidente del Concejo Deliberante, Santiago R\u00edos; y la Secretaria de Obras P\u00fablicas, Cecilia Tucat. <\/p>\n","protected":false},"excerpt":{"rendered":"<p>31 de Agosto 2026 El Intendente de San Fernando recorri\u00f3 obras que se est\u00e1n desarrollando..<\/p>\n","protected":false},"author":2,"featured_media":21056,"comment_status":"open","ping_status":"open","sticky":false,"template":"","format":"standard","meta":{"footnotes":""},"categories":[3,72,1397],"tags":[],"class_list":["post-21054","post","type-post","status-publish","format-standard","has-post-thumbnail","hentry","category-municipios","category-san-fernando","category-san-fernando-municipios"],"_links":{"self":[{"href":"https:\/\/noticiasrec.com\/index.php?rest_route=\/wp\/v2\/posts\/21054","targetHints":{"allow":["GET"]}}],"collection":[{"href":"https:\/\/noticiasrec.com\/index.php?rest_route=\/wp\/v2\/posts"}],"about":[{"href":"https:\/\/noticiasrec.com\/index.php?rest_route=\/wp\/v2\/types\/post"}],"author":[{"embeddable":true,"href":"https:\/\/noticiasrec.com\/index.php?rest_route=\/wp\/v2\/users\/2"}],"replies":[{"embeddable":true,"href":"https:\/\/noticiasrec.com\/index.php?rest_route=%2Fwp%2Fv2%2Fcomments&post=21054"}],"version-history":[{"count":1,"href":"https:\/\/noticiasrec.com\/index.php?rest_route=\/wp\/v2\/posts\/21054\/revisions"}],"predecessor-version":[{"id":21059,"href":"https:\/\/noticiasrec.com\/index.php?rest_route=\/wp\/v2\/posts\/21054\/revisions\/21059"}],"wp:featuredmedia":[{"embeddable":true,"href":"https:\/\/noticiasrec.com\/index.php?rest_route=\/wp\/v2\/media\/21056"}],"wp:attachment":[{"href":"https:\/\/noticiasrec.com\/index.php?rest_route=%2Fwp%2Fv2%2Fmedia&parent=21054"}],"wp:term":[{"taxonomy":"category","embeddable":true,"href":"https:\/\/noticiasrec.com\/index.php?rest_route=%2Fwp%2Fv2%2Fcategories&post=21054"},{"taxonomy":"post_tag","embeddable":true,"href":"https:\/\/noticiasrec.com\/index.php?rest_route=%2Fwp%2Fv2%2Ftags&post=21054"}],"curies":[{"name":"wp","href":"https:\/\/api.w.org\/{rel}","templated":true}]}}