{"id":20095,"date":"2026-04-30T20:29:51","date_gmt":"2026-04-30T20:29:51","guid":{"rendered":"https:\/\/noticiasrec.com\/?p=20095"},"modified":"2026-04-30T20:29:51","modified_gmt":"2026-04-30T20:29:51","slug":"medicamentos-bonaerenses-la-respuesta-de-la-provincia-ante-los-recortes-nacionales-en-salud","status":"publish","type":"post","link":"https:\/\/noticiasrec.com\/?p=20095","title":{"rendered":"\u201cMedicamentos Bonaerenses\u201d, la respuesta de la Provincia ante los recortes nacionales en salud"},"content":{"rendered":"\n<p><strong>30 de Abril 2026<\/strong> <\/p>\n\n\n\n<p><strong>Con una inversi\u00f3n de $24.500 millones, la Provincia ampl\u00eda la entrega gratuita de f\u00e1rmacos tras el recorte nacional en Remediar.<\/strong><\/p>\n\n\n\n<p>En medio de los recortes\u00a0 nacionales en materia sanitaria y con fuertes cr\u00edticas al gobierno de\u00a0<strong>Javier Milei<\/strong>, el gobernador bonaerense\u00a0<strong>Axel Kicillof<\/strong>\u00a0recorri\u00f3 este jueves el Hospital Rossi de La Plata y el dep\u00f3sito central del programa Medicamentos Bonaerenses, desde donde la Provincia distribuye f\u00e1rmacos a los 135 municipios para sostener tratamientos esenciales ante el vaciamiento del programa nacional Remediar.<\/p>\n\n\n\n<figure class=\"wp-block-image size-large is-resized\"><a href=\"https:\/\/noticiasrec.com\/wp-content\/uploads\/2026\/04\/AR15844.jpg-1068x801-1.jpeg\"><img loading=\"lazy\" decoding=\"async\" width=\"1024\" height=\"768\" src=\"https:\/\/noticiasrec.com\/wp-content\/uploads\/2026\/04\/AR15844.jpg-1068x801-1-1024x768.jpeg\" alt=\"\" class=\"wp-image-20096\" style=\"width:700px;height:auto\" srcset=\"https:\/\/noticiasrec.com\/wp-content\/uploads\/2026\/04\/AR15844.jpg-1068x801-1-1024x768.jpeg 1024w, https:\/\/noticiasrec.com\/wp-content\/uploads\/2026\/04\/AR15844.jpg-1068x801-1-300x225.jpeg 300w, https:\/\/noticiasrec.com\/wp-content\/uploads\/2026\/04\/AR15844.jpg-1068x801-1-768x576.jpeg 768w, https:\/\/noticiasrec.com\/wp-content\/uploads\/2026\/04\/AR15844.jpg-1068x801-1.jpeg 1068w\" sizes=\"auto, (max-width: 1024px) 100vw, 1024px\" \/><\/a><\/figure>\n\n\n\n<p>La actividad estuvo acompa\u00f1ada por el ministro de Salud bonaerense,&nbsp;<strong>Nicol\u00e1s Kreplak<\/strong>, y tuvo como eje mostrar el fortalecimiento de la infraestructura sanitaria provincial y el alcance de la pol\u00edtica de provisi\u00f3n gratuita de medicamentos para personas con cobertura p\u00fablica exclusiva.<\/p>\n\n\n\n<p><mark>Durante la jornada, las autoridades visitaron la nueva sala de Tomograf\u00eda del Hospital Rodolfo Rossi, que funciona desde diciembre pasado y permiti\u00f3 reforzar la red de diagn\u00f3stico por im\u00e1genes en la regi\u00f3n<\/mark>. Desde el inicio de la gesti\u00f3n provincial ya se entregaron 29 tom\u00f3grafos en hospitales bonaerenses. Adem\u00e1s, recorrieron el avance de la nueva guardia bioqu\u00edmica, una obra destinada a ampliar y optimizar el funcionamiento del laboratorio del hospital.<\/p>\n\n\n\n<p>M\u00e1s tarde,\u00a0<strong>Kicillof y Kreplak<\/strong>\u00a0se trasladaron al dep\u00f3sito central de medicamentos ubicado en el Hospital Interzonal Especializado de Agudos y Cr\u00f3nicos Dr. Alejandro Korn, desde donde se distribuyen los insumos del programa Medicamentos Bonaerenses a centros de salud y hospitales de toda la provincia.\u00a0<strong>Seg\u00fan detallaron desde el Gobierno bonaerense, la iniciativa busca compensar el fuerte\u00a0recorte aplicado sobre el programa nacional Remediar.<\/strong> <\/p>\n\n\n\n<p><\/p>\n","protected":false},"excerpt":{"rendered":"<p>30 de Abril 2026 Con una inversi\u00f3n de $24.500 millones, la Provincia ampl\u00eda la entrega..<\/p>\n","protected":false},"author":2,"featured_media":20096,"comment_status":"open","ping_status":"open","sticky":false,"template":"","format":"standard","meta":{"footnotes":""},"categories":[2,19],"tags":[],"class_list":["post-20095","post","type-post","status-publish","format-standard","has-post-thumbnail","hentry","category-provincia","category-salud"],"_links":{"self":[{"href":"https:\/\/noticiasrec.com\/index.php?rest_route=\/wp\/v2\/posts\/20095","targetHints":{"allow":["GET"]}}],"collection":[{"href":"https:\/\/noticiasrec.com\/index.php?rest_route=\/wp\/v2\/posts"}],"about":[{"href":"https:\/\/noticiasrec.com\/index.php?rest_route=\/wp\/v2\/types\/post"}],"author":[{"embeddable":true,"href":"https:\/\/noticiasrec.com\/index.php?rest_route=\/wp\/v2\/users\/2"}],"replies":[{"embeddable":true,"href":"https:\/\/noticiasrec.com\/index.php?rest_route=%2Fwp%2Fv2%2Fcomments&post=20095"}],"version-history":[{"count":1,"href":"https:\/\/noticiasrec.com\/index.php?rest_route=\/wp\/v2\/posts\/20095\/revisions"}],"predecessor-version":[{"id":20097,"href":"https:\/\/noticiasrec.com\/index.php?rest_route=\/wp\/v2\/posts\/20095\/revisions\/20097"}],"wp:featuredmedia":[{"embeddable":true,"href":"https:\/\/noticiasrec.com\/index.php?rest_route=\/wp\/v2\/media\/20096"}],"wp:attachment":[{"href":"https:\/\/noticiasrec.com\/index.php?rest_route=%2Fwp%2Fv2%2Fmedia&parent=20095"}],"wp:term":[{"taxonomy":"category","embeddable":true,"href":"https:\/\/noticiasrec.com\/index.php?rest_route=%2Fwp%2Fv2%2Fcategories&post=20095"},{"taxonomy":"post_tag","embeddable":true,"href":"https:\/\/noticiasrec.com\/index.php?rest_route=%2Fwp%2Fv2%2Ftags&post=20095"}],"curies":[{"name":"wp","href":"https:\/\/api.w.org\/{rel}","templated":true}]}}