{"id":20089,"date":"2026-04-30T15:38:14","date_gmt":"2026-04-30T15:38:14","guid":{"rendered":"https:\/\/noticiasrec.com\/?p=20089"},"modified":"2026-04-30T15:38:14","modified_gmt":"2026-04-30T15:38:14","slug":"alumnos-del-instituto-jose-c-paz-recorrieron-universidades-locales-a-traves-del-programa-metas","status":"publish","type":"post","link":"https:\/\/noticiasrec.com\/?p=20089","title":{"rendered":"Alumnos del Instituto Jos\u00e9 C. Paz recorrieron universidades locales a trav\u00e9s del programa METAS"},"content":{"rendered":"\n<p><strong>30 de Abril 2026<\/strong><\/p>\n\n\n\n<p>Los estudiantes de 6\u00b0 a\u00f1o del Instituto Jos\u00e9 C. Paz participaron de una recorrida por las universidades del distrito en el marco del programa <strong>METAS<\/strong>, una iniciativa destinada a acercar a los j\u00f3venes a la oferta acad\u00e9mica superior disponible en el municipio.<\/p>\n\n\n\n<p>El programa es impulsado por el senador provincial e intendente en uso de licencia, Mario Ishii, con el objetivo de que los alumnos conozcan de primera mano las propuestas educativas de las casas de estudios pace\u00f1as y puedan proyectar con mayor claridad su futuro acad\u00e9mico y profesional.<\/p>\n\n\n\n<div class=\"wp-block-columns is-layout-flex wp-container-core-columns-is-layout-9d6595d7 wp-block-columns-is-layout-flex\">\n<div class=\"wp-block-column is-layout-flow wp-block-column-is-layout-flow\">\n<figure class=\"wp-block-image size-large\"><a href=\"https:\/\/noticiasrec.com\/wp-content\/uploads\/2026\/04\/683694211_1283854853934126_7716075256939602177_n.jpg\"><img loading=\"lazy\" decoding=\"async\" width=\"1024\" height=\"536\" src=\"https:\/\/noticiasrec.com\/wp-content\/uploads\/2026\/04\/683694211_1283854853934126_7716075256939602177_n-1024x536.jpg\" alt=\"\" class=\"wp-image-20090\" srcset=\"https:\/\/noticiasrec.com\/wp-content\/uploads\/2026\/04\/683694211_1283854853934126_7716075256939602177_n-1024x536.jpg 1024w, https:\/\/noticiasrec.com\/wp-content\/uploads\/2026\/04\/683694211_1283854853934126_7716075256939602177_n-300x157.jpg 300w, https:\/\/noticiasrec.com\/wp-content\/uploads\/2026\/04\/683694211_1283854853934126_7716075256939602177_n-768x402.jpg 768w, https:\/\/noticiasrec.com\/wp-content\/uploads\/2026\/04\/683694211_1283854853934126_7716075256939602177_n-1536x804.jpg 1536w, https:\/\/noticiasrec.com\/wp-content\/uploads\/2026\/04\/683694211_1283854853934126_7716075256939602177_n.jpg 1600w\" sizes=\"auto, (max-width: 1024px) 100vw, 1024px\" \/><\/a><\/figure>\n<\/div>\n\n\n\n<div class=\"wp-block-column is-layout-flow wp-block-column-is-layout-flow\">\n<figure class=\"wp-block-image size-full\"><a href=\"https:\/\/noticiasrec.com\/wp-content\/uploads\/2026\/04\/683779470_1283854910600787_5861292609915780654_n.jpg\"><img loading=\"lazy\" decoding=\"async\" width=\"900\" height=\"472\" src=\"https:\/\/noticiasrec.com\/wp-content\/uploads\/2026\/04\/683779470_1283854910600787_5861292609915780654_n.jpg\" alt=\"\" class=\"wp-image-20091\" srcset=\"https:\/\/noticiasrec.com\/wp-content\/uploads\/2026\/04\/683779470_1283854910600787_5861292609915780654_n.jpg 900w, https:\/\/noticiasrec.com\/wp-content\/uploads\/2026\/04\/683779470_1283854910600787_5861292609915780654_n-300x157.jpg 300w, https:\/\/noticiasrec.com\/wp-content\/uploads\/2026\/04\/683779470_1283854910600787_5861292609915780654_n-768x403.jpg 768w\" sizes=\"auto, (max-width: 900px) 100vw, 900px\" \/><\/a><\/figure>\n<\/div>\n<\/div>\n\n\n\n<p>Durante la jornada, los alumnos recorrieron distintas instituciones universitarias locales, interioriz\u00e1ndose sobre carreras, modalidades de cursada y oportunidades de formaci\u00f3n superior dentro del distrito.<\/p>\n\n\n\n<div class=\"wp-block-columns is-layout-flex wp-container-core-columns-is-layout-9d6595d7 wp-block-columns-is-layout-flex\">\n<div class=\"wp-block-column is-layout-flow wp-block-column-is-layout-flow\">\n<figure class=\"wp-block-image size-large\"><a href=\"https:\/\/noticiasrec.com\/wp-content\/uploads\/2026\/04\/685903314_1283854897267455_4957359795634331639_n.jpg\"><img loading=\"lazy\" decoding=\"async\" width=\"1024\" height=\"536\" src=\"https:\/\/noticiasrec.com\/wp-content\/uploads\/2026\/04\/685903314_1283854897267455_4957359795634331639_n-1024x536.jpg\" alt=\"\" class=\"wp-image-20092\" srcset=\"https:\/\/noticiasrec.com\/wp-content\/uploads\/2026\/04\/685903314_1283854897267455_4957359795634331639_n-1024x536.jpg 1024w, https:\/\/noticiasrec.com\/wp-content\/uploads\/2026\/04\/685903314_1283854897267455_4957359795634331639_n-300x157.jpg 300w, https:\/\/noticiasrec.com\/wp-content\/uploads\/2026\/04\/685903314_1283854897267455_4957359795634331639_n-768x402.jpg 768w, https:\/\/noticiasrec.com\/wp-content\/uploads\/2026\/04\/685903314_1283854897267455_4957359795634331639_n-1536x804.jpg 1536w, https:\/\/noticiasrec.com\/wp-content\/uploads\/2026\/04\/685903314_1283854897267455_4957359795634331639_n.jpg 1600w\" sizes=\"auto, (max-width: 1024px) 100vw, 1024px\" \/><\/a><\/figure>\n<\/div>\n\n\n\n<div class=\"wp-block-column is-layout-flow wp-block-column-is-layout-flow\">\n<figure class=\"wp-block-image size-full\"><a href=\"https:\/\/noticiasrec.com\/wp-content\/uploads\/2026\/04\/685127752_1283854907267454_9000648433243783679_n.jpg\"><img loading=\"lazy\" decoding=\"async\" width=\"900\" height=\"472\" src=\"https:\/\/noticiasrec.com\/wp-content\/uploads\/2026\/04\/685127752_1283854907267454_9000648433243783679_n.jpg\" alt=\"\" class=\"wp-image-20093\" srcset=\"https:\/\/noticiasrec.com\/wp-content\/uploads\/2026\/04\/685127752_1283854907267454_9000648433243783679_n.jpg 900w, https:\/\/noticiasrec.com\/wp-content\/uploads\/2026\/04\/685127752_1283854907267454_9000648433243783679_n-300x157.jpg 300w, https:\/\/noticiasrec.com\/wp-content\/uploads\/2026\/04\/685127752_1283854907267454_9000648433243783679_n-768x403.jpg 768w\" sizes=\"auto, (max-width: 900px) 100vw, 900px\" \/><\/a><\/figure>\n<\/div>\n<\/div>\n\n\n\n<p>La actividad cont\u00f3 con el acompa\u00f1amiento del Secretario de Educaci\u00f3n, Ciencia y Tecnolog\u00eda, Prof. Mario Mart\u00ednez, junto a los inspectores Melisa Panarello y Gustavo Vallejos, quienes acompa\u00f1aron a los estudiantes durante la visita.<\/p>\n\n\n\n<p>Desde el municipio destacaron que este tipo de iniciativas buscan fortalecer el v\u00ednculo entre la educaci\u00f3n secundaria y el nivel superior, promoviendo herramientas que permitan a los j\u00f3venes tomar decisiones informadas sobre su futuro educativo. <\/p>\n","protected":false},"excerpt":{"rendered":"<p>30 de Abril 2026 Los estudiantes de 6\u00b0 a\u00f1o del Instituto Jos\u00e9 C. Paz participaron..<\/p>\n","protected":false},"author":2,"featured_media":20090,"comment_status":"open","ping_status":"open","sticky":false,"template":"","format":"standard","meta":{"footnotes":""},"categories":[25,10,3],"tags":[],"class_list":["post-20089","post","type-post","status-publish","format-standard","has-post-thumbnail","hentry","category-educacion","category-jose-c-paz","category-municipios"],"_links":{"self":[{"href":"https:\/\/noticiasrec.com\/index.php?rest_route=\/wp\/v2\/posts\/20089","targetHints":{"allow":["GET"]}}],"collection":[{"href":"https:\/\/noticiasrec.com\/index.php?rest_route=\/wp\/v2\/posts"}],"about":[{"href":"https:\/\/noticiasrec.com\/index.php?rest_route=\/wp\/v2\/types\/post"}],"author":[{"embeddable":true,"href":"https:\/\/noticiasrec.com\/index.php?rest_route=\/wp\/v2\/users\/2"}],"replies":[{"embeddable":true,"href":"https:\/\/noticiasrec.com\/index.php?rest_route=%2Fwp%2Fv2%2Fcomments&post=20089"}],"version-history":[{"count":1,"href":"https:\/\/noticiasrec.com\/index.php?rest_route=\/wp\/v2\/posts\/20089\/revisions"}],"predecessor-version":[{"id":20094,"href":"https:\/\/noticiasrec.com\/index.php?rest_route=\/wp\/v2\/posts\/20089\/revisions\/20094"}],"wp:featuredmedia":[{"embeddable":true,"href":"https:\/\/noticiasrec.com\/index.php?rest_route=\/wp\/v2\/media\/20090"}],"wp:attachment":[{"href":"https:\/\/noticiasrec.com\/index.php?rest_route=%2Fwp%2Fv2%2Fmedia&parent=20089"}],"wp:term":[{"taxonomy":"category","embeddable":true,"href":"https:\/\/noticiasrec.com\/index.php?rest_route=%2Fwp%2Fv2%2Fcategories&post=20089"},{"taxonomy":"post_tag","embeddable":true,"href":"https:\/\/noticiasrec.com\/index.php?rest_route=%2Fwp%2Fv2%2Ftags&post=20089"}],"curies":[{"name":"wp","href":"https:\/\/api.w.org\/{rel}","templated":true}]}}