{"id":20079,"date":"2026-04-29T20:45:37","date_gmt":"2026-04-29T20:45:37","guid":{"rendered":"https:\/\/noticiasrec.com\/?p=20079"},"modified":"2026-04-29T20:45:37","modified_gmt":"2026-04-29T20:45:37","slug":"restringen-la-venta-de-gnc-en-el-amba","status":"publish","type":"post","link":"https:\/\/noticiasrec.com\/?p=20079","title":{"rendered":"Restringen la venta de GNC en el AMBA"},"content":{"rendered":"\n<p><strong>29 de Abril 2026<\/strong><\/p>\n\n\n\n<p>Desde las 06:00 de este martes, las principales distribuidoras de gas del \u00c1rea Metropolitana de Buenos Aires,&nbsp;<strong>Naturgy y Metrogas,<\/strong>&nbsp;ordenaron restringir las ventas de&nbsp;GNC&nbsp;hasta el l\u00edmite del \u201cfirme contratado\u201d y hasta nuevo aviso. Esta medida implica, en t\u00e9rminos pr\u00e1cticos, que&nbsp;<strong>el servicio interrumpible&nbsp;<\/strong>qued\u00f3 suspendido para estaciones de servicio e industrias.<\/p>\n\n\n\n<p>La decisi\u00f3n busca evitar una&nbsp;<strong>ca\u00edda en la presi\u00f3n de los gasoductos&nbsp;<\/strong>ante el&nbsp;primer pico de fr\u00edo polar del a\u00f1o&nbsp;y justo cuando una masa de aire polar avanza sobre el centro del pa\u00eds, dejando un intenso fr\u00edo en Buenos Aires, con&nbsp;<strong>temperaturas de un solo d\u00edgito<\/strong>&nbsp;y alertas meteorol\u00f3gicas por vientos para gran parte de la provincia de Buenos Aires.<\/p>\n\n\n\n<figure class=\"wp-block-image size-full is-resized\"><a href=\"https:\/\/noticiasrec.com\/wp-content\/uploads\/2026\/04\/WhatsApp-Image-2026-04-29-at-10.03.25.webp\"><img loading=\"lazy\" decoding=\"async\" width=\"992\" height=\"558\" src=\"https:\/\/noticiasrec.com\/wp-content\/uploads\/2026\/04\/WhatsApp-Image-2026-04-29-at-10.03.25.webp\" alt=\"\" class=\"wp-image-20080\" style=\"width:732px;height:auto\" srcset=\"https:\/\/noticiasrec.com\/wp-content\/uploads\/2026\/04\/WhatsApp-Image-2026-04-29-at-10.03.25.webp 992w, https:\/\/noticiasrec.com\/wp-content\/uploads\/2026\/04\/WhatsApp-Image-2026-04-29-at-10.03.25-300x169.webp 300w, https:\/\/noticiasrec.com\/wp-content\/uploads\/2026\/04\/WhatsApp-Image-2026-04-29-at-10.03.25-768x432.webp 768w\" sizes=\"auto, (max-width: 992px) 100vw, 992px\" \/><\/a><\/figure>\n\n\n\n<p>De acuerdo con las regulaciones vigentes, el sistema de despacho nacional prioriza la denominada&nbsp;<strong>\u201cdemanda prioritaria\u201d<\/strong>, que incluye a&nbsp;<strong>hogares<\/strong>,&nbsp;<strong>hospitales<\/strong>&nbsp;y&nbsp;<strong>escuelas<\/strong>. Para las estaciones de servicio, la restricci\u00f3n es de cumplimiento obligatorio: vender por encima del cupo garantizado conlleva una multa equivalente al valor de&nbsp;<strong>un litro de nafta s\u00faper por cada metro c\u00fabico excedido<\/strong>, una penalidad que anula cualquier margen comercial.<\/p>\n\n\n\n<p>\u201cNo es una medida tan extrema; es el servicio interrumpible. Las estaciones saben que pagan un precio menor y que el suministro puede cortarse\u201d, explicaron fuentes del sector.<\/p>\n\n\n\n<p>La restricci\u00f3n llega en un momento de fuerte crecimiento del parque automotor a GNC. Tras una d\u00e9cada de retroceso \u2014 las conversiones pasaron de&nbsp;<strong>188.000 en 2015<\/strong>&nbsp;a unos&nbsp;<strong>59.000 en 2025<\/strong>, seg\u00fan ENARGAS\u2014, el sector hab\u00eda comenzado a mostrar signos de recuperaci\u00f3n a comienzos de 2026. El incremento de los combustibles l\u00edquidos, que&nbsp;registr\u00f3 saltos de hasta el 23% tras el estallido de conflictos en Medio Oriente,&nbsp;empuj\u00f3 a miles de conductores de vuelta al gas para abaratar costos de log\u00edstica y transporte. En marzo, se realizaron 7.300 conversiones a GNC, un aumento del&nbsp;<strong>40%<\/strong>&nbsp;respecto a febrero y un&nbsp;<strong>70%&nbsp;<\/strong>en relaci\u00f3n al mismo mes del a\u00f1o anterior.<\/p>\n","protected":false},"excerpt":{"rendered":"<p>29 de Abril 2026 Desde las 06:00 de este martes, las principales distribuidoras de gas..<\/p>\n","protected":false},"author":2,"featured_media":20080,"comment_status":"open","ping_status":"open","sticky":false,"template":"","format":"standard","meta":{"footnotes":""},"categories":[3,2,5],"tags":[],"class_list":["post-20079","post","type-post","status-publish","format-standard","has-post-thumbnail","hentry","category-municipios","category-provincia","category-sociedad"],"_links":{"self":[{"href":"https:\/\/noticiasrec.com\/index.php?rest_route=\/wp\/v2\/posts\/20079","targetHints":{"allow":["GET"]}}],"collection":[{"href":"https:\/\/noticiasrec.com\/index.php?rest_route=\/wp\/v2\/posts"}],"about":[{"href":"https:\/\/noticiasrec.com\/index.php?rest_route=\/wp\/v2\/types\/post"}],"author":[{"embeddable":true,"href":"https:\/\/noticiasrec.com\/index.php?rest_route=\/wp\/v2\/users\/2"}],"replies":[{"embeddable":true,"href":"https:\/\/noticiasrec.com\/index.php?rest_route=%2Fwp%2Fv2%2Fcomments&post=20079"}],"version-history":[{"count":1,"href":"https:\/\/noticiasrec.com\/index.php?rest_route=\/wp\/v2\/posts\/20079\/revisions"}],"predecessor-version":[{"id":20081,"href":"https:\/\/noticiasrec.com\/index.php?rest_route=\/wp\/v2\/posts\/20079\/revisions\/20081"}],"wp:featuredmedia":[{"embeddable":true,"href":"https:\/\/noticiasrec.com\/index.php?rest_route=\/wp\/v2\/media\/20080"}],"wp:attachment":[{"href":"https:\/\/noticiasrec.com\/index.php?rest_route=%2Fwp%2Fv2%2Fmedia&parent=20079"}],"wp:term":[{"taxonomy":"category","embeddable":true,"href":"https:\/\/noticiasrec.com\/index.php?rest_route=%2Fwp%2Fv2%2Fcategories&post=20079"},{"taxonomy":"post_tag","embeddable":true,"href":"https:\/\/noticiasrec.com\/index.php?rest_route=%2Fwp%2Fv2%2Ftags&post=20079"}],"curies":[{"name":"wp","href":"https:\/\/api.w.org\/{rel}","templated":true}]}}