{"id":20074,"date":"2026-04-29T20:36:30","date_gmt":"2026-04-29T20:36:30","guid":{"rendered":"https:\/\/noticiasrec.com\/?p=20074"},"modified":"2026-04-29T20:36:30","modified_gmt":"2026-04-29T20:36:30","slug":"san-fernando-realizo-una-nueva-visita-guiada-nocturna-al-ecoparque","status":"publish","type":"post","link":"https:\/\/noticiasrec.com\/?p=20074","title":{"rendered":"San Fernando realiz\u00f3 una nueva visita guiada nocturna al EcoParque"},"content":{"rendered":"\n<p><strong>29 de Abril 2026<\/strong><\/p>\n\n\n\n<p><strong>La instructiva actividad gratuita, que se realiza acompa\u00f1ada por guardaparques, permite conocer los ruidos, los sonidos, los olores y a los animales nocturnos, los distintos insectos y los polinizadores que pueden observarse en el entorno natural.<\/strong><\/p>\n\n\n\n<figure class=\"wp-block-image size-large is-resized\"><a href=\"https:\/\/noticiasrec.com\/wp-content\/uploads\/2026\/04\/3-visita-nocturna-ecoparque-san-fernando-abr2026.jpg\"><img loading=\"lazy\" decoding=\"async\" width=\"1024\" height=\"768\" src=\"https:\/\/noticiasrec.com\/wp-content\/uploads\/2026\/04\/3-visita-nocturna-ecoparque-san-fernando-abr2026-1024x768.jpg\" alt=\"\" class=\"wp-image-20075\" style=\"width:700px;height:auto\" srcset=\"https:\/\/noticiasrec.com\/wp-content\/uploads\/2026\/04\/3-visita-nocturna-ecoparque-san-fernando-abr2026-1024x768.jpg 1024w, https:\/\/noticiasrec.com\/wp-content\/uploads\/2026\/04\/3-visita-nocturna-ecoparque-san-fernando-abr2026-300x225.jpg 300w, https:\/\/noticiasrec.com\/wp-content\/uploads\/2026\/04\/3-visita-nocturna-ecoparque-san-fernando-abr2026-768x576.jpg 768w, https:\/\/noticiasrec.com\/wp-content\/uploads\/2026\/04\/3-visita-nocturna-ecoparque-san-fernando-abr2026-1536x1152.jpg 1536w, https:\/\/noticiasrec.com\/wp-content\/uploads\/2026\/04\/3-visita-nocturna-ecoparque-san-fernando-abr2026.jpg 1920w\" sizes=\"auto, (max-width: 1024px) 100vw, 1024px\" \/><\/a><\/figure>\n\n\n\n<p>Junto al grupo de EcoVecinos, el Municipio organiz\u00f3 una nueva visita guiada nocturna a la Reserva Ecol\u00f3gica Educativa, sita en Almirante Brown y Verminio Servetto. Los guardaparques que guiaron la actividad explicaron los h\u00e1bitos de los animales, plantas e insectos nocturnos en su entorno natural. <\/p>\n\n\n\n<figure class=\"wp-block-image size-large is-resized\"><a href=\"https:\/\/noticiasrec.com\/wp-content\/uploads\/2026\/04\/1-visita-nocturna-ecoparque-san-fernando-abr2026.jpg\"><img loading=\"lazy\" decoding=\"async\" width=\"1024\" height=\"768\" src=\"https:\/\/noticiasrec.com\/wp-content\/uploads\/2026\/04\/1-visita-nocturna-ecoparque-san-fernando-abr2026-1024x768.jpg\" alt=\"\" class=\"wp-image-20076\" style=\"width:702px;height:auto\" srcset=\"https:\/\/noticiasrec.com\/wp-content\/uploads\/2026\/04\/1-visita-nocturna-ecoparque-san-fernando-abr2026-1024x768.jpg 1024w, https:\/\/noticiasrec.com\/wp-content\/uploads\/2026\/04\/1-visita-nocturna-ecoparque-san-fernando-abr2026-300x225.jpg 300w, https:\/\/noticiasrec.com\/wp-content\/uploads\/2026\/04\/1-visita-nocturna-ecoparque-san-fernando-abr2026-768x576.jpg 768w, https:\/\/noticiasrec.com\/wp-content\/uploads\/2026\/04\/1-visita-nocturna-ecoparque-san-fernando-abr2026-1536x1152.jpg 1536w, https:\/\/noticiasrec.com\/wp-content\/uploads\/2026\/04\/1-visita-nocturna-ecoparque-san-fernando-abr2026.jpg 1920w\" sizes=\"auto, (max-width: 1024px) 100vw, 1024px\" \/><\/a><\/figure>\n\n\n\n<p>La Secretaria\u00a0Eva Andreotti, quien particip\u00f3 de la recorrida, dijo:\u00a0<strong>\u201cContinuamos realizando visitas nocturnas a la Reserva, que nos permite ver y conocer ruidos, sonidos, olores y los animales de la noche guiados por nuestros guardaparques, que explican cu\u00e1les son las aves, los distintos insectos y los polinizadores nocturnos que pueden observarse. Es una experiencia muy linda vivir la Reserva y todo su encanto natural tambi\u00e9n de noche\u201d.<\/strong><\/p>\n\n\n\n<figure class=\"wp-block-image size-large is-resized\"><a href=\"https:\/\/noticiasrec.com\/wp-content\/uploads\/2026\/04\/7-visita-nocturna-ecoparque-san-fernando-abr2026.jpg\"><img loading=\"lazy\" decoding=\"async\" width=\"1024\" height=\"769\" src=\"https:\/\/noticiasrec.com\/wp-content\/uploads\/2026\/04\/7-visita-nocturna-ecoparque-san-fernando-abr2026-1024x769.jpg\" alt=\"\" class=\"wp-image-20077\" style=\"aspect-ratio:1.332441073685776;width:715px;height:auto\" srcset=\"https:\/\/noticiasrec.com\/wp-content\/uploads\/2026\/04\/7-visita-nocturna-ecoparque-san-fernando-abr2026-1024x769.jpg 1024w, https:\/\/noticiasrec.com\/wp-content\/uploads\/2026\/04\/7-visita-nocturna-ecoparque-san-fernando-abr2026-300x225.jpg 300w, https:\/\/noticiasrec.com\/wp-content\/uploads\/2026\/04\/7-visita-nocturna-ecoparque-san-fernando-abr2026-768x576.jpg 768w, https:\/\/noticiasrec.com\/wp-content\/uploads\/2026\/04\/7-visita-nocturna-ecoparque-san-fernando-abr2026-1536x1153.jpg 1536w, https:\/\/noticiasrec.com\/wp-content\/uploads\/2026\/04\/7-visita-nocturna-ecoparque-san-fernando-abr2026.jpg 1920w\" sizes=\"auto, (max-width: 1024px) 100vw, 1024px\" \/><\/a><\/figure>\n\n\n\n<p>Seguir a @sanfermunicipio y @eco_sanfer para informarse de las pr\u00f3ximas visitas gratuitas con cupos limitados. Durante la temporada Oto\u00f1o-Invierno, el Ecoparque estar\u00e1 abierto de jueves a domingos y feriados de 9.00 a 17.00 hs. (sujeto a las condiciones clim\u00e1ticas). <\/p>\n","protected":false},"excerpt":{"rendered":"<p>29 de Abril 2026 La instructiva actividad gratuita, que se realiza acompa\u00f1ada por guardaparques, permite..<\/p>\n","protected":false},"author":2,"featured_media":20076,"comment_status":"open","ping_status":"open","sticky":false,"template":"","format":"standard","meta":{"footnotes":""},"categories":[3,72,1397],"tags":[],"class_list":["post-20074","post","type-post","status-publish","format-standard","has-post-thumbnail","hentry","category-municipios","category-san-fernando","category-san-fernando-municipios"],"_links":{"self":[{"href":"https:\/\/noticiasrec.com\/index.php?rest_route=\/wp\/v2\/posts\/20074","targetHints":{"allow":["GET"]}}],"collection":[{"href":"https:\/\/noticiasrec.com\/index.php?rest_route=\/wp\/v2\/posts"}],"about":[{"href":"https:\/\/noticiasrec.com\/index.php?rest_route=\/wp\/v2\/types\/post"}],"author":[{"embeddable":true,"href":"https:\/\/noticiasrec.com\/index.php?rest_route=\/wp\/v2\/users\/2"}],"replies":[{"embeddable":true,"href":"https:\/\/noticiasrec.com\/index.php?rest_route=%2Fwp%2Fv2%2Fcomments&post=20074"}],"version-history":[{"count":1,"href":"https:\/\/noticiasrec.com\/index.php?rest_route=\/wp\/v2\/posts\/20074\/revisions"}],"predecessor-version":[{"id":20078,"href":"https:\/\/noticiasrec.com\/index.php?rest_route=\/wp\/v2\/posts\/20074\/revisions\/20078"}],"wp:featuredmedia":[{"embeddable":true,"href":"https:\/\/noticiasrec.com\/index.php?rest_route=\/wp\/v2\/media\/20076"}],"wp:attachment":[{"href":"https:\/\/noticiasrec.com\/index.php?rest_route=%2Fwp%2Fv2%2Fmedia&parent=20074"}],"wp:term":[{"taxonomy":"category","embeddable":true,"href":"https:\/\/noticiasrec.com\/index.php?rest_route=%2Fwp%2Fv2%2Fcategories&post=20074"},{"taxonomy":"post_tag","embeddable":true,"href":"https:\/\/noticiasrec.com\/index.php?rest_route=%2Fwp%2Fv2%2Ftags&post=20074"}],"curies":[{"name":"wp","href":"https:\/\/api.w.org\/{rel}","templated":true}]}}