{"id":20060,"date":"2026-04-29T15:12:33","date_gmt":"2026-04-29T15:12:33","guid":{"rendered":"https:\/\/noticiasrec.com\/?p=20060"},"modified":"2026-04-29T15:13:12","modified_gmt":"2026-04-29T15:13:12","slug":"nardini-lanzo-los-primeros-juegos-argentinos-urbanos-que-tendran-sede-en-malvinas","status":"publish","type":"post","link":"https:\/\/noticiasrec.com\/?p=20060","title":{"rendered":"Nardini lanz\u00f3 los primeros Juegos Argentinos Urbanos que tendr\u00e1n sede en Malvinas"},"content":{"rendered":"\n<p><strong>29 de Abril 2026<\/strong><\/p>\n\n\n\n<p><strong>Leo Nardini y Luis Vivona encabezaron la presentaci\u00f3n junto al Comit\u00e9 Ol\u00edmpico Argentino. En octubre, Malvinas Argentinas recibir\u00e1 a m\u00e1s de 1.000 atletas de todo el pa\u00eds que competir\u00e1n en 9 disciplinas en la primera edici\u00f3n de los Juegos Argentinos Urbanos<\/strong>.<\/p>\n\n\n\n<p>En Malvinas Argentinas se realiz\u00f3 la presentaci\u00f3n oficial de los primeros Juegos Argentinos Urbanos, que tendr\u00e1n lugar entre el 29 de octubre y el 1\u00b0 de noviembre.<\/p>\n\n\n\n<div class=\"wp-block-columns is-layout-flex wp-container-core-columns-is-layout-9d6595d7 wp-block-columns-is-layout-flex\">\n<div class=\"wp-block-column is-layout-flow wp-block-column-is-layout-flow\">\n<figure class=\"wp-block-image size-large\"><a href=\"https:\/\/noticiasrec.com\/wp-content\/uploads\/2026\/04\/WhatsApp-Image-2026-04-28-at-6.02.02-PM-1.jpeg\"><img loading=\"lazy\" decoding=\"async\" width=\"1024\" height=\"683\" src=\"https:\/\/noticiasrec.com\/wp-content\/uploads\/2026\/04\/WhatsApp-Image-2026-04-28-at-6.02.02-PM-1-1024x683.jpeg\" alt=\"\" class=\"wp-image-20061\" srcset=\"https:\/\/noticiasrec.com\/wp-content\/uploads\/2026\/04\/WhatsApp-Image-2026-04-28-at-6.02.02-PM-1-1024x683.jpeg 1024w, https:\/\/noticiasrec.com\/wp-content\/uploads\/2026\/04\/WhatsApp-Image-2026-04-28-at-6.02.02-PM-1-300x200.jpeg 300w, https:\/\/noticiasrec.com\/wp-content\/uploads\/2026\/04\/WhatsApp-Image-2026-04-28-at-6.02.02-PM-1-768x512.jpeg 768w, https:\/\/noticiasrec.com\/wp-content\/uploads\/2026\/04\/WhatsApp-Image-2026-04-28-at-6.02.02-PM-1-1536x1024.jpeg 1536w, https:\/\/noticiasrec.com\/wp-content\/uploads\/2026\/04\/WhatsApp-Image-2026-04-28-at-6.02.02-PM-1.jpeg 1600w\" sizes=\"auto, (max-width: 1024px) 100vw, 1024px\" \/><\/a><\/figure>\n<\/div>\n\n\n\n<div class=\"wp-block-column is-layout-flow wp-block-column-is-layout-flow\">\n<figure class=\"wp-block-image size-large\"><a href=\"https:\/\/noticiasrec.com\/wp-content\/uploads\/2026\/04\/WhatsApp-Image-2026-04-28-at-6.02.02-PM-2.jpeg\"><img loading=\"lazy\" decoding=\"async\" width=\"1024\" height=\"682\" src=\"https:\/\/noticiasrec.com\/wp-content\/uploads\/2026\/04\/WhatsApp-Image-2026-04-28-at-6.02.02-PM-2-1024x682.jpeg\" alt=\"\" class=\"wp-image-20062\" srcset=\"https:\/\/noticiasrec.com\/wp-content\/uploads\/2026\/04\/WhatsApp-Image-2026-04-28-at-6.02.02-PM-2-1024x682.jpeg 1024w, https:\/\/noticiasrec.com\/wp-content\/uploads\/2026\/04\/WhatsApp-Image-2026-04-28-at-6.02.02-PM-2-300x200.jpeg 300w, https:\/\/noticiasrec.com\/wp-content\/uploads\/2026\/04\/WhatsApp-Image-2026-04-28-at-6.02.02-PM-2-768x512.jpeg 768w, https:\/\/noticiasrec.com\/wp-content\/uploads\/2026\/04\/WhatsApp-Image-2026-04-28-at-6.02.02-PM-2-1536x1023.jpeg 1536w, https:\/\/noticiasrec.com\/wp-content\/uploads\/2026\/04\/WhatsApp-Image-2026-04-28-at-6.02.02-PM-2.jpeg 2048w\" sizes=\"auto, (max-width: 1024px) 100vw, 1024px\" \/><\/a><\/figure>\n<\/div>\n<\/div>\n\n\n\n<p>Del lanzamiento participaron el intendente Leo Nardini junto a Luis Vivona, diputado nacional y promotor de la Ley 15.541 de Deporte Urbano en la Provincia de Buenos Aires, Mario Moccia, presidente del Comit\u00e9 Ol\u00edmpico Argentino; y Daniel Ventura, presidente de la Comisi\u00f3n de Deportes Urbanos del COA. Tambi\u00e9n acompa\u00f1aron Noe Correa, secretaria general; la Lic. Mar\u00eda Luj\u00e1n Salgado, secretaria de Gobierno y Monitoreo Institucional; Daniel Morard, secretario de Deportes y Educaci\u00f3n, junto a autoridades provinciales, municipales y representantes de federaciones deportivas e instituciones sociales.\u00a0<\/p>\n\n\n\n<div class=\"wp-block-columns is-layout-flex wp-container-core-columns-is-layout-9d6595d7 wp-block-columns-is-layout-flex\">\n<div class=\"wp-block-column is-layout-flow wp-block-column-is-layout-flow\">\n<figure class=\"wp-block-image size-large\"><a href=\"https:\/\/noticiasrec.com\/wp-content\/uploads\/2026\/04\/WhatsApp-Image-2026-04-28-at-6.01.36-PM.jpeg\"><img loading=\"lazy\" decoding=\"async\" width=\"1024\" height=\"1024\" src=\"https:\/\/noticiasrec.com\/wp-content\/uploads\/2026\/04\/WhatsApp-Image-2026-04-28-at-6.01.36-PM-1024x1024.jpeg\" alt=\"\" class=\"wp-image-20063\" srcset=\"https:\/\/noticiasrec.com\/wp-content\/uploads\/2026\/04\/WhatsApp-Image-2026-04-28-at-6.01.36-PM-1024x1024.jpeg 1024w, https:\/\/noticiasrec.com\/wp-content\/uploads\/2026\/04\/WhatsApp-Image-2026-04-28-at-6.01.36-PM-300x300.jpeg 300w, https:\/\/noticiasrec.com\/wp-content\/uploads\/2026\/04\/WhatsApp-Image-2026-04-28-at-6.01.36-PM-150x150.jpeg 150w, https:\/\/noticiasrec.com\/wp-content\/uploads\/2026\/04\/WhatsApp-Image-2026-04-28-at-6.01.36-PM-768x768.jpeg 768w, https:\/\/noticiasrec.com\/wp-content\/uploads\/2026\/04\/WhatsApp-Image-2026-04-28-at-6.01.36-PM-1536x1536.jpeg 1536w, https:\/\/noticiasrec.com\/wp-content\/uploads\/2026\/04\/WhatsApp-Image-2026-04-28-at-6.01.36-PM-70x70.jpeg 70w, https:\/\/noticiasrec.com\/wp-content\/uploads\/2026\/04\/WhatsApp-Image-2026-04-28-at-6.01.36-PM.jpeg 1600w\" sizes=\"auto, (max-width: 1024px) 100vw, 1024px\" \/><\/a><\/figure>\n<\/div>\n\n\n\n<div class=\"wp-block-column is-layout-flow wp-block-column-is-layout-flow\">\n<figure class=\"wp-block-image size-large\"><a href=\"https:\/\/noticiasrec.com\/wp-content\/uploads\/2026\/04\/WhatsApp-Image-2026-04-28-at-6.01.35-PM-2.jpeg\"><img loading=\"lazy\" decoding=\"async\" width=\"1024\" height=\"1024\" src=\"https:\/\/noticiasrec.com\/wp-content\/uploads\/2026\/04\/WhatsApp-Image-2026-04-28-at-6.01.35-PM-2-1024x1024.jpeg\" alt=\"\" class=\"wp-image-20064\" srcset=\"https:\/\/noticiasrec.com\/wp-content\/uploads\/2026\/04\/WhatsApp-Image-2026-04-28-at-6.01.35-PM-2-1024x1024.jpeg 1024w, https:\/\/noticiasrec.com\/wp-content\/uploads\/2026\/04\/WhatsApp-Image-2026-04-28-at-6.01.35-PM-2-300x300.jpeg 300w, https:\/\/noticiasrec.com\/wp-content\/uploads\/2026\/04\/WhatsApp-Image-2026-04-28-at-6.01.35-PM-2-150x150.jpeg 150w, https:\/\/noticiasrec.com\/wp-content\/uploads\/2026\/04\/WhatsApp-Image-2026-04-28-at-6.01.35-PM-2-768x768.jpeg 768w, https:\/\/noticiasrec.com\/wp-content\/uploads\/2026\/04\/WhatsApp-Image-2026-04-28-at-6.01.35-PM-2-1536x1536.jpeg 1536w, https:\/\/noticiasrec.com\/wp-content\/uploads\/2026\/04\/WhatsApp-Image-2026-04-28-at-6.01.35-PM-2-70x70.jpeg 70w, https:\/\/noticiasrec.com\/wp-content\/uploads\/2026\/04\/WhatsApp-Image-2026-04-28-at-6.01.35-PM-2.jpeg 1600w\" sizes=\"auto, (max-width: 1024px) 100vw, 1024px\" \/><\/a><\/figure>\n<\/div>\n<\/div>\n\n\n\n<p><br>El intendente Nardini abri\u00f3 la jornada subrayando: \u201cPara nosotros el deporte nunca fue un gasto, sino una inversi\u00f3n p\u00fablica que transforma realidades: donde antes hab\u00eda un basural hoy est\u00e1 el Polideportivo Braian Toledo, y miles de chicos y familias disfrutan de actividades libres, gratuitas e inclusivas\u201d. En ese sentido, sostuvo que el deporte es \u201cese punto de encuentro donde se construye el bien com\u00fan, donde se adquieren valores y solidaridad\u201d, y que este lanzamiento es \u201cel puntapi\u00e9 inicial para que el deporte urbano se convierta en una verdadera pol\u00edtica de Estado\u201d.<\/p>\n\n\n\n<figure class=\"wp-block-image size-large is-resized\"><a href=\"https:\/\/noticiasrec.com\/wp-content\/uploads\/2026\/04\/WhatsApp-Image-2026-04-28-at-6.01.35-PM-1.jpeg\"><img loading=\"lazy\" decoding=\"async\" width=\"1024\" height=\"1024\" src=\"https:\/\/noticiasrec.com\/wp-content\/uploads\/2026\/04\/WhatsApp-Image-2026-04-28-at-6.01.35-PM-1-1024x1024.jpeg\" alt=\"\" class=\"wp-image-20065\" style=\"width:641px;height:auto\" srcset=\"https:\/\/noticiasrec.com\/wp-content\/uploads\/2026\/04\/WhatsApp-Image-2026-04-28-at-6.01.35-PM-1-1024x1024.jpeg 1024w, https:\/\/noticiasrec.com\/wp-content\/uploads\/2026\/04\/WhatsApp-Image-2026-04-28-at-6.01.35-PM-1-300x300.jpeg 300w, https:\/\/noticiasrec.com\/wp-content\/uploads\/2026\/04\/WhatsApp-Image-2026-04-28-at-6.01.35-PM-1-150x150.jpeg 150w, https:\/\/noticiasrec.com\/wp-content\/uploads\/2026\/04\/WhatsApp-Image-2026-04-28-at-6.01.35-PM-1-768x768.jpeg 768w, https:\/\/noticiasrec.com\/wp-content\/uploads\/2026\/04\/WhatsApp-Image-2026-04-28-at-6.01.35-PM-1-1536x1536.jpeg 1536w, https:\/\/noticiasrec.com\/wp-content\/uploads\/2026\/04\/WhatsApp-Image-2026-04-28-at-6.01.35-PM-1-70x70.jpeg 70w, https:\/\/noticiasrec.com\/wp-content\/uploads\/2026\/04\/WhatsApp-Image-2026-04-28-at-6.01.35-PM-1.jpeg 2048w\" sizes=\"auto, (max-width: 1024px) 100vw, 1024px\" \/><\/a><\/figure>\n\n\n\n<p><br>La intervenci\u00f3n de Nardini fue acompa\u00f1ada por la de Luis Vivona, diputado nacional y autor de la Ley de Deporte Urbano, quien record\u00f3 que la iniciativa surge de pr\u00e1cticas que la sociedad ya realizaba en calles y plazas y que la pandemia visibiliz\u00f3 con fuerza. \u201cEl deporte urbano es mucho m\u00e1s que esparcimiento: es salud f\u00edsica y mental, es disciplina y contenci\u00f3n para nuestros j\u00f3venes, y el Estado tiene la obligaci\u00f3n de acompa\u00f1ar lo que la sociedad reclama\u201d, afirm\u00f3. Y agreg\u00f3: \u201cEs importante lo que est\u00e1 realizando Leo, porque no solo fortalece al deporte argentino junto al COA, sino tambi\u00e9n a toda nuestra comunidad. Malvinas abre sus puertas y los invita a seguir so\u00f1ando\u201d.<\/p>\n\n\n\n<figure class=\"wp-block-image size-large is-resized\"><a href=\"https:\/\/noticiasrec.com\/wp-content\/uploads\/2026\/04\/WhatsApp-Image-2026-04-28-at-6.01.35-PM-3.jpeg\"><img loading=\"lazy\" decoding=\"async\" width=\"1024\" height=\"1024\" src=\"https:\/\/noticiasrec.com\/wp-content\/uploads\/2026\/04\/WhatsApp-Image-2026-04-28-at-6.01.35-PM-3-1024x1024.jpeg\" alt=\"\" class=\"wp-image-20066\" style=\"width:617px;height:auto\" srcset=\"https:\/\/noticiasrec.com\/wp-content\/uploads\/2026\/04\/WhatsApp-Image-2026-04-28-at-6.01.35-PM-3-1024x1024.jpeg 1024w, https:\/\/noticiasrec.com\/wp-content\/uploads\/2026\/04\/WhatsApp-Image-2026-04-28-at-6.01.35-PM-3-300x300.jpeg 300w, https:\/\/noticiasrec.com\/wp-content\/uploads\/2026\/04\/WhatsApp-Image-2026-04-28-at-6.01.35-PM-3-150x150.jpeg 150w, https:\/\/noticiasrec.com\/wp-content\/uploads\/2026\/04\/WhatsApp-Image-2026-04-28-at-6.01.35-PM-3-768x768.jpeg 768w, https:\/\/noticiasrec.com\/wp-content\/uploads\/2026\/04\/WhatsApp-Image-2026-04-28-at-6.01.35-PM-3-1536x1536.jpeg 1536w, https:\/\/noticiasrec.com\/wp-content\/uploads\/2026\/04\/WhatsApp-Image-2026-04-28-at-6.01.35-PM-3-70x70.jpeg 70w, https:\/\/noticiasrec.com\/wp-content\/uploads\/2026\/04\/WhatsApp-Image-2026-04-28-at-6.01.35-PM-3.jpeg 1600w\" sizes=\"auto, (max-width: 1024px) 100vw, 1024px\" \/><\/a><\/figure>\n\n\n\n<p><br>El presidente del Comit\u00e9 Ol\u00edmpico Argentino, Mario Moccia, destac\u00f3 el acompa\u00f1amiento institucional y el rol de Malvinas como sede: \u201cEs una alegr\u00eda estar en Malvinas Argentinas junto al Comit\u00e9 Ol\u00edmpico Argentino, en lo que ya sentimos como nuestra casa. Agradezco al municipio y a Leo por recibirnos nuevamente, y a Luis por el marco de la ley que nos permite proyectar estas disciplinas. El deporte nos da alegr\u00eda, mejora la calidad de vida y transmite valores para construir una sociedad mejor\u201d.<\/p>\n\n\n\n<p><br>Los Juegos convocar\u00e1n representantes de todas las provincias en nueve disciplinas: skateboarding, BMX, breaking, b\u00e1squet 3&#215;3, b\u00e9isbol 5, roller freestyle, parkour, escalada y ajedrez. Las competencias estar\u00e1n destinadas a mayores de 18 a\u00f1os y organizadas en tres instancias: clasificaci\u00f3n, semifinales y finales.<\/p>\n\n\n\n<p><br>Con el acompa\u00f1amiento del Comit\u00e9 Ol\u00edmpico Argentino, supervisando los aspectos t\u00e9cnicos y profesionales, y el municipio de Malvinas Argentinas, aportando infraestructura, log\u00edstica y seguridad, se busca institucionalizar desarrollar estas pr\u00e1cticas y proyectarlas a nivel nacional. Se estima que m\u00e1s de 1.000 competidores y deportistas de todo el pa\u00eds participar\u00e1n del gran evento, consolidando al distrito como un verdadero punto de encuentro nacional y un espacio de proyecci\u00f3n hacia el futuro. <\/p>\n","protected":false},"excerpt":{"rendered":"<p>29 de Abril 2026 Leo Nardini y Luis Vivona encabezaron la presentaci\u00f3n junto al Comit\u00e9..<\/p>\n","protected":false},"author":2,"featured_media":20063,"comment_status":"open","ping_status":"open","sticky":false,"template":"","format":"standard","meta":{"footnotes":""},"categories":[7,9,3,2],"tags":[],"class_list":["post-20060","post","type-post","status-publish","format-standard","has-post-thumbnail","hentry","category-deportes","category-malvinas-argentinas","category-municipios","category-provincia"],"_links":{"self":[{"href":"https:\/\/noticiasrec.com\/index.php?rest_route=\/wp\/v2\/posts\/20060","targetHints":{"allow":["GET"]}}],"collection":[{"href":"https:\/\/noticiasrec.com\/index.php?rest_route=\/wp\/v2\/posts"}],"about":[{"href":"https:\/\/noticiasrec.com\/index.php?rest_route=\/wp\/v2\/types\/post"}],"author":[{"embeddable":true,"href":"https:\/\/noticiasrec.com\/index.php?rest_route=\/wp\/v2\/users\/2"}],"replies":[{"embeddable":true,"href":"https:\/\/noticiasrec.com\/index.php?rest_route=%2Fwp%2Fv2%2Fcomments&post=20060"}],"version-history":[{"count":1,"href":"https:\/\/noticiasrec.com\/index.php?rest_route=\/wp\/v2\/posts\/20060\/revisions"}],"predecessor-version":[{"id":20067,"href":"https:\/\/noticiasrec.com\/index.php?rest_route=\/wp\/v2\/posts\/20060\/revisions\/20067"}],"wp:featuredmedia":[{"embeddable":true,"href":"https:\/\/noticiasrec.com\/index.php?rest_route=\/wp\/v2\/media\/20063"}],"wp:attachment":[{"href":"https:\/\/noticiasrec.com\/index.php?rest_route=%2Fwp%2Fv2%2Fmedia&parent=20060"}],"wp:term":[{"taxonomy":"category","embeddable":true,"href":"https:\/\/noticiasrec.com\/index.php?rest_route=%2Fwp%2Fv2%2Fcategories&post=20060"},{"taxonomy":"post_tag","embeddable":true,"href":"https:\/\/noticiasrec.com\/index.php?rest_route=%2Fwp%2Fv2%2Ftags&post=20060"}],"curies":[{"name":"wp","href":"https:\/\/api.w.org\/{rel}","templated":true}]}}