{"id":20055,"date":"2026-04-28T13:48:59","date_gmt":"2026-04-28T13:48:59","guid":{"rendered":"https:\/\/noticiasrec.com\/?p=20055"},"modified":"2026-04-28T13:51:58","modified_gmt":"2026-04-28T13:51:58","slug":"el-ajuste-de-milei-obliga-a-kicillof-a-reconfigurar-la-asistencia-alimentaria","status":"publish","type":"post","link":"https:\/\/noticiasrec.com\/?p=20055","title":{"rendered":"El ajuste de Milei obliga a Kicillof a reconfigurar la asistencia alimentaria"},"content":{"rendered":"\n<p><strong>28 de Abril 2026<\/strong><\/p>\n\n\n\n<p><strong>La Provincia suspendi\u00f3 el programa MESA por 90 d\u00edas y redirige fondos al SAE. La medida fue oficializada por Andr\u00e9s Larroque y se enmarca en la crisis fiscal y la merma de transferencias nacionales.<\/strong><\/p>\n\n\n\n<p>El Gobierno bonaerense resolvi\u00f3 suspender desde el 1\u00b0 de mayo y por 90 d\u00edas el programa alimentario MESA para fortalecer el Servicio Alimentario Escolar (SAE). La decisi\u00f3n fue formalizada mediante una resoluci\u00f3n firmada por el ministro de Desarrollo de la Comunidad, Andr\u00e9s Larroque.<\/p>\n\n\n\n<figure class=\"wp-block-image size-full is-resized\"><a href=\"https:\/\/noticiasrec.com\/wp-content\/uploads\/2026\/04\/20260427182410_whatsapp-image-2026-04-27-at-18-01-24.jpg\"><img loading=\"lazy\" decoding=\"async\" width=\"880\" height=\"506\" src=\"https:\/\/noticiasrec.com\/wp-content\/uploads\/2026\/04\/20260427182410_whatsapp-image-2026-04-27-at-18-01-24.jpg\" alt=\"\" class=\"wp-image-20056\" style=\"width:676px;height:auto\" srcset=\"https:\/\/noticiasrec.com\/wp-content\/uploads\/2026\/04\/20260427182410_whatsapp-image-2026-04-27-at-18-01-24.jpg 880w, https:\/\/noticiasrec.com\/wp-content\/uploads\/2026\/04\/20260427182410_whatsapp-image-2026-04-27-at-18-01-24-300x173.jpg 300w, https:\/\/noticiasrec.com\/wp-content\/uploads\/2026\/04\/20260427182410_whatsapp-image-2026-04-27-at-18-01-24-768x442.jpg 768w\" sizes=\"auto, (max-width: 880px) 100vw, 880px\" \/><\/a><\/figure>\n\n\n\n<p>Seg\u00fan el texto oficial, la medida responde a la emergencia econ\u00f3mica y a la \u201cprofunda recesi\u00f3n\u201d junto al \u201cincumplimiento de transferencias autom\u00e1ticas y no autom\u00e1ticas\u201d por parte del Estado nacional. En ese escenario, se dispuso una \u201creasignaci\u00f3n de partidas\u201d para garantizar el funcionamiento del sistema alimentario escolar.<\/p>\n\n\n\n<p>Desde la cartera social se\u00f1alaron que el MESA, basado en la entrega mensual de m\u00f3dulos alimentarios, fue creado como una herramienta excepcional durante la pandemia. En el contexto actual, su continuidad qued\u00f3 comprometida frente al aumento de costos y la menor participaci\u00f3n nacional en el financiamiento.<\/p>\n\n\n\n<p>A diferencia del SAE, definido como una pol\u00edtica \u201cregular, permanente y estructural\u201d, el MESA pas\u00f3 a ser considerado un instrumento \u201caccesorio y complementario\u201d. Durante los pr\u00f3ximos tres meses, el Ejecutivo evaluar\u00e1 su viabilidad seg\u00fan la evoluci\u00f3n de las variables macroecon\u00f3micas y la disponibilidad de recursos.<\/p>\n\n\n\n<p>La resoluci\u00f3n tambi\u00e9n alude a una \u201cmora y detracci\u00f3n\u201d de fondos nacionales que oblig\u00f3 a la Provincia a ampliar su aporte al sistema alimentario. En paralelo, Larroque desestim\u00f3 el pedido de emergencia alimentaria impulsado por el intendente de Jos\u00e9 C. Paz, Mario Ishii, aunque confirm\u00f3 que avanzar\u00e1 con una presentaci\u00f3n conjunta ante el Ministerio de Capital Humano para reclamar mayores recursos.<\/p>\n\n\n\n<p>Desde la administraci\u00f3n bonaerense remarcaron que no habr\u00e1 interrupciones en la cobertura alimentaria, ya que el SAE continuar\u00e1 funcionando con normalidad. Adem\u00e1s, se notific\u00f3 a municipios y consejos escolares y se aclar\u00f3 que la medida no tendr\u00e1 efecto retroactivo sobre compromisos ya asumidos.<\/p>\n","protected":false},"excerpt":{"rendered":"<p>28 de Abril 2026 La Provincia suspendi\u00f3 el programa MESA por 90 d\u00edas y redirige..<\/p>\n","protected":false},"author":2,"featured_media":20056,"comment_status":"open","ping_status":"open","sticky":false,"template":"","format":"standard","meta":{"footnotes":""},"categories":[3,2],"tags":[],"class_list":["post-20055","post","type-post","status-publish","format-standard","has-post-thumbnail","hentry","category-municipios","category-provincia"],"_links":{"self":[{"href":"https:\/\/noticiasrec.com\/index.php?rest_route=\/wp\/v2\/posts\/20055","targetHints":{"allow":["GET"]}}],"collection":[{"href":"https:\/\/noticiasrec.com\/index.php?rest_route=\/wp\/v2\/posts"}],"about":[{"href":"https:\/\/noticiasrec.com\/index.php?rest_route=\/wp\/v2\/types\/post"}],"author":[{"embeddable":true,"href":"https:\/\/noticiasrec.com\/index.php?rest_route=\/wp\/v2\/users\/2"}],"replies":[{"embeddable":true,"href":"https:\/\/noticiasrec.com\/index.php?rest_route=%2Fwp%2Fv2%2Fcomments&post=20055"}],"version-history":[{"count":2,"href":"https:\/\/noticiasrec.com\/index.php?rest_route=\/wp\/v2\/posts\/20055\/revisions"}],"predecessor-version":[{"id":20058,"href":"https:\/\/noticiasrec.com\/index.php?rest_route=\/wp\/v2\/posts\/20055\/revisions\/20058"}],"wp:featuredmedia":[{"embeddable":true,"href":"https:\/\/noticiasrec.com\/index.php?rest_route=\/wp\/v2\/media\/20056"}],"wp:attachment":[{"href":"https:\/\/noticiasrec.com\/index.php?rest_route=%2Fwp%2Fv2%2Fmedia&parent=20055"}],"wp:term":[{"taxonomy":"category","embeddable":true,"href":"https:\/\/noticiasrec.com\/index.php?rest_route=%2Fwp%2Fv2%2Fcategories&post=20055"},{"taxonomy":"post_tag","embeddable":true,"href":"https:\/\/noticiasrec.com\/index.php?rest_route=%2Fwp%2Fv2%2Ftags&post=20055"}],"curies":[{"name":"wp","href":"https:\/\/api.w.org\/{rel}","templated":true}]}}