{"id":20052,"date":"2026-04-28T11:28:54","date_gmt":"2026-04-28T11:28:54","guid":{"rendered":"https:\/\/noticiasrec.com\/?p=20052"},"modified":"2026-04-28T11:28:54","modified_gmt":"2026-04-28T11:28:54","slug":"horror-en-escobar-detuvieron-a-un-hombre-de-39-anos-por-abusar-de-su-hija-y-dejarla-embarazada","status":"publish","type":"post","link":"https:\/\/noticiasrec.com\/?p=20052","title":{"rendered":"Horror en Escobar: detuvieron a un hombre de 39 a\u00f1os por abusar de su hija y dejarla embarazada"},"content":{"rendered":"\n<p><strong>28 de Abril 2026<\/strong><\/p>\n\n\n\n<p><strong>La ni\u00f1a, de 12 a\u00f1os, pudo contar lo que le pas\u00f3 en una consulta m\u00e9dica a la que la llev\u00f3 su madre, por presentar un malestar inespec\u00edfico persistente. El padre y abusador estaba pr\u00f3fugo, pero la Polic\u00eda logr\u00f3 capturarlo.<\/strong><\/p>\n\n\n\n<p>Un hombre de 39 a\u00f1os fue detenido en la localidad de\u00a0<strong>Loma Verde, partido bonaerense de Escoba<\/strong>r, luego de ser acusado de\u00a0<strong>abusar sexualmente y embarazar a su hija de 12 a\u00f1os.<\/strong>\u00a0El sospechoso, que se encontraba pr\u00f3fugo, fue identificado como Fernando Nelson Peruano. El operativo de captura fue realizado por personal de la SubDDI de Escobar en una casa tras una investigaci\u00f3n: el sujeto, seg\u00fan precisaron, intent\u00f3 huir pero fue reducido.<\/p>\n\n\n\n<figure class=\"wp-block-image size-full is-resized\"><a href=\"https:\/\/noticiasrec.com\/wp-content\/uploads\/2026\/04\/escobar-horror.webp\"><img loading=\"lazy\" decoding=\"async\" width=\"1000\" height=\"562\" src=\"https:\/\/noticiasrec.com\/wp-content\/uploads\/2026\/04\/escobar-horror.webp\" alt=\"\" class=\"wp-image-20053\" style=\"aspect-ratio:1.7793664978651573;width:730px;height:auto\" srcset=\"https:\/\/noticiasrec.com\/wp-content\/uploads\/2026\/04\/escobar-horror.webp 1000w, https:\/\/noticiasrec.com\/wp-content\/uploads\/2026\/04\/escobar-horror-300x169.webp 300w, https:\/\/noticiasrec.com\/wp-content\/uploads\/2026\/04\/escobar-horror-768x432.webp 768w\" sizes=\"auto, (max-width: 1000px) 100vw, 1000px\" \/><\/a><\/figure>\n\n\n\n<p id=\"p-1777327702457-74925\">La investigaci\u00f3n empez\u00f3 a partir de la denuncia de la madre de la v\u00edctima. La mujer cont\u00f3 que llev\u00f3 a la nena a un centro de salud por un malestar f\u00edsico persistente. La ni\u00f1a no hab\u00eda dicho nada de las situaciones de abuso a las que era sometida: fue precisamente&nbsp;<strong>en la consulta m\u00e9dica donde revel\u00f3 que hab\u00eda sido v\u00edctima de abusos por parte de su padre<\/strong>, lo que activ\u00f3 de inmediato los protocolos sanitarios y judiciales correspondientes para estos casos.<\/p>\n\n\n\n<p id=\"p-1777327702457-72920\">Los estudios m\u00e9dicos realizados en la instituci\u00f3n de salud confirmaron que la chica&nbsp;<strong>cursaba un embarazo de aproximadamente tres meses<\/strong>. La madre de la nena efectu\u00f3 la denuncia, y el padre se profug\u00f3 para evitar su detenci\u00f3n.<\/p>\n\n\n\n<p id=\"p-1777327702457-6549\">La causa judicial qued\u00f3 bajo la \u00f3rbita de la Unidad Funcional de Instrucci\u00f3n (UFI) N\u00b0 10 de Escobar, a cargo del fiscal Gonzalo Ferreiros, y cuenta con la intervenci\u00f3n del Juzgado de Garant\u00edas N\u00b0 3. El imputado enfrenta cargos por el delito de abuso sexual con acceso carnal agravado por el v\u00ednculo.<\/p>\n\n\n\n<p id=\"p-1777328033852-69597\">Fuente:\u00a0<a href=\"https:\/\/www.dib.com.ar\/\" target=\"_blank\" rel=\"noreferrer noopener\">Agencia DIB<\/a> <\/p>\n\n\n\n<p><\/p>\n","protected":false},"excerpt":{"rendered":"<p>28 de Abril 2026 La ni\u00f1a, de 12 a\u00f1os, pudo contar lo que le pas\u00f3..<\/p>\n","protected":false},"author":2,"featured_media":20053,"comment_status":"open","ping_status":"open","sticky":false,"template":"","format":"standard","meta":{"footnotes":""},"categories":[12,18],"tags":[],"class_list":["post-20052","post","type-post","status-publish","format-standard","has-post-thumbnail","hentry","category-escobar","category-policiales"],"_links":{"self":[{"href":"https:\/\/noticiasrec.com\/index.php?rest_route=\/wp\/v2\/posts\/20052","targetHints":{"allow":["GET"]}}],"collection":[{"href":"https:\/\/noticiasrec.com\/index.php?rest_route=\/wp\/v2\/posts"}],"about":[{"href":"https:\/\/noticiasrec.com\/index.php?rest_route=\/wp\/v2\/types\/post"}],"author":[{"embeddable":true,"href":"https:\/\/noticiasrec.com\/index.php?rest_route=\/wp\/v2\/users\/2"}],"replies":[{"embeddable":true,"href":"https:\/\/noticiasrec.com\/index.php?rest_route=%2Fwp%2Fv2%2Fcomments&post=20052"}],"version-history":[{"count":1,"href":"https:\/\/noticiasrec.com\/index.php?rest_route=\/wp\/v2\/posts\/20052\/revisions"}],"predecessor-version":[{"id":20054,"href":"https:\/\/noticiasrec.com\/index.php?rest_route=\/wp\/v2\/posts\/20052\/revisions\/20054"}],"wp:featuredmedia":[{"embeddable":true,"href":"https:\/\/noticiasrec.com\/index.php?rest_route=\/wp\/v2\/media\/20053"}],"wp:attachment":[{"href":"https:\/\/noticiasrec.com\/index.php?rest_route=%2Fwp%2Fv2%2Fmedia&parent=20052"}],"wp:term":[{"taxonomy":"category","embeddable":true,"href":"https:\/\/noticiasrec.com\/index.php?rest_route=%2Fwp%2Fv2%2Fcategories&post=20052"},{"taxonomy":"post_tag","embeddable":true,"href":"https:\/\/noticiasrec.com\/index.php?rest_route=%2Fwp%2Fv2%2Ftags&post=20052"}],"curies":[{"name":"wp","href":"https:\/\/api.w.org\/{rel}","templated":true}]}}