{"id":20046,"date":"2026-04-27T20:35:22","date_gmt":"2026-04-27T20:35:22","guid":{"rendered":"https:\/\/noticiasrec.com\/?p=20046"},"modified":"2026-04-27T20:35:22","modified_gmt":"2026-04-27T20:35:22","slug":"luis-vivona-impulsor-de-la-ley-vino-buenos-aires-se-recibio-de-sommelier","status":"publish","type":"post","link":"https:\/\/noticiasrec.com\/?p=20046","title":{"rendered":"Luis Vivona, impulsor de la Ley Vino Buenos Aires, se recibi\u00f3 de Sommelier"},"content":{"rendered":"\n<p><strong>27 de Abril 2026<\/strong><\/p>\n\n\n\n<p>El diputado provincial y referente de la vitivinicultura bonaerense obtuvo su t\u00edtulo oficial en el hist\u00f3rico Centro de En\u00f3logos de Buenos Aires. El trayecto acad\u00e9mico refuerza el compromiso con el sector productivo y la profesionalizaci\u00f3n de las pol\u00edticas p\u00fablicas que fomentan la industria local.<\/p>\n\n\n\n<figure class=\"wp-block-image size-large is-resized\"><a href=\"https:\/\/noticiasrec.com\/wp-content\/uploads\/2026\/04\/682735963_10233197764271486_5525447350431515311_n.jpg\"><img loading=\"lazy\" decoding=\"async\" width=\"1024\" height=\"683\" src=\"https:\/\/noticiasrec.com\/wp-content\/uploads\/2026\/04\/682735963_10233197764271486_5525447350431515311_n-1024x683.jpg\" alt=\"\" class=\"wp-image-20047\" style=\"aspect-ratio:1.4992888417882142;width:628px;height:auto\" srcset=\"https:\/\/noticiasrec.com\/wp-content\/uploads\/2026\/04\/682735963_10233197764271486_5525447350431515311_n-1024x683.jpg 1024w, https:\/\/noticiasrec.com\/wp-content\/uploads\/2026\/04\/682735963_10233197764271486_5525447350431515311_n-300x200.jpg 300w, https:\/\/noticiasrec.com\/wp-content\/uploads\/2026\/04\/682735963_10233197764271486_5525447350431515311_n-768x512.jpg 768w, https:\/\/noticiasrec.com\/wp-content\/uploads\/2026\/04\/682735963_10233197764271486_5525447350431515311_n.jpg 1032w\" sizes=\"auto, (max-width: 1024px) 100vw, 1024px\" \/><\/a><\/figure>\n\n\n\n<p>En un acto que resalta la importancia de la formaci\u00f3n t\u00e9cnica para el desarrollo provincial, se llev\u00f3 a cabo la entrega de t\u00edtulos en el Centro de En\u00f3logos de Buenos Aires, instituci\u00f3n fundada en 1945 y pilar en la excelencia de nuestra vitivinicultura.<\/p>\n\n\n\n<figure class=\"wp-block-image size-large is-resized\"><a href=\"https:\/\/noticiasrec.com\/wp-content\/uploads\/2026\/04\/684066491_10233197765311512_2335892899809083656_n.jpg\"><img loading=\"lazy\" decoding=\"async\" width=\"1024\" height=\"683\" src=\"https:\/\/noticiasrec.com\/wp-content\/uploads\/2026\/04\/684066491_10233197765311512_2335892899809083656_n-1024x683.jpg\" alt=\"\" class=\"wp-image-20048\" style=\"aspect-ratio:1.4992888417882142;width:627px;height:auto\" srcset=\"https:\/\/noticiasrec.com\/wp-content\/uploads\/2026\/04\/684066491_10233197765311512_2335892899809083656_n-1024x683.jpg 1024w, https:\/\/noticiasrec.com\/wp-content\/uploads\/2026\/04\/684066491_10233197765311512_2335892899809083656_n-300x200.jpg 300w, https:\/\/noticiasrec.com\/wp-content\/uploads\/2026\/04\/684066491_10233197765311512_2335892899809083656_n-768x512.jpg 768w, https:\/\/noticiasrec.com\/wp-content\/uploads\/2026\/04\/684066491_10233197765311512_2335892899809083656_n.jpg 1032w\" sizes=\"auto, (max-width: 1024px) 100vw, 1024px\" \/><\/a><\/figure>\n\n\n\n<p>Este logro tambi\u00e9n dialoga con una trayectoria pol\u00edtica estrechamente vinculada al desarrollo del sector. Como impulsor de la Ley Provincial N\u00b0 15.404 \u201cVino Buenos Aires\u201d, aprobada por la Legislatura bonaerense el 16 de diciembre de 2022 y promulgada el 9 de enero de 2023, Vivona promovi\u00f3 un hito para la producci\u00f3n vitivin\u00edcola de la provincia. La norma \u2014pionera en Buenos Aires\u2014 estableci\u00f3 un r\u00e9gimen integral de promoci\u00f3n para fortalecer a productores y bodegas, incentivar inversiones, desarrollar el enoturismo y consolidar una identidad vitivin\u00edcola bonaerense con proyecci\u00f3n nacional e internacional.<\/p>\n\n\n\n<figure class=\"wp-block-image size-large is-resized\"><a href=\"https:\/\/noticiasrec.com\/wp-content\/uploads\/2026\/04\/684451052_1496031578558909_8274590597448253334_n.jpg\"><img loading=\"lazy\" decoding=\"async\" width=\"1024\" height=\"683\" src=\"https:\/\/noticiasrec.com\/wp-content\/uploads\/2026\/04\/684451052_1496031578558909_8274590597448253334_n-1024x683.jpg\" alt=\"\" class=\"wp-image-20050\" style=\"aspect-ratio:1.500418643594753;width:620px;height:auto\" srcset=\"https:\/\/noticiasrec.com\/wp-content\/uploads\/2026\/04\/684451052_1496031578558909_8274590597448253334_n-1024x683.jpg 1024w, https:\/\/noticiasrec.com\/wp-content\/uploads\/2026\/04\/684451052_1496031578558909_8274590597448253334_n-300x200.jpg 300w, https:\/\/noticiasrec.com\/wp-content\/uploads\/2026\/04\/684451052_1496031578558909_8274590597448253334_n-768x512.jpg 768w, https:\/\/noticiasrec.com\/wp-content\/uploads\/2026\/04\/684451052_1496031578558909_8274590597448253334_n-1536x1024.jpg 1536w, https:\/\/noticiasrec.com\/wp-content\/uploads\/2026\/04\/684451052_1496031578558909_8274590597448253334_n.jpg 2048w\" sizes=\"auto, (max-width: 1024px) 100vw, 1024px\" \/><\/a><\/figure>\n\n\n\n<p>La sanci\u00f3n de la ley signific\u00f3 un punto de inflexi\u00f3n para una actividad que ven\u00eda creciendo y encontr\u00f3, a partir de ese marco normativo, una herramienta concreta para potenciar su expansi\u00f3n. Desde entonces, Vivona viene acompa\u00f1ando activamente ese proceso, articulando iniciativas para visibilizar al sector y seguir ampliando oportunidades para la producci\u00f3n local.<\/p>\n\n\n\n<p>En ese contexto, la obtenci\u00f3n de su t\u00edtulo como sommelier suma una nueva dimensi\u00f3n a ese compromiso: no s\u00f3lo desde la promoci\u00f3n legislativa, sino tambi\u00e9n desde el conocimiento t\u00e9cnico y la profesionalizaci\u00f3n. Un paso que reafirma una convicci\u00f3n sostenida: impulsar pol\u00edticas p\u00fablicas con ra\u00edces en el territorio y conocimiento de la actividad.<\/p>\n\n\n\n<p>\u201cTom\u00e9 con mucha responsabilidad seguir formandome para acompa\u00f1ar con m\u00e1s herramientas a esta industria que tiene un enorme presente y mucho futuro para la Provincia\u201d, expres\u00f3 Vivona.<\/p>\n\n\n\n<p>Finalmente,Vivona brind\u00f3 un agradecimiento especial a Alfredo Yornet, presidente de la instituci\u00f3n, y a representantes del laboratorio de Microbiolog\u00eda de la Universidad de Quilmes, con quienes promueve la ciencia aplicada a la vitivinicultura. <\/p>\n","protected":false},"excerpt":{"rendered":"<p>27 de Abril 2026 El diputado provincial y referente de la vitivinicultura bonaerense obtuvo su..<\/p>\n","protected":false},"author":2,"featured_media":20047,"comment_status":"open","ping_status":"open","sticky":false,"template":"","format":"standard","meta":{"footnotes":""},"categories":[6,9,3,2],"tags":[],"class_list":["post-20046","post","type-post","status-publish","format-standard","has-post-thumbnail","hentry","category-cultura-y-espectaculos","category-malvinas-argentinas","category-municipios","category-provincia"],"_links":{"self":[{"href":"https:\/\/noticiasrec.com\/index.php?rest_route=\/wp\/v2\/posts\/20046","targetHints":{"allow":["GET"]}}],"collection":[{"href":"https:\/\/noticiasrec.com\/index.php?rest_route=\/wp\/v2\/posts"}],"about":[{"href":"https:\/\/noticiasrec.com\/index.php?rest_route=\/wp\/v2\/types\/post"}],"author":[{"embeddable":true,"href":"https:\/\/noticiasrec.com\/index.php?rest_route=\/wp\/v2\/users\/2"}],"replies":[{"embeddable":true,"href":"https:\/\/noticiasrec.com\/index.php?rest_route=%2Fwp%2Fv2%2Fcomments&post=20046"}],"version-history":[{"count":1,"href":"https:\/\/noticiasrec.com\/index.php?rest_route=\/wp\/v2\/posts\/20046\/revisions"}],"predecessor-version":[{"id":20051,"href":"https:\/\/noticiasrec.com\/index.php?rest_route=\/wp\/v2\/posts\/20046\/revisions\/20051"}],"wp:featuredmedia":[{"embeddable":true,"href":"https:\/\/noticiasrec.com\/index.php?rest_route=\/wp\/v2\/media\/20047"}],"wp:attachment":[{"href":"https:\/\/noticiasrec.com\/index.php?rest_route=%2Fwp%2Fv2%2Fmedia&parent=20046"}],"wp:term":[{"taxonomy":"category","embeddable":true,"href":"https:\/\/noticiasrec.com\/index.php?rest_route=%2Fwp%2Fv2%2Fcategories&post=20046"},{"taxonomy":"post_tag","embeddable":true,"href":"https:\/\/noticiasrec.com\/index.php?rest_route=%2Fwp%2Fv2%2Ftags&post=20046"}],"curies":[{"name":"wp","href":"https:\/\/api.w.org\/{rel}","templated":true}]}}