{"id":20030,"date":"2026-04-27T11:12:10","date_gmt":"2026-04-27T11:12:10","guid":{"rendered":"https:\/\/noticiasrec.com\/?p=20030"},"modified":"2026-04-27T11:12:10","modified_gmt":"2026-04-27T11:12:10","slug":"malvinas-argentinas-homenajeo-al-papa-francisco-en-el-primer-aniversario-de-su-fallecimiento","status":"publish","type":"post","link":"https:\/\/noticiasrec.com\/?p=20030","title":{"rendered":"Malvinas Argentinas homenaje\u00f3 al Papa Francisco en el primer aniversario de su fallecimiento"},"content":{"rendered":"\n<p><strong>27 de Abril 2026<\/strong><\/p>\n\n\n\n<p>En el t\u00fanel que lleva su nombre, se conmemor\u00f3 la vida y la obra del Sumo Pont\u00edfice con actividades culturales y religiosas y una amplia participaci\u00f3n juvenil. El intendente Leo Nardini destac\u00f3 el mensaje de Francisco como inspiraci\u00f3n para construir una Argentina m\u00e1s justa, fraterna y unida.<\/p>\n\n\n\n<p>En el marco de la conmemoraci\u00f3n del primer aniversario del fallecimiento del Papa Francisco se realiz\u00f3 la jornada \u201cTras las Huellas de Francisco\u201d, organizada por la Pastoral Juvenil Misionera de la Di\u00f3cesis de San Miguel con el acompa\u00f1amiento del Municipio de Malvinas Argentinas. El encuentro tuvo lugar entre las 15 y las 19 horas en el ingreso al Tunel Papa Francisco, en las inmediaciones del Palacio Municipal y cont\u00f3 con la presencia del intendente Leo Nardini y el diputado provincial Luis Vivona, quienes compartieron con la comunidad una tarde de encuentro y reflexi\u00f3n.<\/p>\n\n\n\n<div class=\"wp-block-columns is-layout-flex wp-container-core-columns-is-layout-9d6595d7 wp-block-columns-is-layout-flex\">\n<div class=\"wp-block-column is-layout-flow wp-block-column-is-layout-flow\">\n<figure class=\"wp-block-image size-large\"><a href=\"https:\/\/noticiasrec.com\/wp-content\/uploads\/2026\/04\/WhatsApp-Image-2026-04-25-at-11.11.49-PM-1.jpeg\"><img loading=\"lazy\" decoding=\"async\" width=\"1024\" height=\"682\" src=\"https:\/\/noticiasrec.com\/wp-content\/uploads\/2026\/04\/WhatsApp-Image-2026-04-25-at-11.11.49-PM-1-1024x682.jpeg\" alt=\"\" class=\"wp-image-20031\" srcset=\"https:\/\/noticiasrec.com\/wp-content\/uploads\/2026\/04\/WhatsApp-Image-2026-04-25-at-11.11.49-PM-1-1024x682.jpeg 1024w, https:\/\/noticiasrec.com\/wp-content\/uploads\/2026\/04\/WhatsApp-Image-2026-04-25-at-11.11.49-PM-1-300x200.jpeg 300w, https:\/\/noticiasrec.com\/wp-content\/uploads\/2026\/04\/WhatsApp-Image-2026-04-25-at-11.11.49-PM-1-768x512.jpeg 768w, https:\/\/noticiasrec.com\/wp-content\/uploads\/2026\/04\/WhatsApp-Image-2026-04-25-at-11.11.49-PM-1-1536x1023.jpeg 1536w, https:\/\/noticiasrec.com\/wp-content\/uploads\/2026\/04\/WhatsApp-Image-2026-04-25-at-11.11.49-PM-1.jpeg 1600w\" sizes=\"auto, (max-width: 1024px) 100vw, 1024px\" \/><\/a><\/figure>\n<\/div>\n\n\n\n<div class=\"wp-block-column is-layout-flow wp-block-column-is-layout-flow\">\n<figure class=\"wp-block-image size-large\"><a href=\"https:\/\/noticiasrec.com\/wp-content\/uploads\/2026\/04\/WhatsApp-Image-2026-04-25-at-11.11.48-PM.jpeg\"><img loading=\"lazy\" decoding=\"async\" width=\"1024\" height=\"682\" src=\"https:\/\/noticiasrec.com\/wp-content\/uploads\/2026\/04\/WhatsApp-Image-2026-04-25-at-11.11.48-PM-1024x682.jpeg\" alt=\"\" class=\"wp-image-20032\" srcset=\"https:\/\/noticiasrec.com\/wp-content\/uploads\/2026\/04\/WhatsApp-Image-2026-04-25-at-11.11.48-PM-1024x682.jpeg 1024w, https:\/\/noticiasrec.com\/wp-content\/uploads\/2026\/04\/WhatsApp-Image-2026-04-25-at-11.11.48-PM-300x200.jpeg 300w, https:\/\/noticiasrec.com\/wp-content\/uploads\/2026\/04\/WhatsApp-Image-2026-04-25-at-11.11.48-PM-768x512.jpeg 768w, https:\/\/noticiasrec.com\/wp-content\/uploads\/2026\/04\/WhatsApp-Image-2026-04-25-at-11.11.48-PM.jpeg 1091w\" sizes=\"auto, (max-width: 1024px) 100vw, 1024px\" \/><\/a><\/figure>\n<\/div>\n<\/div>\n\n\n\n<p>El evento, incluy\u00f3 diversas actividades culturales y religiosas con m\u00fasica en vivo, presentaciones art\u00edsticas y videos conmemorativos con im\u00e1genes y mensajes que Francisco envi\u00f3 a los fieles. Uno de los momentos m\u00e1s significativos fue la plantaci\u00f3n del Olivo de la Paz sobre el viaducto, como s\u00edmbolo de vida, memoria y compromiso de mantener ese legado, adem\u00e1s de la muestra fotogr\u00e1fica que invit\u00f3 a recorrer la vida y obra de Bergoglio.\u00a0<\/p>\n\n\n\n<p><\/p>\n\n\n\n<div class=\"wp-block-columns is-layout-flex wp-container-core-columns-is-layout-9d6595d7 wp-block-columns-is-layout-flex\">\n<div class=\"wp-block-column is-layout-flow wp-block-column-is-layout-flow\">\n<figure class=\"wp-block-image size-large\"><a href=\"https:\/\/noticiasrec.com\/wp-content\/uploads\/2026\/04\/WhatsApp-Image-2026-04-25-at-11.11.48-PM-1.jpeg\"><img loading=\"lazy\" decoding=\"async\" width=\"1024\" height=\"1024\" src=\"https:\/\/noticiasrec.com\/wp-content\/uploads\/2026\/04\/WhatsApp-Image-2026-04-25-at-11.11.48-PM-1-1024x1024.jpeg\" alt=\"\" class=\"wp-image-20033\" srcset=\"https:\/\/noticiasrec.com\/wp-content\/uploads\/2026\/04\/WhatsApp-Image-2026-04-25-at-11.11.48-PM-1-1024x1024.jpeg 1024w, https:\/\/noticiasrec.com\/wp-content\/uploads\/2026\/04\/WhatsApp-Image-2026-04-25-at-11.11.48-PM-1-300x300.jpeg 300w, https:\/\/noticiasrec.com\/wp-content\/uploads\/2026\/04\/WhatsApp-Image-2026-04-25-at-11.11.48-PM-1-150x150.jpeg 150w, https:\/\/noticiasrec.com\/wp-content\/uploads\/2026\/04\/WhatsApp-Image-2026-04-25-at-11.11.48-PM-1-768x768.jpeg 768w, https:\/\/noticiasrec.com\/wp-content\/uploads\/2026\/04\/WhatsApp-Image-2026-04-25-at-11.11.48-PM-1-70x70.jpeg 70w, https:\/\/noticiasrec.com\/wp-content\/uploads\/2026\/04\/WhatsApp-Image-2026-04-25-at-11.11.48-PM-1.jpeg 1440w\" sizes=\"auto, (max-width: 1024px) 100vw, 1024px\" \/><\/a><\/figure>\n<\/div>\n\n\n\n<div class=\"wp-block-column is-layout-flow wp-block-column-is-layout-flow\">\n<figure class=\"wp-block-image size-large\"><a href=\"https:\/\/noticiasrec.com\/wp-content\/uploads\/2026\/04\/WhatsApp-Image-2026-04-25-at-11.11.48-PM-2.jpeg\"><img loading=\"lazy\" decoding=\"async\" width=\"1024\" height=\"1024\" src=\"https:\/\/noticiasrec.com\/wp-content\/uploads\/2026\/04\/WhatsApp-Image-2026-04-25-at-11.11.48-PM-2-1024x1024.jpeg\" alt=\"\" class=\"wp-image-20034\" srcset=\"https:\/\/noticiasrec.com\/wp-content\/uploads\/2026\/04\/WhatsApp-Image-2026-04-25-at-11.11.48-PM-2-1024x1024.jpeg 1024w, https:\/\/noticiasrec.com\/wp-content\/uploads\/2026\/04\/WhatsApp-Image-2026-04-25-at-11.11.48-PM-2-300x300.jpeg 300w, https:\/\/noticiasrec.com\/wp-content\/uploads\/2026\/04\/WhatsApp-Image-2026-04-25-at-11.11.48-PM-2-150x150.jpeg 150w, https:\/\/noticiasrec.com\/wp-content\/uploads\/2026\/04\/WhatsApp-Image-2026-04-25-at-11.11.48-PM-2-768x767.jpeg 768w, https:\/\/noticiasrec.com\/wp-content\/uploads\/2026\/04\/WhatsApp-Image-2026-04-25-at-11.11.48-PM-2-70x70.jpeg 70w, https:\/\/noticiasrec.com\/wp-content\/uploads\/2026\/04\/WhatsApp-Image-2026-04-25-at-11.11.48-PM-2.jpeg 1440w\" sizes=\"auto, (max-width: 1024px) 100vw, 1024px\" \/><\/a><\/figure>\n<\/div>\n<\/div>\n\n\n\n<p>Adem\u00e1s, se realizaron los simb\u00f3licos gestos de La Cruz, La Luz y la Fraternidad, que invitaron a los presentes a recorrer el t\u00fanel y compartir experiencias de fe y comunidad. Cada uno acompa\u00f1ado por mensajes de Francisco que resaltaron valores como mantener la felicidad y la chispa, ser protagonistas y dejar huella con nuestras acciones, reconocer la importancia de cada persona y de la ternura en el d\u00eda a d\u00eda, reforzando la invitaci\u00f3n a construir juntos una sociedad m\u00e1s unida.<\/p>\n\n\n\n<div class=\"wp-block-columns is-layout-flex wp-container-core-columns-is-layout-9d6595d7 wp-block-columns-is-layout-flex\">\n<div class=\"wp-block-column is-layout-flow wp-block-column-is-layout-flow\">\n<figure class=\"wp-block-image size-large is-resized\"><a href=\"https:\/\/noticiasrec.com\/wp-content\/uploads\/2026\/04\/WhatsApp-Image-2026-04-25-at-11.11.49-PM-2.jpeg\"><img loading=\"lazy\" decoding=\"async\" width=\"1024\" height=\"683\" src=\"https:\/\/noticiasrec.com\/wp-content\/uploads\/2026\/04\/WhatsApp-Image-2026-04-25-at-11.11.49-PM-2-1024x683.jpeg\" alt=\"\" class=\"wp-image-20035\" style=\"aspect-ratio:1.4992888417882142;width:718px;height:auto\" srcset=\"https:\/\/noticiasrec.com\/wp-content\/uploads\/2026\/04\/WhatsApp-Image-2026-04-25-at-11.11.49-PM-2-1024x683.jpeg 1024w, https:\/\/noticiasrec.com\/wp-content\/uploads\/2026\/04\/WhatsApp-Image-2026-04-25-at-11.11.49-PM-2-300x200.jpeg 300w, https:\/\/noticiasrec.com\/wp-content\/uploads\/2026\/04\/WhatsApp-Image-2026-04-25-at-11.11.49-PM-2-768x512.jpeg 768w, https:\/\/noticiasrec.com\/wp-content\/uploads\/2026\/04\/WhatsApp-Image-2026-04-25-at-11.11.49-PM-2.jpeg 1440w\" sizes=\"auto, (max-width: 1024px) 100vw, 1024px\" \/><\/a><\/figure>\n<\/div>\n<\/div>\n\n\n\n<p>La jornada tuvo como gran protagonista a la juventud, con decenas de j\u00f3venes de distintas congregaciones y grupos Scouts de Malvinas Argentinas presentes. Nardini resalt\u00f3: \u201cEs extraordinario ver tantos j\u00f3venes participando. La fe moviliza y transmite cosas buenas; que desde su lugar elijan transmitir estos valores: la paz, que estemos hermanados m\u00e1s all\u00e1 de las diferencias y que tratemos de construir, desde cada barrio y cada comunidad, todo lo lindo que queremos para nuestros conciudadanos\u201d.<\/p>\n\n\n\n<p>El cierre estuvo marcado por la celebraci\u00f3n de la Santa Misa en el escenario central concluyendo un encuentro que dej\u00f3 huellas de paz y espiritualidad en la comunidad. Al finalizar, Nardini sintetiz\u00f3: \u201cUno de los mensajes de Francisco que guardo en mi coraz\u00f3n es no quedarme con los brazos cruzados, sino animarme a hacer un cambio positivo y reflejarlo en los j\u00f3venes para que el d\u00eda de ma\u00f1ana tengan, como me toc\u00f3 a m\u00ed en su momento, la oportunidad de llevar adelante los destinos de nuestro lugar. Que sigamos haciendo cosas buenas por el pr\u00f3jimo, porque as\u00ed vamos a lograr eso que queremos todos: construir una Argentina pr\u00f3spera, m\u00e1s justa y unida\u201d. <\/p>\n","protected":false},"excerpt":{"rendered":"<p>27 de Abril 2026 En el t\u00fanel que lleva su nombre, se conmemor\u00f3 la vida..<\/p>\n","protected":false},"author":2,"featured_media":20031,"comment_status":"open","ping_status":"open","sticky":false,"template":"","format":"standard","meta":{"footnotes":""},"categories":[6,9,3],"tags":[],"class_list":["post-20030","post","type-post","status-publish","format-standard","has-post-thumbnail","hentry","category-cultura-y-espectaculos","category-malvinas-argentinas","category-municipios"],"_links":{"self":[{"href":"https:\/\/noticiasrec.com\/index.php?rest_route=\/wp\/v2\/posts\/20030","targetHints":{"allow":["GET"]}}],"collection":[{"href":"https:\/\/noticiasrec.com\/index.php?rest_route=\/wp\/v2\/posts"}],"about":[{"href":"https:\/\/noticiasrec.com\/index.php?rest_route=\/wp\/v2\/types\/post"}],"author":[{"embeddable":true,"href":"https:\/\/noticiasrec.com\/index.php?rest_route=\/wp\/v2\/users\/2"}],"replies":[{"embeddable":true,"href":"https:\/\/noticiasrec.com\/index.php?rest_route=%2Fwp%2Fv2%2Fcomments&post=20030"}],"version-history":[{"count":1,"href":"https:\/\/noticiasrec.com\/index.php?rest_route=\/wp\/v2\/posts\/20030\/revisions"}],"predecessor-version":[{"id":20036,"href":"https:\/\/noticiasrec.com\/index.php?rest_route=\/wp\/v2\/posts\/20030\/revisions\/20036"}],"wp:featuredmedia":[{"embeddable":true,"href":"https:\/\/noticiasrec.com\/index.php?rest_route=\/wp\/v2\/media\/20031"}],"wp:attachment":[{"href":"https:\/\/noticiasrec.com\/index.php?rest_route=%2Fwp%2Fv2%2Fmedia&parent=20030"}],"wp:term":[{"taxonomy":"category","embeddable":true,"href":"https:\/\/noticiasrec.com\/index.php?rest_route=%2Fwp%2Fv2%2Fcategories&post=20030"},{"taxonomy":"post_tag","embeddable":true,"href":"https:\/\/noticiasrec.com\/index.php?rest_route=%2Fwp%2Fv2%2Ftags&post=20030"}],"curies":[{"name":"wp","href":"https:\/\/api.w.org\/{rel}","templated":true}]}}