{"id":20025,"date":"2026-04-25T16:15:00","date_gmt":"2026-04-25T16:15:00","guid":{"rendered":"https:\/\/noticiasrec.com\/?p=20025"},"modified":"2026-04-25T16:15:00","modified_gmt":"2026-04-25T16:15:00","slug":"nardini-se-reunio-con-autoridades-del-banco-de-desarrollo-de-america-y-el-caribe-para-impulsar-politicas-sustentables","status":"publish","type":"post","link":"https:\/\/noticiasrec.com\/?p=20025","title":{"rendered":"Nardini se reuni\u00f3 con autoridades del Banco de Desarrollo de Am\u00e9rica y El Caribe para impulsar pol\u00edticas sustentables"},"content":{"rendered":"\n<p><strong>25 de Abril 2026<\/strong><\/p>\n\n\n\n<p><strong>El intendente particip\u00f3 de una reuni\u00f3n con autoridades de la CAF en el marco del programa BioDiverCiudades, reafirmando el compromiso de Malvinas Argentinas con la planificaci\u00f3n urbana sostenible y el bienestar de los vecinos<\/strong>.<\/p>\n\n\n\n<p>En el marco del programa BioDiverCiudades y de las pol\u00edticas orientadas a la construcci\u00f3n de Smartcities, el intendente Leo Nardini particip\u00f3 de una reuni\u00f3n con Christian Asinelli, vicepresidente corporativo de Programaci\u00f3n Estrat\u00e9gica de la CAF \u2013 Banco de Desarrollo de Am\u00e9rica Latina y el Caribe, acompa\u00f1ado por la intendenta de Ca\u00f1uelas, Marisa Fassi.&nbsp;<\/p>\n\n\n\n<div class=\"wp-block-columns is-layout-flex wp-container-core-columns-is-layout-9d6595d7 wp-block-columns-is-layout-flex\">\n<div class=\"wp-block-column is-layout-flow wp-block-column-is-layout-flow\">\n<figure class=\"wp-block-image size-large\"><a href=\"https:\/\/noticiasrec.com\/wp-content\/uploads\/2026\/04\/WhatsApp-Image-2026-04-24-at-11.59.27-1.jpeg\"><img loading=\"lazy\" decoding=\"async\" width=\"1024\" height=\"1024\" src=\"https:\/\/noticiasrec.com\/wp-content\/uploads\/2026\/04\/WhatsApp-Image-2026-04-24-at-11.59.27-1-1024x1024.jpeg\" alt=\"\" class=\"wp-image-20026\" srcset=\"https:\/\/noticiasrec.com\/wp-content\/uploads\/2026\/04\/WhatsApp-Image-2026-04-24-at-11.59.27-1-1024x1024.jpeg 1024w, https:\/\/noticiasrec.com\/wp-content\/uploads\/2026\/04\/WhatsApp-Image-2026-04-24-at-11.59.27-1-300x300.jpeg 300w, https:\/\/noticiasrec.com\/wp-content\/uploads\/2026\/04\/WhatsApp-Image-2026-04-24-at-11.59.27-1-150x150.jpeg 150w, https:\/\/noticiasrec.com\/wp-content\/uploads\/2026\/04\/WhatsApp-Image-2026-04-24-at-11.59.27-1-768x768.jpeg 768w, https:\/\/noticiasrec.com\/wp-content\/uploads\/2026\/04\/WhatsApp-Image-2026-04-24-at-11.59.27-1-70x70.jpeg 70w, https:\/\/noticiasrec.com\/wp-content\/uploads\/2026\/04\/WhatsApp-Image-2026-04-24-at-11.59.27-1.jpeg 1440w\" sizes=\"auto, (max-width: 1024px) 100vw, 1024px\" \/><\/a><\/figure>\n<\/div>\n\n\n\n<div class=\"wp-block-column is-layout-flow wp-block-column-is-layout-flow\">\n<figure class=\"wp-block-image size-large\"><a href=\"https:\/\/noticiasrec.com\/wp-content\/uploads\/2026\/04\/WhatsApp-Image-2026-04-24-at-11.59.27.jpeg\"><img loading=\"lazy\" decoding=\"async\" width=\"1024\" height=\"1024\" src=\"https:\/\/noticiasrec.com\/wp-content\/uploads\/2026\/04\/WhatsApp-Image-2026-04-24-at-11.59.27-1024x1024.jpeg\" alt=\"\" class=\"wp-image-20027\" srcset=\"https:\/\/noticiasrec.com\/wp-content\/uploads\/2026\/04\/WhatsApp-Image-2026-04-24-at-11.59.27-1024x1024.jpeg 1024w, https:\/\/noticiasrec.com\/wp-content\/uploads\/2026\/04\/WhatsApp-Image-2026-04-24-at-11.59.27-300x300.jpeg 300w, https:\/\/noticiasrec.com\/wp-content\/uploads\/2026\/04\/WhatsApp-Image-2026-04-24-at-11.59.27-150x150.jpeg 150w, https:\/\/noticiasrec.com\/wp-content\/uploads\/2026\/04\/WhatsApp-Image-2026-04-24-at-11.59.27-768x768.jpeg 768w, https:\/\/noticiasrec.com\/wp-content\/uploads\/2026\/04\/WhatsApp-Image-2026-04-24-at-11.59.27-70x70.jpeg 70w, https:\/\/noticiasrec.com\/wp-content\/uploads\/2026\/04\/WhatsApp-Image-2026-04-24-at-11.59.27.jpeg 1440w\" sizes=\"auto, (max-width: 1024px) 100vw, 1024px\" \/><\/a><\/figure>\n<\/div>\n<\/div>\n\n\n\n<p>Desde 2022, Malvinas Argentinas forma parte de este programa que impulsa el desarrollo local sustentable, integrando la biodiversidad en la planificaci\u00f3n urbana y promoviendo la bioeconom\u00eda. Se trata de un espacio de cooperaci\u00f3n que re\u00fane a gobiernos locales de toda Am\u00e9rica Latina y el Caribe para pensar y ejecutar intervenciones urbanas sostenibles, con impacto directo en la calidad de vida de los habitantes.&nbsp;<\/p>\n\n\n\n<figure class=\"wp-block-image size-large is-resized\"><a href=\"https:\/\/noticiasrec.com\/wp-content\/uploads\/2026\/04\/WhatsApp-Image-2026-04-24-at-11.59.27-2.jpeg\"><img loading=\"lazy\" decoding=\"async\" width=\"1024\" height=\"1024\" src=\"https:\/\/noticiasrec.com\/wp-content\/uploads\/2026\/04\/WhatsApp-Image-2026-04-24-at-11.59.27-2-1024x1024.jpeg\" alt=\"\" class=\"wp-image-20028\" style=\"width:729px;height:auto\" srcset=\"https:\/\/noticiasrec.com\/wp-content\/uploads\/2026\/04\/WhatsApp-Image-2026-04-24-at-11.59.27-2-1024x1024.jpeg 1024w, https:\/\/noticiasrec.com\/wp-content\/uploads\/2026\/04\/WhatsApp-Image-2026-04-24-at-11.59.27-2-300x300.jpeg 300w, https:\/\/noticiasrec.com\/wp-content\/uploads\/2026\/04\/WhatsApp-Image-2026-04-24-at-11.59.27-2-150x150.jpeg 150w, https:\/\/noticiasrec.com\/wp-content\/uploads\/2026\/04\/WhatsApp-Image-2026-04-24-at-11.59.27-2-768x768.jpeg 768w, https:\/\/noticiasrec.com\/wp-content\/uploads\/2026\/04\/WhatsApp-Image-2026-04-24-at-11.59.27-2-70x70.jpeg 70w, https:\/\/noticiasrec.com\/wp-content\/uploads\/2026\/04\/WhatsApp-Image-2026-04-24-at-11.59.27-2.jpeg 1440w\" sizes=\"auto, (max-width: 1024px) 100vw, 1024px\" \/><\/a><\/figure>\n\n\n\n<p>En este camino, Nardini destac\u00f3 la experiencia de Curitiba, reconocida como la mejor Smart City of 2023, donde recientemente pudo conocer proyectos innovadores en materia de sostenibilidad. Este reconocimiento se da a partir de la combinaci\u00f3n de pol\u00edticas p\u00fablicas inclusivas y sostenibles con innovaci\u00f3n tecnol\u00f3gica en \u00e1reas centrales: el uso eficiente de los recursos naturales y la generaci\u00f3n de energ\u00edas limpias, la integraci\u00f3n de tecnolog\u00eda en salud, educaci\u00f3n y seguridad, y la promoci\u00f3n de la participaci\u00f3n ciudadana y la cooperaci\u00f3n como motores de legitimidad y continuidad.&nbsp;<\/p>\n\n\n\n<p>\u201cMalvinas Argentinas se caracteriza por utilizar sus recursos de manera eficiente, siempre poniendo en el centro el bienestar de los vecinos. La planificaci\u00f3n y la cooperaci\u00f3n son las herramientas que nos permiten avanzar hacia un distrito cada vez mejor\u201d, subray\u00f3 el intendente.&nbsp;<\/p>\n\n\n\n<p>De esta manera, Malvinas Argentinas contin\u00faa fortaleciendo su participaci\u00f3n en espacios de cooperaci\u00f3n local e internacional, para proyectar y consolidar pol\u00edticas p\u00fablicas que integran innovaci\u00f3n, sustentabilidad y bienestar social. La articulaci\u00f3n con organismos como la CAF y con otros gobiernos municipales refuerza la visi\u00f3n de un distrito que planifica con responsabilidad hacia el futuro y un compromiso permanente con la calidad de vida de sus vecinos. <\/p>\n","protected":false},"excerpt":{"rendered":"<p>25 de Abril 2026 El intendente particip\u00f3 de una reuni\u00f3n con autoridades de la CAF..<\/p>\n","protected":false},"author":2,"featured_media":20027,"comment_status":"open","ping_status":"open","sticky":false,"template":"","format":"standard","meta":{"footnotes":""},"categories":[9,3],"tags":[],"class_list":["post-20025","post","type-post","status-publish","format-standard","has-post-thumbnail","hentry","category-malvinas-argentinas","category-municipios"],"_links":{"self":[{"href":"https:\/\/noticiasrec.com\/index.php?rest_route=\/wp\/v2\/posts\/20025","targetHints":{"allow":["GET"]}}],"collection":[{"href":"https:\/\/noticiasrec.com\/index.php?rest_route=\/wp\/v2\/posts"}],"about":[{"href":"https:\/\/noticiasrec.com\/index.php?rest_route=\/wp\/v2\/types\/post"}],"author":[{"embeddable":true,"href":"https:\/\/noticiasrec.com\/index.php?rest_route=\/wp\/v2\/users\/2"}],"replies":[{"embeddable":true,"href":"https:\/\/noticiasrec.com\/index.php?rest_route=%2Fwp%2Fv2%2Fcomments&post=20025"}],"version-history":[{"count":1,"href":"https:\/\/noticiasrec.com\/index.php?rest_route=\/wp\/v2\/posts\/20025\/revisions"}],"predecessor-version":[{"id":20029,"href":"https:\/\/noticiasrec.com\/index.php?rest_route=\/wp\/v2\/posts\/20025\/revisions\/20029"}],"wp:featuredmedia":[{"embeddable":true,"href":"https:\/\/noticiasrec.com\/index.php?rest_route=\/wp\/v2\/media\/20027"}],"wp:attachment":[{"href":"https:\/\/noticiasrec.com\/index.php?rest_route=%2Fwp%2Fv2%2Fmedia&parent=20025"}],"wp:term":[{"taxonomy":"category","embeddable":true,"href":"https:\/\/noticiasrec.com\/index.php?rest_route=%2Fwp%2Fv2%2Fcategories&post=20025"},{"taxonomy":"post_tag","embeddable":true,"href":"https:\/\/noticiasrec.com\/index.php?rest_route=%2Fwp%2Fv2%2Ftags&post=20025"}],"curies":[{"name":"wp","href":"https:\/\/api.w.org\/{rel}","templated":true}]}}