{"id":19520,"date":"2026-02-20T20:39:58","date_gmt":"2026-02-20T20:39:58","guid":{"rendered":"http:\/\/noticiasrec.com\/?p=19520"},"modified":"2026-02-20T20:39:58","modified_gmt":"2026-02-20T20:39:58","slug":"benavidez-se-incendia-el-centro-logistico-norlog-de-andreani-y-hay-preocupacion-en-la-zona","status":"publish","type":"post","link":"https:\/\/noticiasrec.com\/?p=19520","title":{"rendered":"Benavidez: Se incendia el centro log\u00edstico Norlog de Andreani y hay preocupaci\u00f3n en la zona"},"content":{"rendered":"\n<p><strong>20 de Febrero 2026<\/strong><\/p>\n\n\n\n<p>Un incendio de gran magnitud se desat\u00f3 este martes por la tarde en un galp\u00f3n de la empresa log\u00edstica Norlog, vinculado a Andreani, ubicado en la localidad de Benav\u00eddez, partido de Tigre.<\/p>\n\n\n\n<p>El foco \u00edgneo comenz\u00f3 a divisarse poco despu\u00e9s de las 15 y r\u00e1pidamente gener\u00f3 una densa columna de humo visible desde varios kil\u00f3metros a la redonda, lo que provoc\u00f3 preocupaci\u00f3n entre vecinos y trabajadores de la zona.<\/p>\n\n\n\n<figure class=\"wp-block-image size-full\"><a href=\"http:\/\/noticiasrec.com\/wp-content\/uploads\/2026\/02\/incendio-Norlog-e1771616336381.webp\"><img loading=\"lazy\" decoding=\"async\" width=\"745\" height=\"419\" src=\"http:\/\/noticiasrec.com\/wp-content\/uploads\/2026\/02\/incendio-Norlog-e1771616336381.webp\" alt=\"\" class=\"wp-image-19521\" srcset=\"https:\/\/noticiasrec.com\/wp-content\/uploads\/2026\/02\/incendio-Norlog-e1771616336381.webp 745w, https:\/\/noticiasrec.com\/wp-content\/uploads\/2026\/02\/incendio-Norlog-e1771616336381-300x169.webp 300w\" sizes=\"auto, (max-width: 745px) 100vw, 745px\" \/><\/a><\/figure>\n\n\n\n<p>El dep\u00f3sito afectado se encuentra dentro del Parque Industrial Benav\u00eddez, en Bv. Presidente Per\u00f3n 4749.<\/p>\n\n\n\n<p>Amplio operativo de emergencia<\/p>\n\n\n\n<p>En el lugar trabajan intensamente dotaciones de bomberos con al menos 18 camiones provenientes de los cuarteles de Benav\u00eddez, Don Torcuato, General Pacheco, Escobar e Ingeniero Maschwitz. El operativo se centra en contener las llamas y evitar que el fuego se propague a predios linderos dentro del complejo log\u00edstico.<\/p>\n\n\n\n<p>Seg\u00fan las primeras informaciones, hay trabajadores con heridas leves, aunque hasta el momento no se reportaron v\u00edctimas de gravedad.<\/p>\n\n\n\n<p>Las causas del incendio a\u00fan no fueron informadas oficialmente y se espera que, una vez controlado el foco, se inicien las pericias correspondientes para determinar el origen del siniestro y evaluar los da\u00f1os materiales.<\/p>\n\n\n\n<p>La magnitud de la columna de humo mantiene en alerta a vecinos del corredor industrial de Benav\u00eddez, mientras contin\u00faa el despliegue de los equipos de emergencia.<\/p>\n\n\n\n<p>Fuente\/\/Infoban <\/p>\n","protected":false},"excerpt":{"rendered":"<p>20 de Febrero 2026 Un incendio de gran magnitud se desat\u00f3 este martes por la..<\/p>\n","protected":false},"author":2,"featured_media":19521,"comment_status":"open","ping_status":"open","sticky":false,"template":"","format":"standard","meta":{"footnotes":""},"categories":[12,18],"tags":[],"class_list":["post-19520","post","type-post","status-publish","format-standard","has-post-thumbnail","hentry","category-escobar","category-policiales"],"_links":{"self":[{"href":"https:\/\/noticiasrec.com\/index.php?rest_route=\/wp\/v2\/posts\/19520","targetHints":{"allow":["GET"]}}],"collection":[{"href":"https:\/\/noticiasrec.com\/index.php?rest_route=\/wp\/v2\/posts"}],"about":[{"href":"https:\/\/noticiasrec.com\/index.php?rest_route=\/wp\/v2\/types\/post"}],"author":[{"embeddable":true,"href":"https:\/\/noticiasrec.com\/index.php?rest_route=\/wp\/v2\/users\/2"}],"replies":[{"embeddable":true,"href":"https:\/\/noticiasrec.com\/index.php?rest_route=%2Fwp%2Fv2%2Fcomments&post=19520"}],"version-history":[{"count":1,"href":"https:\/\/noticiasrec.com\/index.php?rest_route=\/wp\/v2\/posts\/19520\/revisions"}],"predecessor-version":[{"id":19522,"href":"https:\/\/noticiasrec.com\/index.php?rest_route=\/wp\/v2\/posts\/19520\/revisions\/19522"}],"wp:featuredmedia":[{"embeddable":true,"href":"https:\/\/noticiasrec.com\/index.php?rest_route=\/wp\/v2\/media\/19521"}],"wp:attachment":[{"href":"https:\/\/noticiasrec.com\/index.php?rest_route=%2Fwp%2Fv2%2Fmedia&parent=19520"}],"wp:term":[{"taxonomy":"category","embeddable":true,"href":"https:\/\/noticiasrec.com\/index.php?rest_route=%2Fwp%2Fv2%2Fcategories&post=19520"},{"taxonomy":"post_tag","embeddable":true,"href":"https:\/\/noticiasrec.com\/index.php?rest_route=%2Fwp%2Fv2%2Ftags&post=19520"}],"curies":[{"name":"wp","href":"https:\/\/api.w.org\/{rel}","templated":true}]}}