{"id":19365,"date":"2026-02-05T19:40:40","date_gmt":"2026-02-05T19:40:40","guid":{"rendered":"http:\/\/noticiasrec.com\/?p=19365"},"modified":"2026-02-05T19:40:40","modified_gmt":"2026-02-05T19:40:40","slug":"paritarias-bonaerenses-oferta-del-2-y-fuerte-rechazo-de-docentes-y-estatales","status":"publish","type":"post","link":"https:\/\/noticiasrec.com\/?p=19365","title":{"rendered":"Paritarias bonaerenses: oferta del 2% y fuerte rechazo de docentes y estatales"},"content":{"rendered":"\n<p><strong>05 de Febrero 2026<\/strong><\/p>\n\n\n\n<p><strong>El gobierno provincial reabri\u00f3 la negociaci\u00f3n salarial pero no logr\u00f3 acuerdo. Los gremios consideraron insuficiente la propuesta y reclamaron una recomposici\u00f3n acorde a la inflaci\u00f3n.<\/strong><\/p>\n\n\n\n<p>El gobierno de la provincia de Buenos Aires reabri\u00f3 este jueves las paritarias con los gremios docentes y estatales, pero el encuentro termin\u00f3 sin acuerdo. La administraci\u00f3n de Axel Kicillof ofreci\u00f3 un incremento salarial del 2% sobre los sueldos de enero, propuesta que fue rechazada de plano por los sindicatos.<\/p>\n\n\n\n<figure class=\"wp-block-image size-full is-resized\"><a href=\"http:\/\/noticiasrec.com\/wp-content\/uploads\/2026\/02\/0000573248.jpg\"><img loading=\"lazy\" decoding=\"async\" width=\"1000\" height=\"600\" src=\"http:\/\/noticiasrec.com\/wp-content\/uploads\/2026\/02\/0000573248.jpg\" alt=\"\" class=\"wp-image-19366\" style=\"width:795px;height:auto\" srcset=\"https:\/\/noticiasrec.com\/wp-content\/uploads\/2026\/02\/0000573248.jpg 1000w, https:\/\/noticiasrec.com\/wp-content\/uploads\/2026\/02\/0000573248-300x180.jpg 300w, https:\/\/noticiasrec.com\/wp-content\/uploads\/2026\/02\/0000573248-768x461.jpg 768w\" sizes=\"auto, (max-width: 1000px) 100vw, 1000px\" \/><\/a><\/figure>\n\n\n\n<p>Las reuniones se realizaron en dos instancias: primero con los docentes, de manera virtual, y luego con los trabajadores comprendidos en la Ley N\u00b0 10.430. En ambos casos, los representantes gremiales cuestionaron el porcentaje ofrecido y exigieron una mejora que acompa\u00f1e el ritmo de la inflaci\u00f3n.<\/p>\n\n\n\n<p>Desde la Provincia, adem\u00e1s, se plante\u00f3 el compromiso de retomar la discusi\u00f3n en marzo, aunque esa promesa no alcanz\u00f3 para destrabar el conflicto. Los sindicatos insistieron en la necesidad de una recomposici\u00f3n real del salario frente a la p\u00e9rdida de poder adquisitivo.<\/p>\n\n\n\n<p>La convocatoria se dio pocas semanas despu\u00e9s del acuerdo que hab\u00eda permitido cerrar la paritaria de 2025 y avanzar con el primer aumento del a\u00f1o, adem\u00e1s de habilitar la apertura de la negociaci\u00f3n correspondiente a 2026. Sin embargo, la nueva propuesta volvi\u00f3 a tensionar el v\u00ednculo entre el Ejecutivo y los trabajadores estatales. <\/p>\n","protected":false},"excerpt":{"rendered":"<p>05 de Febrero 2026 El gobierno provincial reabri\u00f3 la negociaci\u00f3n salarial pero no logr\u00f3 acuerdo&#8230;<\/p>\n","protected":false},"author":2,"featured_media":19366,"comment_status":"open","ping_status":"open","sticky":false,"template":"","format":"standard","meta":{"footnotes":""},"categories":[51,25,2,22],"tags":[],"class_list":["post-19365","post","type-post","status-publish","format-standard","has-post-thumbnail","hentry","category-economia","category-educacion","category-provincia","category-sindicales"],"_links":{"self":[{"href":"https:\/\/noticiasrec.com\/index.php?rest_route=\/wp\/v2\/posts\/19365","targetHints":{"allow":["GET"]}}],"collection":[{"href":"https:\/\/noticiasrec.com\/index.php?rest_route=\/wp\/v2\/posts"}],"about":[{"href":"https:\/\/noticiasrec.com\/index.php?rest_route=\/wp\/v2\/types\/post"}],"author":[{"embeddable":true,"href":"https:\/\/noticiasrec.com\/index.php?rest_route=\/wp\/v2\/users\/2"}],"replies":[{"embeddable":true,"href":"https:\/\/noticiasrec.com\/index.php?rest_route=%2Fwp%2Fv2%2Fcomments&post=19365"}],"version-history":[{"count":1,"href":"https:\/\/noticiasrec.com\/index.php?rest_route=\/wp\/v2\/posts\/19365\/revisions"}],"predecessor-version":[{"id":19367,"href":"https:\/\/noticiasrec.com\/index.php?rest_route=\/wp\/v2\/posts\/19365\/revisions\/19367"}],"wp:featuredmedia":[{"embeddable":true,"href":"https:\/\/noticiasrec.com\/index.php?rest_route=\/wp\/v2\/media\/19366"}],"wp:attachment":[{"href":"https:\/\/noticiasrec.com\/index.php?rest_route=%2Fwp%2Fv2%2Fmedia&parent=19365"}],"wp:term":[{"taxonomy":"category","embeddable":true,"href":"https:\/\/noticiasrec.com\/index.php?rest_route=%2Fwp%2Fv2%2Fcategories&post=19365"},{"taxonomy":"post_tag","embeddable":true,"href":"https:\/\/noticiasrec.com\/index.php?rest_route=%2Fwp%2Fv2%2Ftags&post=19365"}],"curies":[{"name":"wp","href":"https:\/\/api.w.org\/{rel}","templated":true}]}}