{"id":19287,"date":"2026-01-28T12:59:33","date_gmt":"2026-01-28T12:59:33","guid":{"rendered":"http:\/\/noticiasrec.com\/?p=19287"},"modified":"2026-01-28T12:59:33","modified_gmt":"2026-01-28T12:59:33","slug":"nardini-destaco-la-importancia-de-la-inversion-municipal-en-las-colonias-de-verano","status":"publish","type":"post","link":"https:\/\/noticiasrec.com\/?p=19287","title":{"rendered":"Nardini destac\u00f3 la importancia de la inversi\u00f3n municipal en las Colonias de Verano"},"content":{"rendered":"\n<p><strong>28 de Enero 2026<\/strong><\/p>\n\n\n\n<p><strong>Leo Nardini visit\u00f3 la colonia que funciona en el Polideportivo CRIM de Grand Bourg, donde miles de chicos y chicas participan de actividades deportivas y recreativas<\/strong>.<\/p>\n\n\n\n<div class=\"wp-block-columns is-layout-flex wp-container-core-columns-is-layout-9d6595d7 wp-block-columns-is-layout-flex\">\n<div class=\"wp-block-column is-layout-flow wp-block-column-is-layout-flow\">\n<figure class=\"wp-block-image size-large\"><a href=\"http:\/\/noticiasrec.com\/wp-content\/uploads\/2026\/01\/WhatsApp-Image-2026-01-26-at-5.16.42-PM-1.jpeg\"><img loading=\"lazy\" decoding=\"async\" width=\"1024\" height=\"682\" src=\"http:\/\/noticiasrec.com\/wp-content\/uploads\/2026\/01\/WhatsApp-Image-2026-01-26-at-5.16.42-PM-1-1024x682.jpeg\" alt=\"\" class=\"wp-image-19288\" srcset=\"https:\/\/noticiasrec.com\/wp-content\/uploads\/2026\/01\/WhatsApp-Image-2026-01-26-at-5.16.42-PM-1-1024x682.jpeg 1024w, https:\/\/noticiasrec.com\/wp-content\/uploads\/2026\/01\/WhatsApp-Image-2026-01-26-at-5.16.42-PM-1-300x200.jpeg 300w, https:\/\/noticiasrec.com\/wp-content\/uploads\/2026\/01\/WhatsApp-Image-2026-01-26-at-5.16.42-PM-1-768x512.jpeg 768w, https:\/\/noticiasrec.com\/wp-content\/uploads\/2026\/01\/WhatsApp-Image-2026-01-26-at-5.16.42-PM-1.jpeg 1280w\" sizes=\"auto, (max-width: 1024px) 100vw, 1024px\" \/><\/a><\/figure>\n<\/div>\n\n\n\n<div class=\"wp-block-column is-layout-flow wp-block-column-is-layout-flow\">\n<figure class=\"wp-block-image size-large\"><a href=\"http:\/\/noticiasrec.com\/wp-content\/uploads\/2026\/01\/WhatsApp-Image-2026-01-26-at-5.16.43-PM-1.jpeg\"><img loading=\"lazy\" decoding=\"async\" width=\"1024\" height=\"682\" src=\"http:\/\/noticiasrec.com\/wp-content\/uploads\/2026\/01\/WhatsApp-Image-2026-01-26-at-5.16.43-PM-1-1024x682.jpeg\" alt=\"\" class=\"wp-image-19289\" srcset=\"https:\/\/noticiasrec.com\/wp-content\/uploads\/2026\/01\/WhatsApp-Image-2026-01-26-at-5.16.43-PM-1-1024x682.jpeg 1024w, https:\/\/noticiasrec.com\/wp-content\/uploads\/2026\/01\/WhatsApp-Image-2026-01-26-at-5.16.43-PM-1-300x200.jpeg 300w, https:\/\/noticiasrec.com\/wp-content\/uploads\/2026\/01\/WhatsApp-Image-2026-01-26-at-5.16.43-PM-1-768x512.jpeg 768w, https:\/\/noticiasrec.com\/wp-content\/uploads\/2026\/01\/WhatsApp-Image-2026-01-26-at-5.16.43-PM-1.jpeg 1280w\" sizes=\"auto, (max-width: 1024px) 100vw, 1024px\" \/><\/a><\/figure>\n<\/div>\n<\/div>\n\n\n\n<p>El intendente de Malvinas Argentinas visit\u00f3 este lunes por la ma\u00f1ana una de las sedes de la Colonia de Verano que se desarrolla en todo el distrito. En esta ocasi\u00f3n, recorri\u00f3 el Polideportivo CRIM, inaugurado en 2025.<\/p>\n\n\n\n<div class=\"wp-block-columns is-layout-flex wp-container-core-columns-is-layout-9d6595d7 wp-block-columns-is-layout-flex\">\n<div class=\"wp-block-column is-layout-flow wp-block-column-is-layout-flow\">\n<figure class=\"wp-block-image size-large\"><a href=\"http:\/\/noticiasrec.com\/wp-content\/uploads\/2026\/01\/WhatsApp-Image-2026-01-26-at-5.16.41-PM.jpeg\"><img loading=\"lazy\" decoding=\"async\" width=\"1024\" height=\"682\" src=\"http:\/\/noticiasrec.com\/wp-content\/uploads\/2026\/01\/WhatsApp-Image-2026-01-26-at-5.16.41-PM-1024x682.jpeg\" alt=\"\" class=\"wp-image-19290\" srcset=\"https:\/\/noticiasrec.com\/wp-content\/uploads\/2026\/01\/WhatsApp-Image-2026-01-26-at-5.16.41-PM-1024x682.jpeg 1024w, https:\/\/noticiasrec.com\/wp-content\/uploads\/2026\/01\/WhatsApp-Image-2026-01-26-at-5.16.41-PM-300x200.jpeg 300w, https:\/\/noticiasrec.com\/wp-content\/uploads\/2026\/01\/WhatsApp-Image-2026-01-26-at-5.16.41-PM-768x512.jpeg 768w, https:\/\/noticiasrec.com\/wp-content\/uploads\/2026\/01\/WhatsApp-Image-2026-01-26-at-5.16.41-PM.jpeg 1280w\" sizes=\"auto, (max-width: 1024px) 100vw, 1024px\" \/><\/a><\/figure>\n<\/div>\n\n\n\n<div class=\"wp-block-column is-layout-flow wp-block-column-is-layout-flow\">\n<figure class=\"wp-block-image size-large\"><a href=\"http:\/\/noticiasrec.com\/wp-content\/uploads\/2026\/01\/WhatsApp-Image-2026-01-26-at-5.16.42-PM-3.jpeg\"><img loading=\"lazy\" decoding=\"async\" width=\"1024\" height=\"682\" src=\"http:\/\/noticiasrec.com\/wp-content\/uploads\/2026\/01\/WhatsApp-Image-2026-01-26-at-5.16.42-PM-3-1024x682.jpeg\" alt=\"\" class=\"wp-image-19291\" srcset=\"https:\/\/noticiasrec.com\/wp-content\/uploads\/2026\/01\/WhatsApp-Image-2026-01-26-at-5.16.42-PM-3-1024x682.jpeg 1024w, https:\/\/noticiasrec.com\/wp-content\/uploads\/2026\/01\/WhatsApp-Image-2026-01-26-at-5.16.42-PM-3-300x200.jpeg 300w, https:\/\/noticiasrec.com\/wp-content\/uploads\/2026\/01\/WhatsApp-Image-2026-01-26-at-5.16.42-PM-3-768x512.jpeg 768w, https:\/\/noticiasrec.com\/wp-content\/uploads\/2026\/01\/WhatsApp-Image-2026-01-26-at-5.16.42-PM-3.jpeg 1280w\" sizes=\"auto, (max-width: 1024px) 100vw, 1024px\" \/><\/a><\/figure>\n<\/div>\n<\/div>\n\n\n\n<p>Con sus modernas instalaciones y en pleno funcionamiento, el polideportivo se convirti\u00f3 este verano en el lugar favorito de miles de ni\u00f1os y ni\u00f1as de 4 a 13 a\u00f1os que tienen la oportunidad de compartir sus d\u00edas entre actividades deportivas y recreativas de forma gratuita.<\/p>\n\n\n\n<figure class=\"wp-block-image size-large\"><a href=\"http:\/\/noticiasrec.com\/wp-content\/uploads\/2026\/01\/WhatsApp-Image-2026-01-26-at-5.16.42-PM-2.jpeg\"><img loading=\"lazy\" decoding=\"async\" width=\"1024\" height=\"682\" src=\"http:\/\/noticiasrec.com\/wp-content\/uploads\/2026\/01\/WhatsApp-Image-2026-01-26-at-5.16.42-PM-2-1024x682.jpeg\" alt=\"\" class=\"wp-image-19292\" srcset=\"https:\/\/noticiasrec.com\/wp-content\/uploads\/2026\/01\/WhatsApp-Image-2026-01-26-at-5.16.42-PM-2-1024x682.jpeg 1024w, https:\/\/noticiasrec.com\/wp-content\/uploads\/2026\/01\/WhatsApp-Image-2026-01-26-at-5.16.42-PM-2-300x200.jpeg 300w, https:\/\/noticiasrec.com\/wp-content\/uploads\/2026\/01\/WhatsApp-Image-2026-01-26-at-5.16.42-PM-2-768x512.jpeg 768w, https:\/\/noticiasrec.com\/wp-content\/uploads\/2026\/01\/WhatsApp-Image-2026-01-26-at-5.16.42-PM-2.jpeg 1280w\" sizes=\"auto, (max-width: 1024px) 100vw, 1024px\" \/><\/a><\/figure>\n\n\n\n<p><br>Nardini explic\u00f3 la importancia de esta propuesta para la comunidad malvinense: \u201cEsta pol\u00edtica p\u00fablica tiene que ver con el acompa\u00f1amiento, no solamente de los chicos que hacen actividad f\u00edsica, vida saludable, sino tambi\u00e9n de las familias. Sobre todo en momentos complejos a nivel econ\u00f3mico. Lo venimos trabajando desde el principio de la gesti\u00f3n\u201d.<\/p>\n\n\n\n<p><br>Adem\u00e1s, destac\u00f3 la articulaci\u00f3n de la propuesta con distintas \u00e1reas de la gesti\u00f3n, donde no solamente interviene la Subsecretar\u00eda de Deporte y Educaci\u00f3n, tambi\u00e9n la de Obras P\u00fablicas con la inversi\u00f3n en infraestructura, y la inversi\u00f3n en recursos humanos, ya que los ni\u00f1os est\u00e1n acompa\u00f1ados y guiados en todas las actividades por profesionales: \u201cNos reconforta la inversi\u00f3n en deportes, educaci\u00f3n, infraestructura p\u00fablica, con la construcci\u00f3n de los polideportivos y piletas. Tambi\u00e9n las profesoras y profesores que est\u00e1n para acompa\u00f1ar y formar, porque todo esto es muy importante para el desarrollo de los chicos\u201d.<\/p>\n\n\n\n<p><br>Este a\u00f1o, la Colonia de Verano tuvo un r\u00e9cord de convocatoria: m\u00e1s de 5.000 chicos y chicas asisten todos los d\u00edas en las seis sedes de todo el distrito y en sus dos turnos de 9:30 a 13 y de 14 a 17:30 horas: la Sociedad Alemana de Gimnasia (SAG), el Polideportivo Braian Toledo, el Polideportivo Diego Armando Maradona, el Polideportivo Tierras Altas\/Tortuguitas, el Polideportivo Ing. Adolfo Sourdeaux y el Polideportivo CRIM.<\/p>\n\n\n\n<p>Adem\u00e1s, tambi\u00e9n funciona la colonia para Personas con Discapacidad de 9 a 12:30 horas en las sedes de la Sociedad Alemana de Gimnasia, el Polideportivo Sourdeaux y el Polideportivo CRIM, ampliando las posibilidades de inclusi\u00f3n.<\/p>\n\n\n\n<p><br>Por \u00faltimo, el intendente resalt\u00f3: \u201cEstamos disfrutando de los miles de chicos que pasan por nuestras colonias y de que accedan a esta posibilidad de recrearse, jugar, venir a la pileta, hacer actividad f\u00edsica, vida sana\u201d. Y remarc\u00f3: \u00abEs importante que las familias cuenten con un municipio que est\u00e9 cerca, acompa\u00f1ando, sin que tengan que pagar una cuota para que los chicos hagan actividades saludables\u201d. <\/p>\n","protected":false},"excerpt":{"rendered":"<p>28 de Enero 2026 Leo Nardini visit\u00f3 la colonia que funciona en el Polideportivo CRIM..<\/p>\n","protected":false},"author":2,"featured_media":19291,"comment_status":"open","ping_status":"open","sticky":false,"template":"","format":"standard","meta":{"footnotes":""},"categories":[7,9,3],"tags":[],"class_list":["post-19287","post","type-post","status-publish","format-standard","has-post-thumbnail","hentry","category-deportes","category-malvinas-argentinas","category-municipios"],"_links":{"self":[{"href":"https:\/\/noticiasrec.com\/index.php?rest_route=\/wp\/v2\/posts\/19287","targetHints":{"allow":["GET"]}}],"collection":[{"href":"https:\/\/noticiasrec.com\/index.php?rest_route=\/wp\/v2\/posts"}],"about":[{"href":"https:\/\/noticiasrec.com\/index.php?rest_route=\/wp\/v2\/types\/post"}],"author":[{"embeddable":true,"href":"https:\/\/noticiasrec.com\/index.php?rest_route=\/wp\/v2\/users\/2"}],"replies":[{"embeddable":true,"href":"https:\/\/noticiasrec.com\/index.php?rest_route=%2Fwp%2Fv2%2Fcomments&post=19287"}],"version-history":[{"count":1,"href":"https:\/\/noticiasrec.com\/index.php?rest_route=\/wp\/v2\/posts\/19287\/revisions"}],"predecessor-version":[{"id":19293,"href":"https:\/\/noticiasrec.com\/index.php?rest_route=\/wp\/v2\/posts\/19287\/revisions\/19293"}],"wp:featuredmedia":[{"embeddable":true,"href":"https:\/\/noticiasrec.com\/index.php?rest_route=\/wp\/v2\/media\/19291"}],"wp:attachment":[{"href":"https:\/\/noticiasrec.com\/index.php?rest_route=%2Fwp%2Fv2%2Fmedia&parent=19287"}],"wp:term":[{"taxonomy":"category","embeddable":true,"href":"https:\/\/noticiasrec.com\/index.php?rest_route=%2Fwp%2Fv2%2Fcategories&post=19287"},{"taxonomy":"post_tag","embeddable":true,"href":"https:\/\/noticiasrec.com\/index.php?rest_route=%2Fwp%2Fv2%2Ftags&post=19287"}],"curies":[{"name":"wp","href":"https:\/\/api.w.org\/{rel}","templated":true}]}}