{"id":19240,"date":"2026-01-12T14:05:03","date_gmt":"2026-01-12T14:05:03","guid":{"rendered":"http:\/\/noticiasrec.com\/?p=19240"},"modified":"2026-01-12T14:05:03","modified_gmt":"2026-01-12T14:05:03","slug":"comenzaron-en-pilar-las-escuelas-abiertas-en-verano-2026-con-actividades-recreativas-y-deportivas","status":"publish","type":"post","link":"https:\/\/noticiasrec.com\/?p=19240","title":{"rendered":"Comenzaron en Pilar las Escuelas Abiertas en Verano 2026 con actividades recreativas y deportivas"},"content":{"rendered":"\n<p><strong>12 de enero 2026<\/strong><\/p>\n\n\n\n<p><strong>El intendente Federico Ach\u00e1val acompa\u00f1\u00f3 el inicio del programa Escuelas Abiertas en Verano 2026 en Pilar, una propuesta que se desarrollar\u00e1 durante enero con actividades recreativas, deportivas y acu\u00e1ticas para chicos y j\u00f3venes en los clubes municipales.<\/strong><\/p>\n\n\n\n<figure class=\"wp-block-image size-full is-resized\"><a href=\"http:\/\/noticiasrec.com\/wp-content\/uploads\/2026\/01\/695e7cac1abc6_800_450.webp\"><img loading=\"lazy\" decoding=\"async\" width=\"800\" height=\"450\" src=\"http:\/\/noticiasrec.com\/wp-content\/uploads\/2026\/01\/695e7cac1abc6_800_450.webp\" alt=\"\" class=\"wp-image-19242\" style=\"aspect-ratio:1.7778665185082296;width:689px;height:auto\" srcset=\"https:\/\/noticiasrec.com\/wp-content\/uploads\/2026\/01\/695e7cac1abc6_800_450.webp 800w, https:\/\/noticiasrec.com\/wp-content\/uploads\/2026\/01\/695e7cac1abc6_800_450-300x169.webp 300w, https:\/\/noticiasrec.com\/wp-content\/uploads\/2026\/01\/695e7cac1abc6_800_450-768x432.webp 768w\" sizes=\"auto, (max-width: 800px) 100vw, 800px\" \/><\/a><\/figure>\n\n\n\n<p>Con una gran participaci\u00f3n de ni\u00f1os y adolescentes,&nbsp;<strong>arrancaron en Pilar las actividades de las Escuelas Abiertas en Verano 2026<\/strong>, una iniciativa que el Municipio impulsa junto a la&nbsp;<strong>Provincia de Buenos Aires<\/strong>&nbsp;para garantizar espacios de recreaci\u00f3n, aprendizaje y encuentro durante el receso escolar. La propuesta est\u00e1 destinada a estudiantes de&nbsp;<strong>entre 3 y 18 a\u00f1os<\/strong>&nbsp;y se desarrolla en distintos&nbsp;<strong>Clubes Municipales<\/strong>&nbsp;del distrito.<\/p>\n\n\n\n<figure class=\"wp-block-image size-full\"><a href=\"http:\/\/noticiasrec.com\/wp-content\/uploads\/2026\/01\/695e7d0b1d2d0_715_396.webp\"><img loading=\"lazy\" decoding=\"async\" width=\"715\" height=\"396\" src=\"http:\/\/noticiasrec.com\/wp-content\/uploads\/2026\/01\/695e7d0b1d2d0_715_396.webp\" alt=\"\" class=\"wp-image-19243\" srcset=\"https:\/\/noticiasrec.com\/wp-content\/uploads\/2026\/01\/695e7d0b1d2d0_715_396.webp 715w, https:\/\/noticiasrec.com\/wp-content\/uploads\/2026\/01\/695e7d0b1d2d0_715_396-300x166.webp 300w\" sizes=\"auto, (max-width: 715px) 100vw, 715px\" \/><\/a><\/figure>\n\n\n\n<h4 class=\"wp-block-heading\">Ach\u00e1val acompa\u00f1\u00f3 el inicio de las actividades<\/h4>\n\n\n\n<p>En la primera jornada, el intendente&nbsp;<strong>Federico Ach\u00e1val<\/strong>&nbsp;estuvo presente en el&nbsp;<strong>Club Municipal Peruzzotti<\/strong>, donde comparti\u00f3 el comienzo de las actividades con chicos y chicas que participan del programa. All\u00ed, destac\u00f3 la importancia de estos espacios pensados para el disfrute y el encuentro durante el verano.<\/p>\n\n\n\n<p>\u00ab<strong>Hoy comenzaron las Escuelas Abiertas en Verano, un programa con el que los chicos de todas las escuelas de Pilar podr\u00e1n compartir el verano con amigos y disfrutar diferentes actividades recreativas en todos nuestros clubes<\/strong>\u00ab, expres\u00f3 el jefe comunal.<\/p>\n\n\n\n<p>Y agreg\u00f3: \u00ab<strong>Nos llena de alegr\u00eda ver a tantos chicos divertirse en estos espacios que construimos para la comunidad<\/strong>\u00ab.<\/p>\n\n\n\n<figure class=\"wp-block-image size-full\"><a href=\"http:\/\/noticiasrec.com\/wp-content\/uploads\/2026\/01\/695e7ceb53607_715_396.webp\"><img loading=\"lazy\" decoding=\"async\" width=\"715\" height=\"396\" src=\"http:\/\/noticiasrec.com\/wp-content\/uploads\/2026\/01\/695e7ceb53607_715_396.webp\" alt=\"\" class=\"wp-image-19244\" srcset=\"https:\/\/noticiasrec.com\/wp-content\/uploads\/2026\/01\/695e7ceb53607_715_396.webp 715w, https:\/\/noticiasrec.com\/wp-content\/uploads\/2026\/01\/695e7ceb53607_715_396-300x166.webp 300w\" sizes=\"auto, (max-width: 715px) 100vw, 715px\" \/><\/a><\/figure>\n\n\n\n<h4 class=\"wp-block-heading\">Juegos, pileta y talleres en los clubes municipales<\/h4>\n\n\n\n<p>Las&nbsp;<strong>Escuelas Abiertas en Verano<\/strong>&nbsp;ya funcionan en el distrito y reciben a una gran cantidad de ni\u00f1os y j\u00f3venes de&nbsp;<strong>nivel inicial, primario y secundario<\/strong>, quienes disfrutan de&nbsp;<strong>juegos al aire libre, actividades deportivas, talleres recreativos y pileta<\/strong>.<br>Adem\u00e1s, el programa invita a los participantes a realizar&nbsp;<strong>actividades acu\u00e1ticas en los ocho clubes comunales<\/strong>, con guardavidas que garantizan la seguridad en los espacios con espejos de agua.<\/p>\n\n\n\n<h4 class=\"wp-block-heading\">Presencias institucionales<\/h4>\n\n\n\n<p>Durante el inicio de la propuesta, acompa\u00f1aron al intendente la\u00a0<strong>secretaria General, Soledad Peralta<\/strong>; el\u00a0<strong>secretario de Educaci\u00f3n, Dami\u00e1n Esp\u00edndola<\/strong>; y el\u00a0<strong>secretario de Integraci\u00f3n y Desarrollo Comunitario, Juan Manuel Morales<\/strong>, junto a otros funcionarios del gabinete municipal y concejales. <\/p>\n","protected":false},"excerpt":{"rendered":"<p>12 de enero 2026 El intendente Federico Ach\u00e1val acompa\u00f1\u00f3 el inicio del programa Escuelas Abiertas..<\/p>\n","protected":false},"author":2,"featured_media":19242,"comment_status":"open","ping_status":"open","sticky":false,"template":"","format":"standard","meta":{"footnotes":""},"categories":[7,3,11],"tags":[],"class_list":["post-19240","post","type-post","status-publish","format-standard","has-post-thumbnail","hentry","category-deportes","category-municipios","category-pilar"],"_links":{"self":[{"href":"https:\/\/noticiasrec.com\/index.php?rest_route=\/wp\/v2\/posts\/19240","targetHints":{"allow":["GET"]}}],"collection":[{"href":"https:\/\/noticiasrec.com\/index.php?rest_route=\/wp\/v2\/posts"}],"about":[{"href":"https:\/\/noticiasrec.com\/index.php?rest_route=\/wp\/v2\/types\/post"}],"author":[{"embeddable":true,"href":"https:\/\/noticiasrec.com\/index.php?rest_route=\/wp\/v2\/users\/2"}],"replies":[{"embeddable":true,"href":"https:\/\/noticiasrec.com\/index.php?rest_route=%2Fwp%2Fv2%2Fcomments&post=19240"}],"version-history":[{"count":1,"href":"https:\/\/noticiasrec.com\/index.php?rest_route=\/wp\/v2\/posts\/19240\/revisions"}],"predecessor-version":[{"id":19245,"href":"https:\/\/noticiasrec.com\/index.php?rest_route=\/wp\/v2\/posts\/19240\/revisions\/19245"}],"wp:featuredmedia":[{"embeddable":true,"href":"https:\/\/noticiasrec.com\/index.php?rest_route=\/wp\/v2\/media\/19242"}],"wp:attachment":[{"href":"https:\/\/noticiasrec.com\/index.php?rest_route=%2Fwp%2Fv2%2Fmedia&parent=19240"}],"wp:term":[{"taxonomy":"category","embeddable":true,"href":"https:\/\/noticiasrec.com\/index.php?rest_route=%2Fwp%2Fv2%2Fcategories&post=19240"},{"taxonomy":"post_tag","embeddable":true,"href":"https:\/\/noticiasrec.com\/index.php?rest_route=%2Fwp%2Fv2%2Ftags&post=19240"}],"curies":[{"name":"wp","href":"https:\/\/api.w.org\/{rel}","templated":true}]}}