{"id":19223,"date":"2026-01-10T13:03:25","date_gmt":"2026-01-10T13:03:25","guid":{"rendered":"http:\/\/noticiasrec.com\/?p=19223"},"modified":"2026-01-10T13:03:25","modified_gmt":"2026-01-10T13:03:25","slug":"ishii-inauguro-la-26-temporada-de-la-colonia-de-verano-por-muchas-mas-caritas-felices-2026","status":"publish","type":"post","link":"https:\/\/noticiasrec.com\/?p=19223","title":{"rendered":"Ishii inaugur\u00f3 la 26\u00b0 temporada de la colonia de verano \u00abPor Muchas M\u00e1s Caritas Felices\u00bb 2026"},"content":{"rendered":"\n<p><strong>10 de Enero 2026<\/strong><\/p>\n\n\n\n<p>El senador provincial y vicepresidente de Ciudades del Aprendizaje por la UNESCO e intendente en uso de licencia, Dr. HC Mario Ishii, inaugur\u00f3 este viernes la temporada de verano 2026 de la tradicional colonia \u00abPor Muchas M\u00e1s Caritas Felices\u00bb, que este a\u00f1o alcanza su 26\u00b0 edici\u00f3n consecutiva.<\/p>\n\n\n\n<div class=\"wp-block-columns is-layout-flex wp-container-core-columns-is-layout-9d6595d7 wp-block-columns-is-layout-flex\">\n<div class=\"wp-block-column is-layout-flow wp-block-column-is-layout-flow\">\n<figure class=\"wp-block-image size-full\"><a href=\"http:\/\/noticiasrec.com\/wp-content\/uploads\/2026\/01\/2.G-QnSuLXYAEpyza.webp\"><img loading=\"lazy\" decoding=\"async\" width=\"700\" height=\"394\" src=\"http:\/\/noticiasrec.com\/wp-content\/uploads\/2026\/01\/2.G-QnSuLXYAEpyza.webp\" alt=\"\" class=\"wp-image-19224\" srcset=\"https:\/\/noticiasrec.com\/wp-content\/uploads\/2026\/01\/2.G-QnSuLXYAEpyza.webp 700w, https:\/\/noticiasrec.com\/wp-content\/uploads\/2026\/01\/2.G-QnSuLXYAEpyza-300x169.webp 300w\" sizes=\"auto, (max-width: 700px) 100vw, 700px\" \/><\/a><\/figure>\n<\/div>\n\n\n\n<div class=\"wp-block-column is-layout-flow wp-block-column-is-layout-flow\">\n<figure class=\"wp-block-image size-full\"><a href=\"http:\/\/noticiasrec.com\/wp-content\/uploads\/2026\/01\/0_MarioIshii_Colonia2026_09012026.webp\"><img loading=\"lazy\" decoding=\"async\" width=\"700\" height=\"401\" src=\"http:\/\/noticiasrec.com\/wp-content\/uploads\/2026\/01\/0_MarioIshii_Colonia2026_09012026.webp\" alt=\"\" class=\"wp-image-19226\" srcset=\"https:\/\/noticiasrec.com\/wp-content\/uploads\/2026\/01\/0_MarioIshii_Colonia2026_09012026.webp 700w, https:\/\/noticiasrec.com\/wp-content\/uploads\/2026\/01\/0_MarioIshii_Colonia2026_09012026-300x172.webp 300w\" sizes=\"auto, (max-width: 700px) 100vw, 700px\" \/><\/a><\/figure>\n<\/div>\n<\/div>\n\n\n\n<p>La apertura se realiz\u00f3 en el predio municipal Natalio Salvatori, ubicado en Charcas y Bol\u00edvar, y cont\u00f3 con la presencia de la intendenta interina Lorena Espina, el secretario de Gobierno Pablo Mansilla y el secretario de Deportes Rodolfo Pino, junto a numerosas familias de la comunidad.<\/p>\n\n\n\n<figure class=\"wp-block-image size-full\"><a href=\"http:\/\/noticiasrec.com\/wp-content\/uploads\/2026\/01\/3.G-QnSIWXMAAYoY8.webp\"><img loading=\"lazy\" decoding=\"async\" width=\"700\" height=\"467\" src=\"http:\/\/noticiasrec.com\/wp-content\/uploads\/2026\/01\/3.G-QnSIWXMAAYoY8.webp\" alt=\"\" class=\"wp-image-19227\" srcset=\"https:\/\/noticiasrec.com\/wp-content\/uploads\/2026\/01\/3.G-QnSIWXMAAYoY8.webp 700w, https:\/\/noticiasrec.com\/wp-content\/uploads\/2026\/01\/3.G-QnSIWXMAAYoY8-300x200.webp 300w\" sizes=\"auto, (max-width: 700px) 100vw, 700px\" \/><\/a><\/figure>\n\n\n\n<p>Durante el acto inaugural, el senador Mario Ishii expres\u00f3: \u00abHoy inauguramos la Colonia de Verano &#8216;Por muchas m\u00e1s caritas felices&#8217; 2026 en el predio Natalio Salvatori, junto a las familias de Jos\u00e9 C. Paz\u00bb.<br>\u00abCon dos piletas semi ol\u00edmpicas, juegos y actividades recreativas y deportivas, nuestros ni\u00f1os est\u00e1n viviendo una nueva temporada pensada para el cuidado, el encuentro y la diversi\u00f3n\u00bb, destac\u00f3 el mandatario.<\/p>\n\n\n\n<figure class=\"wp-block-image size-full\"><a href=\"http:\/\/noticiasrec.com\/wp-content\/uploads\/2026\/01\/4.G-QnSIUWAAAU_5A-1.webp\"><img loading=\"lazy\" decoding=\"async\" width=\"700\" height=\"468\" src=\"http:\/\/noticiasrec.com\/wp-content\/uploads\/2026\/01\/4.G-QnSIUWAAAU_5A-1.webp\" alt=\"\" class=\"wp-image-19228\" srcset=\"https:\/\/noticiasrec.com\/wp-content\/uploads\/2026\/01\/4.G-QnSIUWAAAU_5A-1.webp 700w, https:\/\/noticiasrec.com\/wp-content\/uploads\/2026\/01\/4.G-QnSIUWAAAU_5A-1-300x201.webp 300w\" sizes=\"auto, (max-width: 700px) 100vw, 700px\" \/><\/a><\/figure>\n\n\n\n<p>Ishii adem\u00e1s subray\u00f3 el compromiso del municipio con las infancias: \u00abAcompa\u00f1amos a nuestras infancias con propuestas que brindan oportunidades y contenci\u00f3n. Seguimos generando espacios para que nuestros chicos disfruten y compartan\u00bb.<br>Infraestructura y actividades<br>La colonia Natalio Salvatori cuenta con dos piletas semi ol\u00edmpicas y ofrece una amplia variedad de juegos, actividades recreativas y deportivas dise\u00f1adas especialmente para el disfrute de los ni\u00f1os durante la temporada estival.<br>Esto representa una pol\u00edtica p\u00fablica consolidada en Jos\u00e9 C. Paz, brindando a las familias del distrito un espacio de esparcimiento, contenci\u00f3n y recreaci\u00f3n durante los meses de enero, febrero y marzo.<\/p>\n","protected":false},"excerpt":{"rendered":"<p>10 de Enero 2026 El senador provincial y vicepresidente de Ciudades del Aprendizaje por la..<\/p>\n","protected":false},"author":2,"featured_media":19227,"comment_status":"open","ping_status":"open","sticky":false,"template":"","format":"standard","meta":{"footnotes":""},"categories":[7,10,3],"tags":[],"class_list":["post-19223","post","type-post","status-publish","format-standard","has-post-thumbnail","hentry","category-deportes","category-jose-c-paz","category-municipios"],"_links":{"self":[{"href":"https:\/\/noticiasrec.com\/index.php?rest_route=\/wp\/v2\/posts\/19223","targetHints":{"allow":["GET"]}}],"collection":[{"href":"https:\/\/noticiasrec.com\/index.php?rest_route=\/wp\/v2\/posts"}],"about":[{"href":"https:\/\/noticiasrec.com\/index.php?rest_route=\/wp\/v2\/types\/post"}],"author":[{"embeddable":true,"href":"https:\/\/noticiasrec.com\/index.php?rest_route=\/wp\/v2\/users\/2"}],"replies":[{"embeddable":true,"href":"https:\/\/noticiasrec.com\/index.php?rest_route=%2Fwp%2Fv2%2Fcomments&post=19223"}],"version-history":[{"count":1,"href":"https:\/\/noticiasrec.com\/index.php?rest_route=\/wp\/v2\/posts\/19223\/revisions"}],"predecessor-version":[{"id":19229,"href":"https:\/\/noticiasrec.com\/index.php?rest_route=\/wp\/v2\/posts\/19223\/revisions\/19229"}],"wp:featuredmedia":[{"embeddable":true,"href":"https:\/\/noticiasrec.com\/index.php?rest_route=\/wp\/v2\/media\/19227"}],"wp:attachment":[{"href":"https:\/\/noticiasrec.com\/index.php?rest_route=%2Fwp%2Fv2%2Fmedia&parent=19223"}],"wp:term":[{"taxonomy":"category","embeddable":true,"href":"https:\/\/noticiasrec.com\/index.php?rest_route=%2Fwp%2Fv2%2Fcategories&post=19223"},{"taxonomy":"post_tag","embeddable":true,"href":"https:\/\/noticiasrec.com\/index.php?rest_route=%2Fwp%2Fv2%2Ftags&post=19223"}],"curies":[{"name":"wp","href":"https:\/\/api.w.org\/{rel}","templated":true}]}}