{"id":19216,"date":"2026-01-08T19:32:51","date_gmt":"2026-01-08T19:32:51","guid":{"rendered":"http:\/\/noticiasrec.com\/?p=19216"},"modified":"2026-01-08T19:32:51","modified_gmt":"2026-01-08T19:32:51","slug":"comenzaron-los-trabajos-de-repavimentacion-del-tunel-san-juan-pablo-ii","status":"publish","type":"post","link":"https:\/\/noticiasrec.com\/?p=19216","title":{"rendered":"Comenzaron los trabajos de repavimentaci\u00f3n del T\u00fanel San Juan Pablo II"},"content":{"rendered":"\n<p><strong>08 de Enero 2026<\/strong><\/p>\n\n\n\n<p>Una etapa clave de la obra integral que el municipio de Malvinas Argentinas realiza, en convenio con la Direcci\u00f3n de Vialidad de la Provincia de Buenos Aires, sobre la Ruta Provincial N\u00b0 24, en Ing. Pablo Nogu\u00e9s. Durante 30 d\u00edas se ver\u00e1 afectado el tr\u00e1nsito vehicular en la zona.<\/p>\n\n\n\n<p>Como parte de la obra de repavimentaci\u00f3n de la Ruta Provincial N\u00b0 24, en el tramo de la Avenida del Sesquicentenario (ex Ruta 197), comenz\u00f3 una nueva etapa que comprende el T\u00fanel San Juan Pablo II, en la ciudad de Ing. Pablo Nogu\u00e9s.<\/p>\n\n\n\n<div class=\"wp-block-columns is-layout-flex wp-container-core-columns-is-layout-9d6595d7 wp-block-columns-is-layout-flex\">\n<div class=\"wp-block-column is-layout-flow wp-block-column-is-layout-flow\">\n<figure class=\"wp-block-image size-large\"><a href=\"http:\/\/noticiasrec.com\/wp-content\/uploads\/2026\/01\/WhatsApp-Image-2026-01-08-at-10.26.10-AM-1.jpeg\"><img loading=\"lazy\" decoding=\"async\" width=\"1024\" height=\"682\" src=\"http:\/\/noticiasrec.com\/wp-content\/uploads\/2026\/01\/WhatsApp-Image-2026-01-08-at-10.26.10-AM-1-1024x682.jpeg\" alt=\"\" class=\"wp-image-19218\" srcset=\"https:\/\/noticiasrec.com\/wp-content\/uploads\/2026\/01\/WhatsApp-Image-2026-01-08-at-10.26.10-AM-1-1024x682.jpeg 1024w, https:\/\/noticiasrec.com\/wp-content\/uploads\/2026\/01\/WhatsApp-Image-2026-01-08-at-10.26.10-AM-1-300x200.jpeg 300w, https:\/\/noticiasrec.com\/wp-content\/uploads\/2026\/01\/WhatsApp-Image-2026-01-08-at-10.26.10-AM-1-768x512.jpeg 768w, https:\/\/noticiasrec.com\/wp-content\/uploads\/2026\/01\/WhatsApp-Image-2026-01-08-at-10.26.10-AM-1.jpeg 1280w\" sizes=\"auto, (max-width: 1024px) 100vw, 1024px\" \/><\/a><\/figure>\n<\/div>\n\n\n\n<div class=\"wp-block-column is-layout-flow wp-block-column-is-layout-flow\">\n<figure class=\"wp-block-image size-large\"><a href=\"http:\/\/noticiasrec.com\/wp-content\/uploads\/2026\/01\/WhatsApp-Image-2026-01-08-at-10.26.08-AM-1.jpeg\"><img loading=\"lazy\" decoding=\"async\" width=\"1024\" height=\"682\" src=\"http:\/\/noticiasrec.com\/wp-content\/uploads\/2026\/01\/WhatsApp-Image-2026-01-08-at-10.26.08-AM-1-1024x682.jpeg\" alt=\"\" class=\"wp-image-19219\" srcset=\"https:\/\/noticiasrec.com\/wp-content\/uploads\/2026\/01\/WhatsApp-Image-2026-01-08-at-10.26.08-AM-1-1024x682.jpeg 1024w, https:\/\/noticiasrec.com\/wp-content\/uploads\/2026\/01\/WhatsApp-Image-2026-01-08-at-10.26.08-AM-1-300x200.jpeg 300w, https:\/\/noticiasrec.com\/wp-content\/uploads\/2026\/01\/WhatsApp-Image-2026-01-08-at-10.26.08-AM-1-768x512.jpeg 768w, https:\/\/noticiasrec.com\/wp-content\/uploads\/2026\/01\/WhatsApp-Image-2026-01-08-at-10.26.08-AM-1.jpeg 1280w\" sizes=\"auto, (max-width: 1024px) 100vw, 1024px\" \/><\/a><\/figure>\n<\/div>\n<\/div>\n\n\n\n<p>Desde el 7 de enero y por un plazo estimado de 30 d\u00edas, el t\u00fanel se ver\u00e1 afectado, debido al desarrollo de los trabajos correspondientes a esta etapa.<\/p>\n\n\n\n<div class=\"wp-block-columns is-layout-flex wp-container-core-columns-is-layout-9d6595d7 wp-block-columns-is-layout-flex\">\n<div class=\"wp-block-column is-layout-flow wp-block-column-is-layout-flow\">\n<figure class=\"wp-block-image size-large\"><a href=\"http:\/\/noticiasrec.com\/wp-content\/uploads\/2026\/01\/WhatsApp-Image-2026-01-08-at-10.26.09-AM.jpeg\"><img loading=\"lazy\" decoding=\"async\" width=\"1024\" height=\"682\" src=\"http:\/\/noticiasrec.com\/wp-content\/uploads\/2026\/01\/WhatsApp-Image-2026-01-08-at-10.26.09-AM-1024x682.jpeg\" alt=\"\" class=\"wp-image-19220\" srcset=\"https:\/\/noticiasrec.com\/wp-content\/uploads\/2026\/01\/WhatsApp-Image-2026-01-08-at-10.26.09-AM-1024x682.jpeg 1024w, https:\/\/noticiasrec.com\/wp-content\/uploads\/2026\/01\/WhatsApp-Image-2026-01-08-at-10.26.09-AM-300x200.jpeg 300w, https:\/\/noticiasrec.com\/wp-content\/uploads\/2026\/01\/WhatsApp-Image-2026-01-08-at-10.26.09-AM-768x512.jpeg 768w, https:\/\/noticiasrec.com\/wp-content\/uploads\/2026\/01\/WhatsApp-Image-2026-01-08-at-10.26.09-AM.jpeg 1280w\" sizes=\"auto, (max-width: 1024px) 100vw, 1024px\" \/><\/a><\/figure>\n<\/div>\n\n\n\n<div class=\"wp-block-column is-layout-flow wp-block-column-is-layout-flow\">\n<figure class=\"wp-block-image size-large\"><a href=\"http:\/\/noticiasrec.com\/wp-content\/uploads\/2026\/01\/WhatsApp-Image-2026-01-08-at-10.26.10-AM.jpeg\"><img loading=\"lazy\" decoding=\"async\" width=\"1024\" height=\"682\" src=\"http:\/\/noticiasrec.com\/wp-content\/uploads\/2026\/01\/WhatsApp-Image-2026-01-08-at-10.26.10-AM-1024x682.jpeg\" alt=\"\" class=\"wp-image-19221\" srcset=\"https:\/\/noticiasrec.com\/wp-content\/uploads\/2026\/01\/WhatsApp-Image-2026-01-08-at-10.26.10-AM-1024x682.jpeg 1024w, https:\/\/noticiasrec.com\/wp-content\/uploads\/2026\/01\/WhatsApp-Image-2026-01-08-at-10.26.10-AM-300x200.jpeg 300w, https:\/\/noticiasrec.com\/wp-content\/uploads\/2026\/01\/WhatsApp-Image-2026-01-08-at-10.26.10-AM-768x512.jpeg 768w, https:\/\/noticiasrec.com\/wp-content\/uploads\/2026\/01\/WhatsApp-Image-2026-01-08-at-10.26.10-AM.jpeg 1280w\" sizes=\"auto, (max-width: 1024px) 100vw, 1024px\" \/><\/a><\/figure>\n<\/div>\n<\/div>\n\n\n\n<p>La tarea forma parte del proyecto integral iniciado por el municipio en noviembre de 2025, que contempla la repavimentaci\u00f3n completa del tramo comprendido entre la Av. Pdte. Arturo Illia (Ruta Provincial N\u00b0 8) y la Av. del Libertador Gral. San Mart\u00edn, en el l\u00edmite con el partido de Tigre, en el marco de un convenio con la Direcci\u00f3n de Vialidad de la Provincia de Buenos Aires.<\/p>\n\n\n\n<p>Las tareas se desarrollan sobre la Avenida del Sesquicentenario, entre las calles Miraflores y Adela Celia Burgos. El tr\u00e1nsito ser\u00e1 desviado hacia la mano contraria mediante carriles provisorios de doble sentido. Las calles laterales afectadas tendr\u00e1n anulaci\u00f3n parcial. La zona se encuentra debidamente se\u00f1alizada, con carteler\u00eda y elementos de seguridad vial.<\/p>\n\n\n\n<p>Desde el municipio se solicita a los conductores circular con precauci\u00f3n y respetar las indicaciones, mientras se llevan adelante los trabajos que permitir\u00e1n mejorar la seguridad y la conectividad de una de las avenidas m\u00e1s importantes del distrito. <\/p>\n","protected":false},"excerpt":{"rendered":"<p>08 de Enero 2026 Una etapa clave de la obra integral que el municipio de..<\/p>\n","protected":false},"author":2,"featured_media":19220,"comment_status":"open","ping_status":"open","sticky":false,"template":"","format":"standard","meta":{"footnotes":""},"categories":[9,3],"tags":[],"class_list":["post-19216","post","type-post","status-publish","format-standard","has-post-thumbnail","hentry","category-malvinas-argentinas","category-municipios"],"_links":{"self":[{"href":"https:\/\/noticiasrec.com\/index.php?rest_route=\/wp\/v2\/posts\/19216","targetHints":{"allow":["GET"]}}],"collection":[{"href":"https:\/\/noticiasrec.com\/index.php?rest_route=\/wp\/v2\/posts"}],"about":[{"href":"https:\/\/noticiasrec.com\/index.php?rest_route=\/wp\/v2\/types\/post"}],"author":[{"embeddable":true,"href":"https:\/\/noticiasrec.com\/index.php?rest_route=\/wp\/v2\/users\/2"}],"replies":[{"embeddable":true,"href":"https:\/\/noticiasrec.com\/index.php?rest_route=%2Fwp%2Fv2%2Fcomments&post=19216"}],"version-history":[{"count":1,"href":"https:\/\/noticiasrec.com\/index.php?rest_route=\/wp\/v2\/posts\/19216\/revisions"}],"predecessor-version":[{"id":19222,"href":"https:\/\/noticiasrec.com\/index.php?rest_route=\/wp\/v2\/posts\/19216\/revisions\/19222"}],"wp:featuredmedia":[{"embeddable":true,"href":"https:\/\/noticiasrec.com\/index.php?rest_route=\/wp\/v2\/media\/19220"}],"wp:attachment":[{"href":"https:\/\/noticiasrec.com\/index.php?rest_route=%2Fwp%2Fv2%2Fmedia&parent=19216"}],"wp:term":[{"taxonomy":"category","embeddable":true,"href":"https:\/\/noticiasrec.com\/index.php?rest_route=%2Fwp%2Fv2%2Fcategories&post=19216"},{"taxonomy":"post_tag","embeddable":true,"href":"https:\/\/noticiasrec.com\/index.php?rest_route=%2Fwp%2Fv2%2Ftags&post=19216"}],"curies":[{"name":"wp","href":"https:\/\/api.w.org\/{rel}","templated":true}]}}