{"id":19191,"date":"2026-01-03T15:31:14","date_gmt":"2026-01-03T15:31:14","guid":{"rendered":"http:\/\/noticiasrec.com\/?p=19191"},"modified":"2026-01-03T15:31:14","modified_gmt":"2026-01-03T15:31:14","slug":"alexander-es-el-primer-bebe-nacido-en-malvinas-argentinas-en-2026","status":"publish","type":"post","link":"https:\/\/noticiasrec.com\/?p=19191","title":{"rendered":"Alexander es el primer beb\u00e9 nacido en Malvinas Argentinas en 2026"},"content":{"rendered":"\n<p><strong>03 de Enero 2026<\/strong><\/p>\n\n\n\n<p>Naci\u00f3 a las 2:38 de la madrugada del 1\u00ba de enero en la maternidad municipal \u201cMar\u00eda Eva Duarte de Per\u00f3n\u201d. Su mam\u00e1, Claudia, y el reci\u00e9n nacido, se encuentran en perfecto estado de salud.<\/p>\n\n\n\n<p>Luego de los festejos por la llegada del nuevo a\u00f1o, se conoci\u00f3 la noticia m\u00e1s esperada: el primer nacimiento malvinense de 2026. A las 2:38 de la madrugada del 1\u00ba de enero, en la maternidad municipal \u201cMar\u00eda Eva Duarte de Per\u00f3n\u201d, naci\u00f3 Alexander Romero, llenando de alegr\u00eda el inicio del a\u00f1o.<\/p>\n\n\n\n<figure class=\"wp-block-image size-large is-resized\"><a href=\"http:\/\/noticiasrec.com\/wp-content\/uploads\/2026\/01\/XKR3rcQ6SMzQX9yqg66z-scaled.webp\"><img loading=\"lazy\" decoding=\"async\" width=\"1024\" height=\"683\" src=\"http:\/\/noticiasrec.com\/wp-content\/uploads\/2026\/01\/XKR3rcQ6SMzQX9yqg66z-1024x683.webp\" alt=\"\" class=\"wp-image-19192\" style=\"aspect-ratio:1.500293025981637;width:717px;height:auto\" srcset=\"https:\/\/noticiasrec.com\/wp-content\/uploads\/2026\/01\/XKR3rcQ6SMzQX9yqg66z-1024x683.webp 1024w, https:\/\/noticiasrec.com\/wp-content\/uploads\/2026\/01\/XKR3rcQ6SMzQX9yqg66z-300x200.webp 300w, https:\/\/noticiasrec.com\/wp-content\/uploads\/2026\/01\/XKR3rcQ6SMzQX9yqg66z-768x512.webp 768w, https:\/\/noticiasrec.com\/wp-content\/uploads\/2026\/01\/XKR3rcQ6SMzQX9yqg66z-1536x1024.webp 1536w, https:\/\/noticiasrec.com\/wp-content\/uploads\/2026\/01\/XKR3rcQ6SMzQX9yqg66z-2048x1365.webp 2048w\" sizes=\"auto, (max-width: 1024px) 100vw, 1024px\" \/><\/a><\/figure>\n\n\n\n<p><br>Su mam\u00e1, Claudia Noem\u00ed Cabrera (de 36 a\u00f1os de edad), y el peque\u00f1o Alexander se encuentran en perfecto estado de salud. El reci\u00e9n nacido midi\u00f3 51 cent\u00edmetros y contin\u00faa siendo acompa\u00f1ado y atendido por el equipo de profesionales de la maternidad municipal.<\/p>\n\n\n\n<p><br>La familia, oriunda de la ciudad de Los Polvorines, recibi\u00f3 el cari\u00f1o de otras mam\u00e1s y familias, que dejaron c\u00e1lidos mensajes en las redes sociales del municipio, donde se public\u00f3 la foto que anunciaba el primer nacimiento del a\u00f1o en Malvinas Argentinas. En ellos, destacaron el compromiso, la dedicaci\u00f3n y el amor con los que m\u00e9dicos\/as, obstetras, parteros\/as y enfermeros\/as acompa\u00f1an cada nacimiento en la maternidad local.<\/p>\n\n\n\n<p><br>La llegada del primer beb\u00e9 del a\u00f1o es una buena noticia para Malvinas Argentinas y refleja, una vez m\u00e1s, el v\u00ednculo cercano entre el sistema de salud municipal y su comunidad. <\/p>\n","protected":false},"excerpt":{"rendered":"<p>03 de Enero 2026 Naci\u00f3 a las 2:38 de la madrugada del 1\u00ba de enero..<\/p>\n","protected":false},"author":2,"featured_media":19192,"comment_status":"open","ping_status":"open","sticky":false,"template":"","format":"standard","meta":{"footnotes":""},"categories":[9,3,19],"tags":[],"class_list":["post-19191","post","type-post","status-publish","format-standard","has-post-thumbnail","hentry","category-malvinas-argentinas","category-municipios","category-salud"],"_links":{"self":[{"href":"https:\/\/noticiasrec.com\/index.php?rest_route=\/wp\/v2\/posts\/19191","targetHints":{"allow":["GET"]}}],"collection":[{"href":"https:\/\/noticiasrec.com\/index.php?rest_route=\/wp\/v2\/posts"}],"about":[{"href":"https:\/\/noticiasrec.com\/index.php?rest_route=\/wp\/v2\/types\/post"}],"author":[{"embeddable":true,"href":"https:\/\/noticiasrec.com\/index.php?rest_route=\/wp\/v2\/users\/2"}],"replies":[{"embeddable":true,"href":"https:\/\/noticiasrec.com\/index.php?rest_route=%2Fwp%2Fv2%2Fcomments&post=19191"}],"version-history":[{"count":1,"href":"https:\/\/noticiasrec.com\/index.php?rest_route=\/wp\/v2\/posts\/19191\/revisions"}],"predecessor-version":[{"id":19193,"href":"https:\/\/noticiasrec.com\/index.php?rest_route=\/wp\/v2\/posts\/19191\/revisions\/19193"}],"wp:featuredmedia":[{"embeddable":true,"href":"https:\/\/noticiasrec.com\/index.php?rest_route=\/wp\/v2\/media\/19192"}],"wp:attachment":[{"href":"https:\/\/noticiasrec.com\/index.php?rest_route=%2Fwp%2Fv2%2Fmedia&parent=19191"}],"wp:term":[{"taxonomy":"category","embeddable":true,"href":"https:\/\/noticiasrec.com\/index.php?rest_route=%2Fwp%2Fv2%2Fcategories&post=19191"},{"taxonomy":"post_tag","embeddable":true,"href":"https:\/\/noticiasrec.com\/index.php?rest_route=%2Fwp%2Fv2%2Ftags&post=19191"}],"curies":[{"name":"wp","href":"https:\/\/api.w.org\/{rel}","templated":true}]}}