{"id":19168,"date":"2025-12-29T11:21:33","date_gmt":"2025-12-29T11:21:33","guid":{"rendered":"http:\/\/noticiasrec.com\/?p=19168"},"modified":"2025-12-29T11:21:33","modified_gmt":"2025-12-29T11:21:33","slug":"pilar-multitudinario-cierre-de-las-ligas-municipales-femeninas-de-futsal-y-futbol-11","status":"publish","type":"post","link":"https:\/\/noticiasrec.com\/?p=19168","title":{"rendered":"Pilar: Multitudinario cierre de las Ligas Municipales Femeninas de Futsal y F\u00fatbol 11"},"content":{"rendered":"\n<p><strong>29 de Diciembre 2025<\/strong><\/p>\n\n\n\n<p><strong>La actividad reuni\u00f3 a futbolistas de los tres equipos que se subieron al podio en cada competencia. Adem\u00e1s se entregaron premios a la Valla menos vencida y a la goleadora de cada torneo.<\/strong><\/p>\n\n\n\n<p>En las instalaciones del Club Municipal Del Viso se desarroll\u00f3 el esperado cierre anual de actividades y la entrega de premios de las Ligas Municipales de F\u00fatbol 11 Femenino y de Futsal Femenino de Del Viso, dos de los cert\u00e1menes organizados por la Comuna a trav\u00e9s de la direcci\u00f3n general de Deportes.<\/p>\n\n\n\n<p>Durante la actividad, que se efectiv\u00f3 en el gimnasio principal de la instituci\u00f3n, se distingui\u00f3 a los campeones de cada torneo en que se dividi\u00f3 la temporada y tambi\u00e9n a las goleadoras y las arqueras menos vencidas.<\/p>\n\n\n\n<figure class=\"wp-block-image size-full is-resized\"><a href=\"http:\/\/noticiasrec.com\/wp-content\/uploads\/2025\/12\/e2f8592951bba106ccd3a18b1e6daa4a_L.jpg\"><img loading=\"lazy\" decoding=\"async\" width=\"834\" height=\"502\" src=\"http:\/\/noticiasrec.com\/wp-content\/uploads\/2025\/12\/e2f8592951bba106ccd3a18b1e6daa4a_L.jpg\" alt=\"\" class=\"wp-image-19169\" style=\"aspect-ratio:1.6614062937715939;width:762px;height:auto\" srcset=\"https:\/\/noticiasrec.com\/wp-content\/uploads\/2025\/12\/e2f8592951bba106ccd3a18b1e6daa4a_L.jpg 834w, https:\/\/noticiasrec.com\/wp-content\/uploads\/2025\/12\/e2f8592951bba106ccd3a18b1e6daa4a_L-300x181.jpg 300w, https:\/\/noticiasrec.com\/wp-content\/uploads\/2025\/12\/e2f8592951bba106ccd3a18b1e6daa4a_L-768x462.jpg 768w\" sizes=\"auto, (max-width: 834px) 100vw, 834px\" \/><\/a><\/figure>\n\n\n\n<p>La jornada fue encabezada por el intendente&nbsp;Federico Ach\u00e1val, y tambi\u00e9n fueron de la partida el secretario de Gobierno, Santiago Laurent, y el secretario de Integraci\u00f3n y Desarrollo Comunitario, Juan Manuel Morales.<\/p>\n\n\n\n<p><strong>\u201cEl deporte es una herramienta de uni\u00f3n, inclusi\u00f3n y desarrollo para la comunidad y nos llena de alegr\u00eda ver a tantas chicas y j\u00f3venes encontrarse, disfrutar y formarse en valores que las acompa\u00f1ar\u00e1n el resto de su vida\u201d, destac\u00f3 Ach\u00e1val. Felicitaciones a todas por representar a sus equipos con tanto compromiso<\/strong>\u201d, agreg\u00f3 el jefe comunal.<\/p>\n\n\n\n<p>Por su parte, el director general de Deportes, Fernando Trillo agradeci\u00f3 \u201ca todas las jugadoras de los dos torneos por el esfuerzo, compromiso y dedicaci\u00f3n entregado e n cada jornada de competencia\u201d.<\/p>\n\n\n\n<p>\u201cQueremos resaltar el acompa\u00f1amiento de todas las \u00e1reas municipales como Ceremonial, Cultura, Tr\u00e1nsito, Polic\u00eda y Defensa Civil que hacen que todos los encuentros salgan de la mejor manera. Tambi\u00e9n y especialmente el apoyo de Salud y APS\u201d, agreg\u00f3.<\/p>\n\n\n\n<p>\u201cComo lo decimos permanentemente, queremos seguir fortaleciendo, acompa\u00f1ando y desarrollando el f\u00fatbol femenino en todas sus categor\u00edas\u201d, complet\u00f3.<\/p>\n\n\n\n<p>En el \u00e1mbito de la&nbsp;<strong>Liga Municipal de Futsal Del Viso<\/strong>, la&nbsp;<strong>Copa de Oro<\/strong>&nbsp;qued\u00f3 en manos de La Tierrita, que no perdi\u00f3 ning\u00fan partido a lo largo del a\u00f1o y cerr\u00f3 una campa\u00f1a sobresaliente. El subcampeonato se lo llev\u00f3 el buen equipo de Del Viso City, en tanto el podio lo complet\u00f3 Vanguardianas.<\/p>\n\n\n\n<p>En la&nbsp;<strong>Copa de Plata<\/strong>&nbsp;el festejo grande fue para Real Del Viso, que se consagr\u00f3 como la mejor escuadra de este certamen y se subi\u00f3 a lo m\u00e1s alto del podio. La segunda posici\u00f3n se la qued\u00f3 Las Caprichosas B y la medalla de b ronce se la colg\u00f3 el conjunto de San Alberti.<\/p>\n\n\n\n<p>En cuanto a los premios individuales, el de la Valla Menos Vencida fue para Paola Sosa, arquera de La Tierrita, mientras que las goleadoras del campeonato fueron Natalia Insaurralde de Vanguardianas y Nadia Aguirre de Club Narci.<\/p>\n\n\n\n<p>Luego lleg\u00f3 el turno de los homenajes a las mejores de la cada vez m\u00e1s afianzada y competitiva&nbsp;<strong>Liga Femenina de F\u00fatbol 11<\/strong>.<\/p>\n\n\n\n<p>En esta oportunidad, el t\u00edtulo fue para Katanes FC, que sum\u00f3 su primera estrella en la historia de este torneo. El segundo lugar fue para Flecha Azul del barrio San Alejo, en tanto la tercera posici\u00f3n qued\u00f3 en poder del representativo de El Omb\u00fa.<\/p>\n\n\n\n<p>El premio a la Valla Menos Vencida lo compartieron Zulma Sosa de Katanes FC, Y\u00e9sica Fregenal y Luciana Leal, ambas de Flecha Azul. Finalmente, artillera de la Liga 2025 fue Mar\u00eda Aranda de Flecha Azul. <\/p>\n","protected":false},"excerpt":{"rendered":"<p>29 de Diciembre 2025 La actividad reuni\u00f3 a futbolistas de los tres equipos que se..<\/p>\n","protected":false},"author":2,"featured_media":19169,"comment_status":"open","ping_status":"open","sticky":false,"template":"","format":"standard","meta":{"footnotes":""},"categories":[7,3,11],"tags":[],"class_list":["post-19168","post","type-post","status-publish","format-standard","has-post-thumbnail","hentry","category-deportes","category-municipios","category-pilar"],"_links":{"self":[{"href":"https:\/\/noticiasrec.com\/index.php?rest_route=\/wp\/v2\/posts\/19168","targetHints":{"allow":["GET"]}}],"collection":[{"href":"https:\/\/noticiasrec.com\/index.php?rest_route=\/wp\/v2\/posts"}],"about":[{"href":"https:\/\/noticiasrec.com\/index.php?rest_route=\/wp\/v2\/types\/post"}],"author":[{"embeddable":true,"href":"https:\/\/noticiasrec.com\/index.php?rest_route=\/wp\/v2\/users\/2"}],"replies":[{"embeddable":true,"href":"https:\/\/noticiasrec.com\/index.php?rest_route=%2Fwp%2Fv2%2Fcomments&post=19168"}],"version-history":[{"count":1,"href":"https:\/\/noticiasrec.com\/index.php?rest_route=\/wp\/v2\/posts\/19168\/revisions"}],"predecessor-version":[{"id":19170,"href":"https:\/\/noticiasrec.com\/index.php?rest_route=\/wp\/v2\/posts\/19168\/revisions\/19170"}],"wp:featuredmedia":[{"embeddable":true,"href":"https:\/\/noticiasrec.com\/index.php?rest_route=\/wp\/v2\/media\/19169"}],"wp:attachment":[{"href":"https:\/\/noticiasrec.com\/index.php?rest_route=%2Fwp%2Fv2%2Fmedia&parent=19168"}],"wp:term":[{"taxonomy":"category","embeddable":true,"href":"https:\/\/noticiasrec.com\/index.php?rest_route=%2Fwp%2Fv2%2Fcategories&post=19168"},{"taxonomy":"post_tag","embeddable":true,"href":"https:\/\/noticiasrec.com\/index.php?rest_route=%2Fwp%2Fv2%2Ftags&post=19168"}],"curies":[{"name":"wp","href":"https:\/\/api.w.org\/{rel}","templated":true}]}}