{"id":19156,"date":"2025-12-26T15:48:11","date_gmt":"2025-12-26T15:48:11","guid":{"rendered":"http:\/\/noticiasrec.com\/?p=19156"},"modified":"2025-12-26T15:48:11","modified_gmt":"2025-12-26T15:48:11","slug":"jose-c-paz-tiene-nuevo-campeon","status":"publish","type":"post","link":"https:\/\/noticiasrec.com\/?p=19156","title":{"rendered":"Jos\u00e9 C. Paz tiene nuevo campe\u00f3n"},"content":{"rendered":"\n<p><strong>26 de Diciembre 2025<\/strong><\/p>\n\n\n\n<p>Desde la Secretar\u00eda de Gobierno Municipal, a cargo de Juan Pablo Mansilla anunciaron con gran alegr\u00eda el logro del deportista pace\u00f1o: <\/p>\n\n\n\n<p>\u00abQueremos compartir con todos los vecinos un motivo de orgullo para nuestra ciudad: Carlos Bonfanti se consagr\u00f3 CAMPE\u00d3N en el OPEN ARGENTINA 2025 de JIU-JITSU y en el ADCC SOUTH AMERICAN CHAMPIONSHIP 2025!\u00bb<\/p>\n\n\n\n<figure class=\"wp-block-image size-large is-resized\"><a href=\"http:\/\/noticiasrec.com\/wp-content\/uploads\/2025\/12\/603849127_807823128982022_4302685097453209110_n.jpg\"><img loading=\"lazy\" decoding=\"async\" width=\"1024\" height=\"681\" src=\"http:\/\/noticiasrec.com\/wp-content\/uploads\/2025\/12\/603849127_807823128982022_4302685097453209110_n-1024x681.jpg\" alt=\"\" class=\"wp-image-19157\" style=\"aspect-ratio:1.503692101141195;width:677px;height:auto\" srcset=\"https:\/\/noticiasrec.com\/wp-content\/uploads\/2025\/12\/603849127_807823128982022_4302685097453209110_n-1024x681.jpg 1024w, https:\/\/noticiasrec.com\/wp-content\/uploads\/2025\/12\/603849127_807823128982022_4302685097453209110_n-300x200.jpg 300w, https:\/\/noticiasrec.com\/wp-content\/uploads\/2025\/12\/603849127_807823128982022_4302685097453209110_n-768x511.jpg 768w, https:\/\/noticiasrec.com\/wp-content\/uploads\/2025\/12\/603849127_807823128982022_4302685097453209110_n-1536x1022.jpg 1536w, https:\/\/noticiasrec.com\/wp-content\/uploads\/2025\/12\/603849127_807823128982022_4302685097453209110_n.jpg 2048w\" sizes=\"auto, (max-width: 1024px) 100vw, 1024px\" \/><\/a><\/figure>\n\n\n\n<p>\u00abCarlos compiti\u00f3 en el predio ol\u00edmpico de Parque Roca y demostr\u00f3 que el talento pace\u00f1o no tiene l\u00edmites. \u00a1Y esto no termina ac\u00e1! Muy pronto representar\u00e1 a Jos\u00e9 C. Paz en Brasil\u00bb, llevando bien alto los colores de nuestra ciudad\u00bb.<\/p>\n\n\n\n<p><\/p>\n\n\n\n<div class=\"wp-block-columns is-layout-flex wp-container-core-columns-is-layout-9d6595d7 wp-block-columns-is-layout-flex\">\n<div class=\"wp-block-column is-layout-flow wp-block-column-is-layout-flow\">\n<figure class=\"wp-block-image size-large is-resized\"><a href=\"http:\/\/noticiasrec.com\/wp-content\/uploads\/2025\/12\/605488656_807825455648456_4412608685820541457_n.jpg\"><img loading=\"lazy\" decoding=\"async\" width=\"795\" height=\"1024\" src=\"http:\/\/noticiasrec.com\/wp-content\/uploads\/2025\/12\/605488656_807825455648456_4412608685820541457_n-795x1024.jpg\" alt=\"\" class=\"wp-image-19158\" style=\"aspect-ratio:0.7763860909170535;width:399px;height:auto\" srcset=\"https:\/\/noticiasrec.com\/wp-content\/uploads\/2025\/12\/605488656_807825455648456_4412608685820541457_n-795x1024.jpg 795w, https:\/\/noticiasrec.com\/wp-content\/uploads\/2025\/12\/605488656_807825455648456_4412608685820541457_n-233x300.jpg 233w, https:\/\/noticiasrec.com\/wp-content\/uploads\/2025\/12\/605488656_807825455648456_4412608685820541457_n-768x989.jpg 768w, https:\/\/noticiasrec.com\/wp-content\/uploads\/2025\/12\/605488656_807825455648456_4412608685820541457_n-1192x1536.jpg 1192w, https:\/\/noticiasrec.com\/wp-content\/uploads\/2025\/12\/605488656_807825455648456_4412608685820541457_n.jpg 1242w\" sizes=\"auto, (max-width: 795px) 100vw, 795px\" \/><\/a><\/figure>\n<\/div>\n\n\n\n<div class=\"wp-block-column is-layout-flow wp-block-column-is-layout-flow\">\n<figure class=\"wp-block-image size-large\"><a href=\"http:\/\/noticiasrec.com\/wp-content\/uploads\/2025\/12\/603784491_807825528981782_5344839833561707336_n.jpg\"><img loading=\"lazy\" decoding=\"async\" width=\"828\" height=\"1024\" src=\"http:\/\/noticiasrec.com\/wp-content\/uploads\/2025\/12\/603784491_807825528981782_5344839833561707336_n-828x1024.jpg\" alt=\"\" class=\"wp-image-19159\" srcset=\"https:\/\/noticiasrec.com\/wp-content\/uploads\/2025\/12\/603784491_807825528981782_5344839833561707336_n-828x1024.jpg 828w, https:\/\/noticiasrec.com\/wp-content\/uploads\/2025\/12\/603784491_807825528981782_5344839833561707336_n-243x300.jpg 243w, https:\/\/noticiasrec.com\/wp-content\/uploads\/2025\/12\/603784491_807825528981782_5344839833561707336_n-768x950.jpg 768w, https:\/\/noticiasrec.com\/wp-content\/uploads\/2025\/12\/603784491_807825528981782_5344839833561707336_n-1242x1536.jpg 1242w, https:\/\/noticiasrec.com\/wp-content\/uploads\/2025\/12\/603784491_807825528981782_5344839833561707336_n.jpg 1293w\" sizes=\"auto, (max-width: 828px) 100vw, 828px\" \/><\/a><\/figure>\n<\/div>\n<\/div>\n\n\n\n<p>Desde la Secretar\u00eda de Gobierno apoyamos fuertemente a Carlos y a cada deportista de nuestra comunidad, en l\u00ednea con el compromiso inquebrantable de nuestro Senador Provincial e Intendente Municipal en uso de licencia, Mario Ishii, quien desde siempre impulsa pol\u00edticas de inclusi\u00f3n a trav\u00e9s del deporte, generando oportunidades reales para nuestros j\u00f3venes.<\/p>\n\n\n\n<p> \u00abCarlos es el ejemplo de que cuando hay apoyo institucional, trabajo y dedicaci\u00f3n, los sue\u00f1os se convierten en realidad. Seguimos apostando al deporte como herramienta de desarrollo y orgullo para toda la comunidad pace\u00f1a\u00bb.<\/p>\n\n\n\n<p><\/p>\n","protected":false},"excerpt":{"rendered":"<p>26 de Diciembre 2025 Desde la Secretar\u00eda de Gobierno Municipal, a cargo de Juan Pablo..<\/p>\n","protected":false},"author":2,"featured_media":19157,"comment_status":"open","ping_status":"open","sticky":false,"template":"","format":"standard","meta":{"footnotes":""},"categories":[7,10,3],"tags":[],"class_list":["post-19156","post","type-post","status-publish","format-standard","has-post-thumbnail","hentry","category-deportes","category-jose-c-paz","category-municipios"],"_links":{"self":[{"href":"https:\/\/noticiasrec.com\/index.php?rest_route=\/wp\/v2\/posts\/19156","targetHints":{"allow":["GET"]}}],"collection":[{"href":"https:\/\/noticiasrec.com\/index.php?rest_route=\/wp\/v2\/posts"}],"about":[{"href":"https:\/\/noticiasrec.com\/index.php?rest_route=\/wp\/v2\/types\/post"}],"author":[{"embeddable":true,"href":"https:\/\/noticiasrec.com\/index.php?rest_route=\/wp\/v2\/users\/2"}],"replies":[{"embeddable":true,"href":"https:\/\/noticiasrec.com\/index.php?rest_route=%2Fwp%2Fv2%2Fcomments&post=19156"}],"version-history":[{"count":1,"href":"https:\/\/noticiasrec.com\/index.php?rest_route=\/wp\/v2\/posts\/19156\/revisions"}],"predecessor-version":[{"id":19160,"href":"https:\/\/noticiasrec.com\/index.php?rest_route=\/wp\/v2\/posts\/19156\/revisions\/19160"}],"wp:featuredmedia":[{"embeddable":true,"href":"https:\/\/noticiasrec.com\/index.php?rest_route=\/wp\/v2\/media\/19157"}],"wp:attachment":[{"href":"https:\/\/noticiasrec.com\/index.php?rest_route=%2Fwp%2Fv2%2Fmedia&parent=19156"}],"wp:term":[{"taxonomy":"category","embeddable":true,"href":"https:\/\/noticiasrec.com\/index.php?rest_route=%2Fwp%2Fv2%2Fcategories&post=19156"},{"taxonomy":"post_tag","embeddable":true,"href":"https:\/\/noticiasrec.com\/index.php?rest_route=%2Fwp%2Fv2%2Ftags&post=19156"}],"curies":[{"name":"wp","href":"https:\/\/api.w.org\/{rel}","templated":true}]}}