{"id":19114,"date":"2025-12-20T15:45:07","date_gmt":"2025-12-20T15:45:07","guid":{"rendered":"http:\/\/noticiasrec.com\/?p=19114"},"modified":"2025-12-20T15:45:07","modified_gmt":"2025-12-20T15:45:07","slug":"jose-c-paz-346-familias-recibieron-su-escrituras","status":"publish","type":"post","link":"https:\/\/noticiasrec.com\/?p=19114","title":{"rendered":"Jos\u00e9 C. Paz: 346 Familias recibieron su escrituras"},"content":{"rendered":"\n<p><strong>20 de Diciembre 2025<\/strong><\/p>\n\n\n\n<p>La Municipalidad de Jos\u00e9 C. Paz concret\u00f3 un hito hist\u00f3rico al entregar 346 escrituras a vecinos del distrito en el marco del programa provincial \u00abMi Escritura, Mi Casa\u00bb. El emotivo acto, encabezado por el Senador Provincial e Intendente en uso de licencia, Dr. HC Mario Alberto Ishii, junto al Ministro de Justicia y Derechos Humanos de la Provincia de Buenos Aires, Mart\u00edn Mena, se llev\u00f3 a cabo en el Centro de Estudios Municipal UNPAZ, marcando un antes y un despu\u00e9s en la vida de cientos de familias pace\u00f1as.<\/p>\n\n\n\n<div class=\"wp-block-columns is-layout-flex wp-container-core-columns-is-layout-9d6595d7 wp-block-columns-is-layout-flex\">\n<div class=\"wp-block-column is-layout-flow wp-block-column-is-layout-flow\">\n<figure class=\"wp-block-image size-large\"><a href=\"http:\/\/noticiasrec.com\/wp-content\/uploads\/2025\/12\/WhatsApp-Image-2025-12-19-at-15.10.57-1.jpeg\"><img loading=\"lazy\" decoding=\"async\" width=\"1024\" height=\"684\" src=\"http:\/\/noticiasrec.com\/wp-content\/uploads\/2025\/12\/WhatsApp-Image-2025-12-19-at-15.10.57-1-1024x684.jpeg\" alt=\"\" class=\"wp-image-19117\" srcset=\"https:\/\/noticiasrec.com\/wp-content\/uploads\/2025\/12\/WhatsApp-Image-2025-12-19-at-15.10.57-1-1024x684.jpeg 1024w, https:\/\/noticiasrec.com\/wp-content\/uploads\/2025\/12\/WhatsApp-Image-2025-12-19-at-15.10.57-1-300x200.jpeg 300w, https:\/\/noticiasrec.com\/wp-content\/uploads\/2025\/12\/WhatsApp-Image-2025-12-19-at-15.10.57-1-768x513.jpeg 768w, https:\/\/noticiasrec.com\/wp-content\/uploads\/2025\/12\/WhatsApp-Image-2025-12-19-at-15.10.57-1.jpeg 1280w\" sizes=\"auto, (max-width: 1024px) 100vw, 1024px\" \/><\/a><\/figure>\n<\/div>\n\n\n\n<div class=\"wp-block-column is-layout-flow wp-block-column-is-layout-flow\">\n<figure class=\"wp-block-image size-large\"><a href=\"http:\/\/noticiasrec.com\/wp-content\/uploads\/2025\/12\/WhatsApp-Image-2025-12-19-at-15.11.15-1.jpeg\"><img loading=\"lazy\" decoding=\"async\" width=\"1024\" height=\"684\" src=\"http:\/\/noticiasrec.com\/wp-content\/uploads\/2025\/12\/WhatsApp-Image-2025-12-19-at-15.11.15-1-1024x684.jpeg\" alt=\"\" class=\"wp-image-19118\" srcset=\"https:\/\/noticiasrec.com\/wp-content\/uploads\/2025\/12\/WhatsApp-Image-2025-12-19-at-15.11.15-1-1024x684.jpeg 1024w, https:\/\/noticiasrec.com\/wp-content\/uploads\/2025\/12\/WhatsApp-Image-2025-12-19-at-15.11.15-1-300x200.jpeg 300w, https:\/\/noticiasrec.com\/wp-content\/uploads\/2025\/12\/WhatsApp-Image-2025-12-19-at-15.11.15-1-768x513.jpeg 768w, https:\/\/noticiasrec.com\/wp-content\/uploads\/2025\/12\/WhatsApp-Image-2025-12-19-at-15.11.15-1.jpeg 1280w\" sizes=\"auto, (max-width: 1024px) 100vw, 1024px\" \/><\/a><\/figure>\n<\/div>\n<\/div>\n\n\n\n<p>\u201cHoy estamos cumpliendo el sue\u00f1o de 346 familias que esperaron durante a\u00f1os por este momento. La escritura de la casa propia no es solo un papel, es la tranquilidad de saber que nadie les va a sacar lo que tanto les cost\u00f3 construir\u201d, expres\u00f3 emocionado el Senador Ishii ante los vecinos presentes. Y agreg\u00f3: \u201cSeguiremos trabajando incansablemente para que cada familia de Jos\u00e9 C. Paz tenga la seguridad jur\u00eddica que se merece, porque esa es nuestra responsabilidad y nuestro compromiso\u00bb.<\/p>\n\n\n\n<div class=\"wp-block-columns is-layout-flex wp-container-core-columns-is-layout-9d6595d7 wp-block-columns-is-layout-flex\">\n<div class=\"wp-block-column is-layout-flow wp-block-column-is-layout-flow\">\n<figure class=\"wp-block-image size-large\"><a href=\"http:\/\/noticiasrec.com\/wp-content\/uploads\/2025\/12\/WhatsApp-Image-2025-12-19-at-15.11.17.jpeg\"><img loading=\"lazy\" decoding=\"async\" width=\"1024\" height=\"684\" src=\"http:\/\/noticiasrec.com\/wp-content\/uploads\/2025\/12\/WhatsApp-Image-2025-12-19-at-15.11.17-1024x684.jpeg\" alt=\"\" class=\"wp-image-19119\" srcset=\"https:\/\/noticiasrec.com\/wp-content\/uploads\/2025\/12\/WhatsApp-Image-2025-12-19-at-15.11.17-1024x684.jpeg 1024w, https:\/\/noticiasrec.com\/wp-content\/uploads\/2025\/12\/WhatsApp-Image-2025-12-19-at-15.11.17-300x200.jpeg 300w, https:\/\/noticiasrec.com\/wp-content\/uploads\/2025\/12\/WhatsApp-Image-2025-12-19-at-15.11.17-768x513.jpeg 768w, https:\/\/noticiasrec.com\/wp-content\/uploads\/2025\/12\/WhatsApp-Image-2025-12-19-at-15.11.17.jpeg 1280w\" sizes=\"auto, (max-width: 1024px) 100vw, 1024px\" \/><\/a><\/figure>\n<\/div>\n\n\n\n<div class=\"wp-block-column is-layout-flow wp-block-column-is-layout-flow\">\n<figure class=\"wp-block-image size-large\"><a href=\"http:\/\/noticiasrec.com\/wp-content\/uploads\/2025\/12\/WhatsApp-Image-2025-12-19-at-15.11.16-2-1.jpeg\"><img loading=\"lazy\" decoding=\"async\" width=\"1024\" height=\"684\" src=\"http:\/\/noticiasrec.com\/wp-content\/uploads\/2025\/12\/WhatsApp-Image-2025-12-19-at-15.11.16-2-1-1024x684.jpeg\" alt=\"\" class=\"wp-image-19120\" srcset=\"https:\/\/noticiasrec.com\/wp-content\/uploads\/2025\/12\/WhatsApp-Image-2025-12-19-at-15.11.16-2-1-1024x684.jpeg 1024w, https:\/\/noticiasrec.com\/wp-content\/uploads\/2025\/12\/WhatsApp-Image-2025-12-19-at-15.11.16-2-1-300x200.jpeg 300w, https:\/\/noticiasrec.com\/wp-content\/uploads\/2025\/12\/WhatsApp-Image-2025-12-19-at-15.11.16-2-1-768x513.jpeg 768w, https:\/\/noticiasrec.com\/wp-content\/uploads\/2025\/12\/WhatsApp-Image-2025-12-19-at-15.11.16-2-1.jpeg 1280w\" sizes=\"auto, (max-width: 1024px) 100vw, 1024px\" \/><\/a><\/figure>\n<\/div>\n<\/div>\n\n\n\n<p><br>El operativo masivo fue posible gracias a la articulaci\u00f3n estrat\u00e9gica impulsada desde la gesti\u00f3n de Ishii entre la Direcci\u00f3n General de Casa de Tierras de la Secretar\u00eda de Gobierno Municipal y el Ministerio de Justicia y Derechos Humanos bonaerense, a trav\u00e9s de la Escriban\u00eda General de Gobierno. Esta coordinaci\u00f3n demuestra el firme compromiso de la gesti\u00f3n con la regularizaci\u00f3n dominial y el fortalecimiento del patrimonio familiar en Jos\u00e9 C. Paz.<\/p>\n\n\n\n<p>Del acto participaron importantes funcionarios provinciales: Juli\u00e1n Talento, Subsecretario de Planificaci\u00f3n y Seguimiento del Ministerio de H\u00e1bitat y Desarrollo Urbano; Cibiana Blanco, Escribana Adscripta Superior de la Escriban\u00eda General de Gobierno. En representaci\u00f3n del gobierno municipal estuvieron la Intendenta Interina, Lic. Lorena Espina; Pablo Mansilla, Secretario de Gobierno; Elba Ben\u00edtez, Directora General de Casa de Tierras; y Agust\u00edn L\u00f3pez, Director de Viviendas.<br>Con estas acciones concretas, la Municipalidad de Jos\u00e9 C. Paz, bajo el liderazgo de Mario Ishii, reafirma su compromiso con la consolidaci\u00f3n del patrimonio familiar y el mejoramiento de la calidad de vida de sus habitantes, promoviendo un horizonte con mayor estabilidad, inclusi\u00f3n y equidad para todos los vecinos del partido. <\/p>\n","protected":false},"excerpt":{"rendered":"<p>20 de Diciembre 2025 La Municipalidad de Jos\u00e9 C. Paz concret\u00f3 un hito hist\u00f3rico al..<\/p>\n","protected":false},"author":2,"featured_media":19117,"comment_status":"open","ping_status":"open","sticky":false,"template":"","format":"standard","meta":{"footnotes":""},"categories":[10,3,2],"tags":[],"class_list":["post-19114","post","type-post","status-publish","format-standard","has-post-thumbnail","hentry","category-jose-c-paz","category-municipios","category-provincia"],"_links":{"self":[{"href":"https:\/\/noticiasrec.com\/index.php?rest_route=\/wp\/v2\/posts\/19114","targetHints":{"allow":["GET"]}}],"collection":[{"href":"https:\/\/noticiasrec.com\/index.php?rest_route=\/wp\/v2\/posts"}],"about":[{"href":"https:\/\/noticiasrec.com\/index.php?rest_route=\/wp\/v2\/types\/post"}],"author":[{"embeddable":true,"href":"https:\/\/noticiasrec.com\/index.php?rest_route=\/wp\/v2\/users\/2"}],"replies":[{"embeddable":true,"href":"https:\/\/noticiasrec.com\/index.php?rest_route=%2Fwp%2Fv2%2Fcomments&post=19114"}],"version-history":[{"count":1,"href":"https:\/\/noticiasrec.com\/index.php?rest_route=\/wp\/v2\/posts\/19114\/revisions"}],"predecessor-version":[{"id":19121,"href":"https:\/\/noticiasrec.com\/index.php?rest_route=\/wp\/v2\/posts\/19114\/revisions\/19121"}],"wp:featuredmedia":[{"embeddable":true,"href":"https:\/\/noticiasrec.com\/index.php?rest_route=\/wp\/v2\/media\/19117"}],"wp:attachment":[{"href":"https:\/\/noticiasrec.com\/index.php?rest_route=%2Fwp%2Fv2%2Fmedia&parent=19114"}],"wp:term":[{"taxonomy":"category","embeddable":true,"href":"https:\/\/noticiasrec.com\/index.php?rest_route=%2Fwp%2Fv2%2Fcategories&post=19114"},{"taxonomy":"post_tag","embeddable":true,"href":"https:\/\/noticiasrec.com\/index.php?rest_route=%2Fwp%2Fv2%2Ftags&post=19114"}],"curies":[{"name":"wp","href":"https:\/\/api.w.org\/{rel}","templated":true}]}}