{"id":19109,"date":"2025-12-20T12:05:44","date_gmt":"2025-12-20T12:05:44","guid":{"rendered":"http:\/\/noticiasrec.com\/?p=19109"},"modified":"2025-12-20T12:05:44","modified_gmt":"2025-12-20T12:05:44","slug":"nardini-culminamos-el-ano-con-mas-obra-publica-y-mas-dignidad-para-la-gente","status":"publish","type":"post","link":"https:\/\/noticiasrec.com\/?p=19109","title":{"rendered":"Nardini: \u201cCulminamos el a\u00f1o con m\u00e1s obra p\u00fablica y m\u00e1s dignidad para la gente\u201d"},"content":{"rendered":"\n<p><strong>20 de Diciembre 2025<\/strong><\/p>\n\n\n\n<p><strong>Acompa\u00f1ado por decenas de vecinos, el intendente Leo Nardini inaugur\u00f3 una serie de pavimentaciones ejecutadas por administraci\u00f3n municipal, completando un proyecto que garantiza la conectividad y el acceso a servicios p\u00fablicos de la comunidad<\/strong>.<\/p>\n\n\n\n<p>El intendente Leo Nardini encabez\u00f3 la inauguraci\u00f3n de las obras de pavimentaci\u00f3n realizadas en la calle Juan Bautista Ambrosetti, entre Fray Luis Beltr\u00e1n y Cuzco, en la ciudad de Tierras Altas. Acompa\u00f1ado por vecinos y referentes, recorri\u00f3 dos de las cuatro cuadras inauguradas y celebr\u00f3 con el tradicional corte de cinta. \u201cMuy contentos de estar inaugurando diferentes cuadras que completan la conexi\u00f3n de pavimento en la ciudad de Tierras Altas y tambi\u00e9n en Grand Bourg. Ahora la calle Ambrosetti, pero tambi\u00e9n otras que venimos desarrollando hace tiempo en este lugar\u201d, expres\u00f3 durante la recorrida.<\/p>\n\n\n\n<div class=\"wp-block-columns is-layout-flex wp-container-core-columns-is-layout-9d6595d7 wp-block-columns-is-layout-flex\">\n<div class=\"wp-block-column is-layout-flow wp-block-column-is-layout-flow\">\n<figure class=\"wp-block-image size-large\"><a href=\"http:\/\/noticiasrec.com\/wp-content\/uploads\/2025\/12\/WhatsApp-Image-2025-12-19-at-2.28.07-PM-1.jpeg\"><img loading=\"lazy\" decoding=\"async\" width=\"1024\" height=\"683\" src=\"http:\/\/noticiasrec.com\/wp-content\/uploads\/2025\/12\/WhatsApp-Image-2025-12-19-at-2.28.07-PM-1-1024x683.jpeg\" alt=\"\" class=\"wp-image-19110\" srcset=\"https:\/\/noticiasrec.com\/wp-content\/uploads\/2025\/12\/WhatsApp-Image-2025-12-19-at-2.28.07-PM-1-1024x683.jpeg 1024w, https:\/\/noticiasrec.com\/wp-content\/uploads\/2025\/12\/WhatsApp-Image-2025-12-19-at-2.28.07-PM-1-300x200.jpeg 300w, https:\/\/noticiasrec.com\/wp-content\/uploads\/2025\/12\/WhatsApp-Image-2025-12-19-at-2.28.07-PM-1-768x512.jpeg 768w, https:\/\/noticiasrec.com\/wp-content\/uploads\/2025\/12\/WhatsApp-Image-2025-12-19-at-2.28.07-PM-1-1536x1024.jpeg 1536w, https:\/\/noticiasrec.com\/wp-content\/uploads\/2025\/12\/WhatsApp-Image-2025-12-19-at-2.28.07-PM-1.jpeg 1548w\" sizes=\"auto, (max-width: 1024px) 100vw, 1024px\" \/><\/a><\/figure>\n<\/div>\n\n\n\n<div class=\"wp-block-column is-layout-flow wp-block-column-is-layout-flow\">\n<figure class=\"wp-block-image size-large\"><a href=\"http:\/\/noticiasrec.com\/wp-content\/uploads\/2025\/12\/WhatsApp-Image-2025-12-19-at-2.28.08-PM.jpeg\"><img loading=\"lazy\" decoding=\"async\" width=\"1024\" height=\"683\" src=\"http:\/\/noticiasrec.com\/wp-content\/uploads\/2025\/12\/WhatsApp-Image-2025-12-19-at-2.28.08-PM-1024x683.jpeg\" alt=\"\" class=\"wp-image-19111\" srcset=\"https:\/\/noticiasrec.com\/wp-content\/uploads\/2025\/12\/WhatsApp-Image-2025-12-19-at-2.28.08-PM-1024x683.jpeg 1024w, https:\/\/noticiasrec.com\/wp-content\/uploads\/2025\/12\/WhatsApp-Image-2025-12-19-at-2.28.08-PM-300x200.jpeg 300w, https:\/\/noticiasrec.com\/wp-content\/uploads\/2025\/12\/WhatsApp-Image-2025-12-19-at-2.28.08-PM-768x512.jpeg 768w, https:\/\/noticiasrec.com\/wp-content\/uploads\/2025\/12\/WhatsApp-Image-2025-12-19-at-2.28.08-PM-1536x1024.jpeg 1536w, https:\/\/noticiasrec.com\/wp-content\/uploads\/2025\/12\/WhatsApp-Image-2025-12-19-at-2.28.08-PM.jpeg 1548w\" sizes=\"auto, (max-width: 1024px) 100vw, 1024px\" \/><\/a><\/figure>\n<\/div>\n<\/div>\n\n\n\n<p>La ejecuci\u00f3n estuvo a cargo de la Subsecretar\u00eda de Servicios, dependiente de la Secretar\u00eda General, con cuadrilla municipal y materiales producidos en la hormigonera municipal. En total se construyeron 2.326,78 metros cuadrados de calzada de hormig\u00f3n, lo que representa un avance significativo en la infraestructura urbana de la zona. Los beneficios de la obra se reflejan en la mejora de la calidad de vida de los vecinos, quienes ahora cuentan con acceso directo a los servicios p\u00fablicos y una circulaci\u00f3n vehicular m\u00e1s segura y ordenada. La pavimentaci\u00f3n tambi\u00e9n contribuye a reducir problemas de salud vinculados al polvo y al agua estancada, adem\u00e1s de brindar mayor seguridad frente a deslizamientos gracias a una superficie adecuada para la evacuaci\u00f3n de las lluvias.<\/p>\n\n\n\n<figure class=\"wp-block-image size-large is-resized\"><a href=\"http:\/\/noticiasrec.com\/wp-content\/uploads\/2025\/12\/WhatsApp-Image-2025-12-19-at-2.28.08-PM-1.jpeg\"><img loading=\"lazy\" decoding=\"async\" width=\"1024\" height=\"682\" src=\"http:\/\/noticiasrec.com\/wp-content\/uploads\/2025\/12\/WhatsApp-Image-2025-12-19-at-2.28.08-PM-1-1024x682.jpeg\" alt=\"\" class=\"wp-image-19112\" style=\"width:750px;height:auto\" srcset=\"https:\/\/noticiasrec.com\/wp-content\/uploads\/2025\/12\/WhatsApp-Image-2025-12-19-at-2.28.08-PM-1-1024x682.jpeg 1024w, https:\/\/noticiasrec.com\/wp-content\/uploads\/2025\/12\/WhatsApp-Image-2025-12-19-at-2.28.08-PM-1-300x200.jpeg 300w, https:\/\/noticiasrec.com\/wp-content\/uploads\/2025\/12\/WhatsApp-Image-2025-12-19-at-2.28.08-PM-1-768x512.jpeg 768w, https:\/\/noticiasrec.com\/wp-content\/uploads\/2025\/12\/WhatsApp-Image-2025-12-19-at-2.28.08-PM-1-1536x1023.jpeg 1536w, https:\/\/noticiasrec.com\/wp-content\/uploads\/2025\/12\/WhatsApp-Image-2025-12-19-at-2.28.08-PM-1.jpeg 1600w\" sizes=\"auto, (max-width: 1024px) 100vw, 1024px\" \/><\/a><\/figure>\n\n\n\n<p>En di\u00e1logo con los vecinos, Nardini destac\u00f3: \u201cReencontrarnos con ellos y poder charlar m\u00e1s all\u00e1 de las elecciones es la forma que tiene el municipio, de trabajar de forma comprometida, seria y respetuosa para seguir progresando y que Malvinas est\u00e9 mejor\u201d.<\/p>\n\n\n\n<p>El intendente subray\u00f3, adem\u00e1s, que pese al contexto econ\u00f3mico complejo, el municipio mantiene su ritmo de obra p\u00fablica: \u201cCon fondos municipales y una administraci\u00f3n responsable que nos permite seguir avanzando en obra p\u00fablica a lo largo y a lo ancho de nuestras siete ciudades de Malvinas Argentinas\u201d.<\/p>\n\n\n\n<p>Durante la jornada tambi\u00e9n se inauguraron otras calles en la localidad de Grand Bourg: cuatro cuadras en Benito Lynch, dos en Padre Stoppler y dos en Alfonsina Storni, consolidando este nuevo paquete de obras que refuerza la conectividad y la infraestructura urbana en Malvinas Argentinas. \u201cMuy contentos de culminar el a\u00f1o con m\u00e1s obra p\u00fablica y con m\u00e1s dignidad para la gente\u201d, concluy\u00f3 Nardini.<\/p>\n\n\n\n<p><\/p>\n","protected":false},"excerpt":{"rendered":"<p>20 de Diciembre 2025 Acompa\u00f1ado por decenas de vecinos, el intendente Leo Nardini inaugur\u00f3 una..<\/p>\n","protected":false},"author":2,"featured_media":19111,"comment_status":"open","ping_status":"open","sticky":false,"template":"","format":"standard","meta":{"footnotes":""},"categories":[9,3],"tags":[],"class_list":["post-19109","post","type-post","status-publish","format-standard","has-post-thumbnail","hentry","category-malvinas-argentinas","category-municipios"],"_links":{"self":[{"href":"https:\/\/noticiasrec.com\/index.php?rest_route=\/wp\/v2\/posts\/19109","targetHints":{"allow":["GET"]}}],"collection":[{"href":"https:\/\/noticiasrec.com\/index.php?rest_route=\/wp\/v2\/posts"}],"about":[{"href":"https:\/\/noticiasrec.com\/index.php?rest_route=\/wp\/v2\/types\/post"}],"author":[{"embeddable":true,"href":"https:\/\/noticiasrec.com\/index.php?rest_route=\/wp\/v2\/users\/2"}],"replies":[{"embeddable":true,"href":"https:\/\/noticiasrec.com\/index.php?rest_route=%2Fwp%2Fv2%2Fcomments&post=19109"}],"version-history":[{"count":1,"href":"https:\/\/noticiasrec.com\/index.php?rest_route=\/wp\/v2\/posts\/19109\/revisions"}],"predecessor-version":[{"id":19113,"href":"https:\/\/noticiasrec.com\/index.php?rest_route=\/wp\/v2\/posts\/19109\/revisions\/19113"}],"wp:featuredmedia":[{"embeddable":true,"href":"https:\/\/noticiasrec.com\/index.php?rest_route=\/wp\/v2\/media\/19111"}],"wp:attachment":[{"href":"https:\/\/noticiasrec.com\/index.php?rest_route=%2Fwp%2Fv2%2Fmedia&parent=19109"}],"wp:term":[{"taxonomy":"category","embeddable":true,"href":"https:\/\/noticiasrec.com\/index.php?rest_route=%2Fwp%2Fv2%2Fcategories&post=19109"},{"taxonomy":"post_tag","embeddable":true,"href":"https:\/\/noticiasrec.com\/index.php?rest_route=%2Fwp%2Fv2%2Ftags&post=19109"}],"curies":[{"name":"wp","href":"https:\/\/api.w.org\/{rel}","templated":true}]}}