{"id":19100,"date":"2025-12-18T20:02:54","date_gmt":"2025-12-18T20:02:54","guid":{"rendered":"http:\/\/noticiasrec.com\/?p=19100"},"modified":"2025-12-18T20:02:54","modified_gmt":"2025-12-18T20:02:54","slug":"grand-bourg-dos-detenidos-en-tres-allanamientos-por-robo-de-automotores","status":"publish","type":"post","link":"https:\/\/noticiasrec.com\/?p=19100","title":{"rendered":"Grand Bourg: Dos detenidos en tres allanamientos por robo de automotores"},"content":{"rendered":"\n<p><strong>18 de Diciembre 2025<\/strong><\/p>\n\n\n\n<p>La Polic\u00eda del municipio de Malvinas Argentinas llev\u00f3 adelante procedimientos consecutivos que permitieron secuestrar autos con pedido de captura y piezas desmanteladas de otros veh\u00edculos robados.<\/p>\n\n\n\n<p>La Polic\u00eda del municipio de Malvinas Argentinas realiz\u00f3 tres allanamientos en la ciudad de Grand Bourg, en el marco de tareas investigativas vinculadas al delito de robo de automotores. Como resultado, dos hombres mayores de 45 a\u00f1os fueron detenidos y se recuperaron tres veh\u00edculos, adem\u00e1s de piezas desmanteladas correspondientes a otros tres autom\u00f3viles con pedido de secuestro.<\/p>\n\n\n\n<figure class=\"wp-block-image size-large is-resized\"><a href=\"http:\/\/noticiasrec.com\/wp-content\/uploads\/2025\/12\/WhatsApp-Image-2025-12-17-at-3.14.04-PM.webp\"><img loading=\"lazy\" decoding=\"async\" width=\"1024\" height=\"684\" src=\"http:\/\/noticiasrec.com\/wp-content\/uploads\/2025\/12\/WhatsApp-Image-2025-12-17-at-3.14.04-PM-1024x684.webp\" alt=\"\" class=\"wp-image-19101\" style=\"width:723px;height:auto\" srcset=\"https:\/\/noticiasrec.com\/wp-content\/uploads\/2025\/12\/WhatsApp-Image-2025-12-17-at-3.14.04-PM-1024x684.webp 1024w, https:\/\/noticiasrec.com\/wp-content\/uploads\/2025\/12\/WhatsApp-Image-2025-12-17-at-3.14.04-PM-300x200.webp 300w, https:\/\/noticiasrec.com\/wp-content\/uploads\/2025\/12\/WhatsApp-Image-2025-12-17-at-3.14.04-PM-768x513.webp 768w, https:\/\/noticiasrec.com\/wp-content\/uploads\/2025\/12\/WhatsApp-Image-2025-12-17-at-3.14.04-PM.webp 1200w\" sizes=\"auto, (max-width: 1024px) 100vw, 1024px\" \/><\/a><\/figure>\n\n\n\n<p>Las pruebas reunidas durante la investigaci\u00f3n permitieron que los procedimientos se desarrollaran con resultados positivos. El primer allanamiento tuvo lugar en la calle Cuyo, entre Capit\u00e1n Berm\u00fadez y Miraflores. All\u00ed, los efectivos secuestraron un autom\u00f3vil Peugeot 307 que pose\u00eda una patente que no le correspond\u00eda. Tras verificar el n\u00famero de motor, se constat\u00f3 que el rodado presentaba pedido de captura por un hurto ocurrido en marzo de 2024. Como tambi\u00e9n, hallaron una camioneta con pedido de captura, Renault modelo Kangoo. En este domicilio se efectu\u00f3 la detenci\u00f3n de un hombre de 54 a\u00f1os.<\/p>\n\n\n\n<p>El segundo procedimiento se realiz\u00f3 en la calle Miraflores, entre Cuyo y Soler, donde se incaut\u00f3 un veh\u00edculo Volkswagen Gol.<\/p>\n\n\n\n<p>Finalmente, en el tercer allanamiento, llevado a cabo en la calle Manuel Pinazo, entre Jos\u00e9 Hern\u00e1ndez y Quintana, se hallaron tres autom\u00f3viles desmantelados. Un Volkswagen Gol con pedido de secuestro activo desde octubre de 2025 por el delito de robo agravado por el uso de arma de fuego; Un Fiat Fiorino, robado en julio de 2024; y un Peugeot 307, con fecha de hurto de automotor en octubre de 2025. En este lugar se produjo la segunda detenci\u00f3n, correspondiente a un hombre de 46 a\u00f1os.<\/p>\n\n\n\n<p>La causa fue caratulada como \u201cAprehensi\u00f3n por robo calificado de automotor, con encubrimiento agravado\u201d e interviene la UFI N\u00ba 24 de Malvinas Argentinas.<\/p>\n","protected":false},"excerpt":{"rendered":"<p>18 de Diciembre 2025 La Polic\u00eda del municipio de Malvinas Argentinas llev\u00f3 adelante procedimientos consecutivos..<\/p>\n","protected":false},"author":2,"featured_media":19101,"comment_status":"open","ping_status":"open","sticky":false,"template":"","format":"standard","meta":{"footnotes":""},"categories":[9,18],"tags":[],"class_list":["post-19100","post","type-post","status-publish","format-standard","has-post-thumbnail","hentry","category-malvinas-argentinas","category-policiales"],"_links":{"self":[{"href":"https:\/\/noticiasrec.com\/index.php?rest_route=\/wp\/v2\/posts\/19100","targetHints":{"allow":["GET"]}}],"collection":[{"href":"https:\/\/noticiasrec.com\/index.php?rest_route=\/wp\/v2\/posts"}],"about":[{"href":"https:\/\/noticiasrec.com\/index.php?rest_route=\/wp\/v2\/types\/post"}],"author":[{"embeddable":true,"href":"https:\/\/noticiasrec.com\/index.php?rest_route=\/wp\/v2\/users\/2"}],"replies":[{"embeddable":true,"href":"https:\/\/noticiasrec.com\/index.php?rest_route=%2Fwp%2Fv2%2Fcomments&post=19100"}],"version-history":[{"count":1,"href":"https:\/\/noticiasrec.com\/index.php?rest_route=\/wp\/v2\/posts\/19100\/revisions"}],"predecessor-version":[{"id":19102,"href":"https:\/\/noticiasrec.com\/index.php?rest_route=\/wp\/v2\/posts\/19100\/revisions\/19102"}],"wp:featuredmedia":[{"embeddable":true,"href":"https:\/\/noticiasrec.com\/index.php?rest_route=\/wp\/v2\/media\/19101"}],"wp:attachment":[{"href":"https:\/\/noticiasrec.com\/index.php?rest_route=%2Fwp%2Fv2%2Fmedia&parent=19100"}],"wp:term":[{"taxonomy":"category","embeddable":true,"href":"https:\/\/noticiasrec.com\/index.php?rest_route=%2Fwp%2Fv2%2Fcategories&post=19100"},{"taxonomy":"post_tag","embeddable":true,"href":"https:\/\/noticiasrec.com\/index.php?rest_route=%2Fwp%2Fv2%2Ftags&post=19100"}],"curies":[{"name":"wp","href":"https:\/\/api.w.org\/{rel}","templated":true}]}}