{"id":19043,"date":"2025-12-11T15:39:22","date_gmt":"2025-12-11T15:39:22","guid":{"rendered":"http:\/\/noticiasrec.com\/?p=19043"},"modified":"2025-12-11T15:39:22","modified_gmt":"2025-12-11T15:39:22","slug":"nardini-terminamos-el-ano-con-el-mismo-impulso-con-el-que-empezamos","status":"publish","type":"post","link":"https:\/\/noticiasrec.com\/?p=19043","title":{"rendered":"Nardini: \u201cTerminamos el a\u00f1o con el mismo impulso con el que empezamos\u201d"},"content":{"rendered":"\n<p><strong>11 de Diciembre 2025<\/strong><\/p>\n\n\n\n<p>Acompa\u00f1ados de decenas de vecinos, Nardini y Correa inauguraron y habilitaron dos obras en el barrio La Loma. Un encuentro que incluy\u00f3 mucho m\u00e1s que promesas cumplidas: empanadas, emoci\u00f3n y esperanza renovada.<\/p>\n\n\n\n<p>A pocos d\u00edas de finalizar el a\u00f1o, el intendente Leo Nardini y la secretaria general Noe Correa inauguraron una nueva obra de pavimentaci\u00f3n e hidr\u00e1ulica en el barrio La Loma. Durante la recorrida, Nardini destac\u00f3: \u201cTerminamos el a\u00f1o con el mismo impulso con el que lo empezamos\u201d.<\/p>\n\n\n\n<div class=\"wp-block-columns is-layout-flex wp-container-core-columns-is-layout-9d6595d7 wp-block-columns-is-layout-flex\">\n<div class=\"wp-block-column is-layout-flow wp-block-column-is-layout-flow\">\n<figure class=\"wp-block-image size-large\"><a href=\"http:\/\/noticiasrec.com\/wp-content\/uploads\/2025\/12\/WhatsApp-Image-2025-12-11-at-10.49.43-AM-1.jpeg\"><img loading=\"lazy\" decoding=\"async\" width=\"1024\" height=\"682\" src=\"http:\/\/noticiasrec.com\/wp-content\/uploads\/2025\/12\/WhatsApp-Image-2025-12-11-at-10.49.43-AM-1-1024x682.jpeg\" alt=\"\" class=\"wp-image-19044\" srcset=\"https:\/\/noticiasrec.com\/wp-content\/uploads\/2025\/12\/WhatsApp-Image-2025-12-11-at-10.49.43-AM-1-1024x682.jpeg 1024w, https:\/\/noticiasrec.com\/wp-content\/uploads\/2025\/12\/WhatsApp-Image-2025-12-11-at-10.49.43-AM-1-300x200.jpeg 300w, https:\/\/noticiasrec.com\/wp-content\/uploads\/2025\/12\/WhatsApp-Image-2025-12-11-at-10.49.43-AM-1-768x512.jpeg 768w, https:\/\/noticiasrec.com\/wp-content\/uploads\/2025\/12\/WhatsApp-Image-2025-12-11-at-10.49.43-AM-1.jpeg 1277w\" sizes=\"auto, (max-width: 1024px) 100vw, 1024px\" \/><\/a><\/figure>\n<\/div>\n\n\n\n<div class=\"wp-block-column is-layout-flow wp-block-column-is-layout-flow\">\n<figure class=\"wp-block-image size-large\"><a href=\"http:\/\/noticiasrec.com\/wp-content\/uploads\/2025\/12\/WhatsApp-Image-2025-12-11-at-10.49.43-AM-3.jpeg\"><img loading=\"lazy\" decoding=\"async\" width=\"1024\" height=\"682\" src=\"http:\/\/noticiasrec.com\/wp-content\/uploads\/2025\/12\/WhatsApp-Image-2025-12-11-at-10.49.43-AM-3-1024x682.jpeg\" alt=\"\" class=\"wp-image-19045\" srcset=\"https:\/\/noticiasrec.com\/wp-content\/uploads\/2025\/12\/WhatsApp-Image-2025-12-11-at-10.49.43-AM-3-1024x682.jpeg 1024w, https:\/\/noticiasrec.com\/wp-content\/uploads\/2025\/12\/WhatsApp-Image-2025-12-11-at-10.49.43-AM-3-300x200.jpeg 300w, https:\/\/noticiasrec.com\/wp-content\/uploads\/2025\/12\/WhatsApp-Image-2025-12-11-at-10.49.43-AM-3-768x512.jpeg 768w, https:\/\/noticiasrec.com\/wp-content\/uploads\/2025\/12\/WhatsApp-Image-2025-12-11-at-10.49.43-AM-3.jpeg 1280w\" sizes=\"auto, (max-width: 1024px) 100vw, 1024px\" \/><\/a><\/figure>\n<\/div>\n<\/div>\n\n\n\n<p>Junto a decenas de vecinos, las autoridades recorrieron las dos cuadras intervenidas, que abarcan desde la intersecci\u00f3n de Pelagio Luna y Mara\u00f1\u00f3n hasta Pelagio Luna y Prado. La obra, ejecutada por la Secretar\u00eda de Obras P\u00fablicas y Planificaci\u00f3n Urbana, comprendi\u00f3 1.350 metros cuadrados de pavimento de hormig\u00f3n y la construcci\u00f3n de sumideros para el desagote de aguas de lluvia, mejorando la infraestructura y poniendo en valor el barrio y sus espacios p\u00fablicos.<\/p>\n\n\n\n<figure class=\"wp-block-image size-large is-resized\"><a href=\"http:\/\/noticiasrec.com\/wp-content\/uploads\/2025\/12\/WhatsApp-Image-2025-12-11-at-10.49.44-AM.jpeg\"><img loading=\"lazy\" decoding=\"async\" width=\"1024\" height=\"683\" src=\"http:\/\/noticiasrec.com\/wp-content\/uploads\/2025\/12\/WhatsApp-Image-2025-12-11-at-10.49.44-AM-1024x683.jpeg\" alt=\"\" class=\"wp-image-19046\" style=\"aspect-ratio:1.4992888417882142;width:808px;height:auto\" srcset=\"https:\/\/noticiasrec.com\/wp-content\/uploads\/2025\/12\/WhatsApp-Image-2025-12-11-at-10.49.44-AM-1024x683.jpeg 1024w, https:\/\/noticiasrec.com\/wp-content\/uploads\/2025\/12\/WhatsApp-Image-2025-12-11-at-10.49.44-AM-300x200.jpeg 300w, https:\/\/noticiasrec.com\/wp-content\/uploads\/2025\/12\/WhatsApp-Image-2025-12-11-at-10.49.44-AM-768x512.jpeg 768w, https:\/\/noticiasrec.com\/wp-content\/uploads\/2025\/12\/WhatsApp-Image-2025-12-11-at-10.49.44-AM.jpeg 1110w\" sizes=\"auto, (max-width: 1024px) 100vw, 1024px\" \/><\/a><\/figure>\n\n\n\n<p>M\u00e1s tarde, visitaron y habilitaron la obra recientemente finalizada en Pasaje Arrieta y P\u00edo XII, tambi\u00e9n en Ing. Adolfo Sourdeaux. Esta intervenci\u00f3n, de 1.630 metros cuadrados de calzada de hormig\u00f3n, fue solicitada y llevada adelante por la Secretar\u00eda General y la Subsecretar\u00eda de Servicios, con mano de obra de cuadrillas municipales y materiales producidos en la hormigonera local. All\u00ed, los vecinos recibieron a las autoridades con un agasajo de empanadas, prometidas al comenzar los trabajos. Guillermo Paz, vecino del barrio, expres\u00f3 emocionado: \u201cNos cambia la vida, ahora se van a modernizar las casas tambi\u00e9n, estamos muy agradecidos. Promesa cumplida por promesa cumplida\u201d.<\/p>\n\n\n\n<p>El intendente subray\u00f3 la importancia de estas obras para los vecinos de larga trayectoria en el barrio: \u201cMucha gente mayor, que vive hace 60, 50 o 40 a\u00f1os, pensaba que nunca iba a tener accesibilidad. Nos ven trabajando, avanzando, y entienden que no somos todos iguales: hay un municipio que planifica, que avanza y que trabaja. Eso es Malvinas, es el compromiso que tenemos\u201d.<\/p>\n\n\n\n<p>Ambas obras, ubicadas a cinco cuadras de distancia entre s\u00ed, est\u00e1n destinadas a mejorar significativamente la vida cotidiana de las y los vecinos de la zona. Los trabajos permiten una mejor accesibilidad a servicios p\u00fablicos, optimizan la circulaci\u00f3n vehicular y peatonal, y contribuyen a disminuir enfermedades asociadas al polvo o al estancamiento de agua. Adem\u00e1s, ponen en valor el espacio p\u00fablico para el disfrute seguro de la comunidad.<\/p>\n\n\n\n<p>Nardini concluy\u00f3: \u201cLos vecinos ven que las obras se inician y se culminan, que hay funcionarios comprometidos que ponen el coraz\u00f3n en su lugar, que es el lugar donde viven y se renuevan las esperanzas en una pol\u00edtica seria, que trabaja y que tiene la convicci\u00f3n de avanzar\u201d, y concluy\u00f3: \u201cAs\u00ed vamos a arrancar el 2026: con la misma impronta, el mismo sacrificio, la misma voluntad y las mismas ganas de llevar a Malvinas a un futuro mejor\u201d. <\/p>\n","protected":false},"excerpt":{"rendered":"<p>11 de Diciembre 2025 Acompa\u00f1ados de decenas de vecinos, Nardini y Correa inauguraron y habilitaron..<\/p>\n","protected":false},"author":2,"featured_media":19045,"comment_status":"open","ping_status":"open","sticky":false,"template":"","format":"standard","meta":{"footnotes":""},"categories":[9,3],"tags":[],"class_list":["post-19043","post","type-post","status-publish","format-standard","has-post-thumbnail","hentry","category-malvinas-argentinas","category-municipios"],"_links":{"self":[{"href":"https:\/\/noticiasrec.com\/index.php?rest_route=\/wp\/v2\/posts\/19043","targetHints":{"allow":["GET"]}}],"collection":[{"href":"https:\/\/noticiasrec.com\/index.php?rest_route=\/wp\/v2\/posts"}],"about":[{"href":"https:\/\/noticiasrec.com\/index.php?rest_route=\/wp\/v2\/types\/post"}],"author":[{"embeddable":true,"href":"https:\/\/noticiasrec.com\/index.php?rest_route=\/wp\/v2\/users\/2"}],"replies":[{"embeddable":true,"href":"https:\/\/noticiasrec.com\/index.php?rest_route=%2Fwp%2Fv2%2Fcomments&post=19043"}],"version-history":[{"count":1,"href":"https:\/\/noticiasrec.com\/index.php?rest_route=\/wp\/v2\/posts\/19043\/revisions"}],"predecessor-version":[{"id":19047,"href":"https:\/\/noticiasrec.com\/index.php?rest_route=\/wp\/v2\/posts\/19043\/revisions\/19047"}],"wp:featuredmedia":[{"embeddable":true,"href":"https:\/\/noticiasrec.com\/index.php?rest_route=\/wp\/v2\/media\/19045"}],"wp:attachment":[{"href":"https:\/\/noticiasrec.com\/index.php?rest_route=%2Fwp%2Fv2%2Fmedia&parent=19043"}],"wp:term":[{"taxonomy":"category","embeddable":true,"href":"https:\/\/noticiasrec.com\/index.php?rest_route=%2Fwp%2Fv2%2Fcategories&post=19043"},{"taxonomy":"post_tag","embeddable":true,"href":"https:\/\/noticiasrec.com\/index.php?rest_route=%2Fwp%2Fv2%2Ftags&post=19043"}],"curies":[{"name":"wp","href":"https:\/\/api.w.org\/{rel}","templated":true}]}}