{"id":19029,"date":"2025-12-10T20:47:03","date_gmt":"2025-12-10T20:47:03","guid":{"rendered":"http:\/\/noticiasrec.com\/?p=19029"},"modified":"2025-12-10T20:47:03","modified_gmt":"2025-12-10T20:47:03","slug":"se-conformo-el-nuevo-honorable-concejo-deliberante-de-malvinas-argentinas","status":"publish","type":"post","link":"https:\/\/noticiasrec.com\/?p=19029","title":{"rendered":"Se conform\u00f3 el nuevo Honorable Concejo Deliberante de Malvinas Argentinas"},"content":{"rendered":"\n<p><strong>10 de Diciembre 2025<\/strong><\/p>\n\n\n\n<p><strong>Tras las elecciones realizadas este a\u00f1o, el pueblo de Malvinas Argentinas eligi\u00f3 su nueva representaci\u00f3n legislativa. Los concejales electos asumieron sus cargos y comenz\u00f3 oficialmente un nuevo per\u00edodo en el Honorable Concejo Deliberante. Qued\u00f3 conformado el cuerpo que trabajar\u00e1 por las necesidades de los vecinos y vecinas del distrito<\/strong>.<\/p>\n\n\n\n<div class=\"wp-block-columns is-layout-flex wp-container-core-columns-is-layout-9d6595d7 wp-block-columns-is-layout-flex\">\n<div class=\"wp-block-column is-layout-flow wp-block-column-is-layout-flow\">\n<figure class=\"wp-block-image size-large\"><a href=\"http:\/\/noticiasrec.com\/wp-content\/uploads\/2025\/12\/WhatsApp-Image-2025-12-10-at-11.53.22-AM-2.jpeg\"><img loading=\"lazy\" decoding=\"async\" width=\"1024\" height=\"683\" src=\"http:\/\/noticiasrec.com\/wp-content\/uploads\/2025\/12\/WhatsApp-Image-2025-12-10-at-11.53.22-AM-2-1024x683.jpeg\" alt=\"\" class=\"wp-image-19030\" srcset=\"https:\/\/noticiasrec.com\/wp-content\/uploads\/2025\/12\/WhatsApp-Image-2025-12-10-at-11.53.22-AM-2-1024x683.jpeg 1024w, https:\/\/noticiasrec.com\/wp-content\/uploads\/2025\/12\/WhatsApp-Image-2025-12-10-at-11.53.22-AM-2-300x200.jpeg 300w, https:\/\/noticiasrec.com\/wp-content\/uploads\/2025\/12\/WhatsApp-Image-2025-12-10-at-11.53.22-AM-2-768x512.jpeg 768w, https:\/\/noticiasrec.com\/wp-content\/uploads\/2025\/12\/WhatsApp-Image-2025-12-10-at-11.53.22-AM-2.jpeg 1440w\" sizes=\"auto, (max-width: 1024px) 100vw, 1024px\" \/><\/a><\/figure>\n<\/div>\n\n\n\n<div class=\"wp-block-column is-layout-flow wp-block-column-is-layout-flow\">\n<figure class=\"wp-block-image size-large\"><a href=\"http:\/\/noticiasrec.com\/wp-content\/uploads\/2025\/12\/WhatsApp-Image-2025-12-10-at-11.53.22-AM.jpeg\"><img loading=\"lazy\" decoding=\"async\" width=\"1024\" height=\"683\" src=\"http:\/\/noticiasrec.com\/wp-content\/uploads\/2025\/12\/WhatsApp-Image-2025-12-10-at-11.53.22-AM-1024x683.jpeg\" alt=\"\" class=\"wp-image-19031\" srcset=\"https:\/\/noticiasrec.com\/wp-content\/uploads\/2025\/12\/WhatsApp-Image-2025-12-10-at-11.53.22-AM-1024x683.jpeg 1024w, https:\/\/noticiasrec.com\/wp-content\/uploads\/2025\/12\/WhatsApp-Image-2025-12-10-at-11.53.22-AM-300x200.jpeg 300w, https:\/\/noticiasrec.com\/wp-content\/uploads\/2025\/12\/WhatsApp-Image-2025-12-10-at-11.53.22-AM-768x512.jpeg 768w, https:\/\/noticiasrec.com\/wp-content\/uploads\/2025\/12\/WhatsApp-Image-2025-12-10-at-11.53.22-AM.jpeg 1440w\" sizes=\"auto, (max-width: 1024px) 100vw, 1024px\" \/><\/a><\/figure>\n<\/div>\n<\/div>\n\n\n\n<p>El Honorable Concejo Deliberante de Malvinas Argentinas qued\u00f3 formalmente constituido este 9 de diciembre, tras la jura y asunci\u00f3n de los nuevos concejales electos. En la Sesi\u00f3n Preparatoria, marcada por el orden democr\u00e1tico y el acompa\u00f1amiento de la comunidad, se defini\u00f3 la conformaci\u00f3n de las nuevas autoridades legislativas que conducir\u00e1n el trabajo parlamentario durante el pr\u00f3ximo per\u00edodo.<\/p>\n\n\n\n<div class=\"wp-block-columns is-layout-flex wp-container-core-columns-is-layout-9d6595d7 wp-block-columns-is-layout-flex\">\n<div class=\"wp-block-column is-layout-flow wp-block-column-is-layout-flow\">\n<figure class=\"wp-block-image size-large\"><a href=\"http:\/\/noticiasrec.com\/wp-content\/uploads\/2025\/12\/WhatsApp-Image-2025-12-10-at-11.53.23-AM-2.jpeg\"><img loading=\"lazy\" decoding=\"async\" width=\"1024\" height=\"683\" src=\"http:\/\/noticiasrec.com\/wp-content\/uploads\/2025\/12\/WhatsApp-Image-2025-12-10-at-11.53.23-AM-2-1024x683.jpeg\" alt=\"\" class=\"wp-image-19032\" srcset=\"https:\/\/noticiasrec.com\/wp-content\/uploads\/2025\/12\/WhatsApp-Image-2025-12-10-at-11.53.23-AM-2-1024x683.jpeg 1024w, https:\/\/noticiasrec.com\/wp-content\/uploads\/2025\/12\/WhatsApp-Image-2025-12-10-at-11.53.23-AM-2-300x200.jpeg 300w, https:\/\/noticiasrec.com\/wp-content\/uploads\/2025\/12\/WhatsApp-Image-2025-12-10-at-11.53.23-AM-2-768x512.jpeg 768w, https:\/\/noticiasrec.com\/wp-content\/uploads\/2025\/12\/WhatsApp-Image-2025-12-10-at-11.53.23-AM-2.jpeg 1032w\" sizes=\"auto, (max-width: 1024px) 100vw, 1024px\" \/><\/a><\/figure>\n<\/div>\n\n\n\n<div class=\"wp-block-column is-layout-flow wp-block-column-is-layout-flow\">\n<figure class=\"wp-block-image size-large\"><a href=\"http:\/\/noticiasrec.com\/wp-content\/uploads\/2025\/12\/WhatsApp-Image-2025-12-10-at-11.53.23-AM-3.jpeg\"><img loading=\"lazy\" decoding=\"async\" width=\"1024\" height=\"683\" src=\"http:\/\/noticiasrec.com\/wp-content\/uploads\/2025\/12\/WhatsApp-Image-2025-12-10-at-11.53.23-AM-3-1024x683.jpeg\" alt=\"\" class=\"wp-image-19033\" srcset=\"https:\/\/noticiasrec.com\/wp-content\/uploads\/2025\/12\/WhatsApp-Image-2025-12-10-at-11.53.23-AM-3-1024x683.jpeg 1024w, https:\/\/noticiasrec.com\/wp-content\/uploads\/2025\/12\/WhatsApp-Image-2025-12-10-at-11.53.23-AM-3-300x200.jpeg 300w, https:\/\/noticiasrec.com\/wp-content\/uploads\/2025\/12\/WhatsApp-Image-2025-12-10-at-11.53.23-AM-3-768x512.jpeg 768w, https:\/\/noticiasrec.com\/wp-content\/uploads\/2025\/12\/WhatsApp-Image-2025-12-10-at-11.53.23-AM-3.jpeg 1440w\" sizes=\"auto, (max-width: 1024px) 100vw, 1024px\" \/><\/a><\/figure>\n<\/div>\n<\/div>\n\n\n\n<p>Mariana Zuccarini, de Fuerza Patria, renov\u00f3 su mandato y fue proclamada presidenta del Concejo. La vicepresidencia 1ra qued\u00f3 a cargo de Andrea Roa (Frente Renovador), mientras que la vicepresidencia 2da fue otorgada a Ayrton Caro, representante de La Libertad Avanza. Como secretario legislativo asumi\u00f3 Alberto Caballero, tambi\u00e9n de Fuerza Patria, quien renov\u00f3 su funci\u00f3n.<\/p>\n\n\n\n<div class=\"wp-block-columns is-layout-flex wp-container-core-columns-is-layout-9d6595d7 wp-block-columns-is-layout-flex\">\n<div class=\"wp-block-column is-layout-flow wp-block-column-is-layout-flow\">\n<figure class=\"wp-block-image size-large\"><a href=\"http:\/\/noticiasrec.com\/wp-content\/uploads\/2025\/12\/WhatsApp-Image-2025-12-10-at-11.53.23-AM-1.jpeg\"><img loading=\"lazy\" decoding=\"async\" width=\"1024\" height=\"683\" src=\"http:\/\/noticiasrec.com\/wp-content\/uploads\/2025\/12\/WhatsApp-Image-2025-12-10-at-11.53.23-AM-1-1024x683.jpeg\" alt=\"\" class=\"wp-image-19034\" srcset=\"https:\/\/noticiasrec.com\/wp-content\/uploads\/2025\/12\/WhatsApp-Image-2025-12-10-at-11.53.23-AM-1-1024x683.jpeg 1024w, https:\/\/noticiasrec.com\/wp-content\/uploads\/2025\/12\/WhatsApp-Image-2025-12-10-at-11.53.23-AM-1-300x200.jpeg 300w, https:\/\/noticiasrec.com\/wp-content\/uploads\/2025\/12\/WhatsApp-Image-2025-12-10-at-11.53.23-AM-1-768x512.jpeg 768w, https:\/\/noticiasrec.com\/wp-content\/uploads\/2025\/12\/WhatsApp-Image-2025-12-10-at-11.53.23-AM-1.jpeg 1440w\" sizes=\"auto, (max-width: 1024px) 100vw, 1024px\" \/><\/a><\/figure>\n<\/div>\n\n\n\n<div class=\"wp-block-column is-layout-flow wp-block-column-is-layout-flow\">\n<figure class=\"wp-block-image size-large\"><a href=\"http:\/\/noticiasrec.com\/wp-content\/uploads\/2025\/12\/WhatsApp-Image-2025-12-10-at-11.53.22-AM-1.jpeg\"><img loading=\"lazy\" decoding=\"async\" width=\"1024\" height=\"682\" src=\"http:\/\/noticiasrec.com\/wp-content\/uploads\/2025\/12\/WhatsApp-Image-2025-12-10-at-11.53.22-AM-1-1024x682.jpeg\" alt=\"\" class=\"wp-image-19035\" srcset=\"https:\/\/noticiasrec.com\/wp-content\/uploads\/2025\/12\/WhatsApp-Image-2025-12-10-at-11.53.22-AM-1-1024x682.jpeg 1024w, https:\/\/noticiasrec.com\/wp-content\/uploads\/2025\/12\/WhatsApp-Image-2025-12-10-at-11.53.22-AM-1-300x200.jpeg 300w, https:\/\/noticiasrec.com\/wp-content\/uploads\/2025\/12\/WhatsApp-Image-2025-12-10-at-11.53.22-AM-1-768x512.jpeg 768w, https:\/\/noticiasrec.com\/wp-content\/uploads\/2025\/12\/WhatsApp-Image-2025-12-10-at-11.53.22-AM-1.jpeg 1280w\" sizes=\"auto, (max-width: 1024px) 100vw, 1024px\" \/><\/a><\/figure>\n<\/div>\n<\/div>\n\n\n\n<p>En esta oportunidad, asumieron como concejales electos por Fuerza Patria: Sergio Arce, Nicol\u00e1s Flores, Bel\u00e9n Navarro, Lucas Mendoza, Adri\u00e1n Chac\u00f3n, Valeria Ciacera, Cristian Abdala, Noelia Franco y Catalina Seput. Por La Libertad Avanza juraron Ana Laura Aiello, Diego Alaniz y Sol Schachtl, completando as\u00ed la nueva composici\u00f3n del cuerpo legislativo local.<\/p>\n\n\n\n<p>La sesi\u00f3n cont\u00f3 con un amplio acompa\u00f1amiento institucional y pol\u00edtico. Estuvieron presentes el intendente de Malvinas Argentinas, Leo Nardini; el vicepresidente primero del Senado Bonaerense, Luis Vivona; la secretaria general, Noe Correa; y la secretaria de Gobierno y Monitoreo Institucional, Lic. Mar\u00eda Luj\u00e1n Salgado. Tambi\u00e9n participaron funcionarios del Ejecutivo; concejales mandato cumplido; concejales con licencia Analia Carrizo, Karina Obreg\u00f3n, Jos\u00e9 Luis Lavanini; representantes de instituciones intermedias; agrupaciones pol\u00edticas; vecinos y vecinas del distrito. Con esta nueva conformaci\u00f3n, el Concejo Deliberante inicia un nuevo ciclo de trabajo legislativo, consolidando el compromiso democr\u00e1tico y la representaci\u00f3n plural de la comunidad malvinense. <\/p>\n","protected":false},"excerpt":{"rendered":"<p>10 de Diciembre 2025 Tras las elecciones realizadas este a\u00f1o, el pueblo de Malvinas Argentinas..<\/p>\n","protected":false},"author":2,"featured_media":19030,"comment_status":"open","ping_status":"open","sticky":false,"template":"","format":"standard","meta":{"footnotes":""},"categories":[9,3],"tags":[],"class_list":["post-19029","post","type-post","status-publish","format-standard","has-post-thumbnail","hentry","category-malvinas-argentinas","category-municipios"],"_links":{"self":[{"href":"https:\/\/noticiasrec.com\/index.php?rest_route=\/wp\/v2\/posts\/19029","targetHints":{"allow":["GET"]}}],"collection":[{"href":"https:\/\/noticiasrec.com\/index.php?rest_route=\/wp\/v2\/posts"}],"about":[{"href":"https:\/\/noticiasrec.com\/index.php?rest_route=\/wp\/v2\/types\/post"}],"author":[{"embeddable":true,"href":"https:\/\/noticiasrec.com\/index.php?rest_route=\/wp\/v2\/users\/2"}],"replies":[{"embeddable":true,"href":"https:\/\/noticiasrec.com\/index.php?rest_route=%2Fwp%2Fv2%2Fcomments&post=19029"}],"version-history":[{"count":1,"href":"https:\/\/noticiasrec.com\/index.php?rest_route=\/wp\/v2\/posts\/19029\/revisions"}],"predecessor-version":[{"id":19036,"href":"https:\/\/noticiasrec.com\/index.php?rest_route=\/wp\/v2\/posts\/19029\/revisions\/19036"}],"wp:featuredmedia":[{"embeddable":true,"href":"https:\/\/noticiasrec.com\/index.php?rest_route=\/wp\/v2\/media\/19030"}],"wp:attachment":[{"href":"https:\/\/noticiasrec.com\/index.php?rest_route=%2Fwp%2Fv2%2Fmedia&parent=19029"}],"wp:term":[{"taxonomy":"category","embeddable":true,"href":"https:\/\/noticiasrec.com\/index.php?rest_route=%2Fwp%2Fv2%2Fcategories&post=19029"},{"taxonomy":"post_tag","embeddable":true,"href":"https:\/\/noticiasrec.com\/index.php?rest_route=%2Fwp%2Fv2%2Ftags&post=19029"}],"curies":[{"name":"wp","href":"https:\/\/api.w.org\/{rel}","templated":true}]}}