{"id":19015,"date":"2025-12-10T11:56:36","date_gmt":"2025-12-10T11:56:36","guid":{"rendered":"http:\/\/noticiasrec.com\/?p=19015"},"modified":"2025-12-10T11:56:36","modified_gmt":"2025-12-10T11:56:36","slug":"mario-ishii-juro-como-senador-bonaerense-hay-que-reconciliar-a-la-politica-y-las-instituciones-con-la-sociedad","status":"publish","type":"post","link":"https:\/\/noticiasrec.com\/?p=19015","title":{"rendered":"Mario Ishii jur\u00f3 como Senador Bonaerense: \u201cHay que reconciliar a la pol\u00edtica y las instituciones con la sociedad\u201d"},"content":{"rendered":"\n<p><strong>10 de Diciembre 2025<\/strong><\/p>\n\n\n\n<p><strong>Mario Ishii asumi\u00f3 como Senador de la provincia de Buenos Aires luego de ser electo el pasado 7 de septiembre y refirm\u00f3 su compromiso para trabajar por las y los Bonaerenses. \u201cPero sobre todo hay que reconciliar a la sociedad, con la sociedad\u201d complet\u00f3 el hist\u00f3rico dirigente peronista.<\/strong><\/p>\n\n\n\n<figure class=\"wp-block-image size-full\"><a href=\"http:\/\/noticiasrec.com\/wp-content\/uploads\/2025\/12\/Mario-Ishii-juro-como-Senador.jpg\"><img loading=\"lazy\" decoding=\"async\" width=\"800\" height=\"445\" src=\"http:\/\/noticiasrec.com\/wp-content\/uploads\/2025\/12\/Mario-Ishii-juro-como-Senador.jpg\" alt=\"\" class=\"wp-image-19016\" srcset=\"https:\/\/noticiasrec.com\/wp-content\/uploads\/2025\/12\/Mario-Ishii-juro-como-Senador.jpg 800w, https:\/\/noticiasrec.com\/wp-content\/uploads\/2025\/12\/Mario-Ishii-juro-como-Senador-300x167.jpg 300w, https:\/\/noticiasrec.com\/wp-content\/uploads\/2025\/12\/Mario-Ishii-juro-como-Senador-768x427.jpg 768w\" sizes=\"auto, (max-width: 800px) 100vw, 800px\" \/><\/a><\/figure>\n\n\n\n<p>Ishii que ostenta un r\u00e9cord de 43 elecciones consecutivas ganadas, jur\u00f3 como senador provincial, en una ceremonia presidida por la Vicegobernadora y titular de la C\u00e1mara Alta, Ver\u00f3nica Magario, junto a los legisladores electos que ejercer\u00e1n su banca a partir del pr\u00f3ximo 10 de diciembre hasta 2029-, tras lo cual el peronismo tendr\u00e1 mayor\u00eda propia, y no depender\u00e1 de la oposici\u00f3n parlamentaria.<\/p>\n\n\n\n<figure class=\"wp-block-image size-full\"><a href=\"http:\/\/noticiasrec.com\/wp-content\/uploads\/2025\/12\/Mario-Ishii-juro-como-Senador3.jpg\"><img loading=\"lazy\" decoding=\"async\" width=\"600\" height=\"612\" src=\"http:\/\/noticiasrec.com\/wp-content\/uploads\/2025\/12\/Mario-Ishii-juro-como-Senador3.jpg\" alt=\"\" class=\"wp-image-19017\" srcset=\"https:\/\/noticiasrec.com\/wp-content\/uploads\/2025\/12\/Mario-Ishii-juro-como-Senador3.jpg 600w, https:\/\/noticiasrec.com\/wp-content\/uploads\/2025\/12\/Mario-Ishii-juro-como-Senador3-294x300.jpg 294w, https:\/\/noticiasrec.com\/wp-content\/uploads\/2025\/12\/Mario-Ishii-juro-como-Senador3-70x70.jpg 70w\" sizes=\"auto, (max-width: 600px) 100vw, 600px\" \/><\/a><\/figure>\n\n\n\n<p>El intendente y ahora senador trabajo en la refundaci\u00f3n de Jos\u00e9 C. Paz, al que transform\u00f3 con su gesti\u00f3n, en Obras, como los siete Hospitales construidos con fondos y mano de obra municipal.<\/p>\n\n\n\n<p><\/p>\n","protected":false},"excerpt":{"rendered":"<p>10 de Diciembre 2025 Mario Ishii asumi\u00f3 como Senador de la provincia de Buenos Aires..<\/p>\n","protected":false},"author":2,"featured_media":19016,"comment_status":"open","ping_status":"open","sticky":false,"template":"","format":"standard","meta":{"footnotes":""},"categories":[10,3,2],"tags":[],"class_list":["post-19015","post","type-post","status-publish","format-standard","has-post-thumbnail","hentry","category-jose-c-paz","category-municipios","category-provincia"],"_links":{"self":[{"href":"https:\/\/noticiasrec.com\/index.php?rest_route=\/wp\/v2\/posts\/19015","targetHints":{"allow":["GET"]}}],"collection":[{"href":"https:\/\/noticiasrec.com\/index.php?rest_route=\/wp\/v2\/posts"}],"about":[{"href":"https:\/\/noticiasrec.com\/index.php?rest_route=\/wp\/v2\/types\/post"}],"author":[{"embeddable":true,"href":"https:\/\/noticiasrec.com\/index.php?rest_route=\/wp\/v2\/users\/2"}],"replies":[{"embeddable":true,"href":"https:\/\/noticiasrec.com\/index.php?rest_route=%2Fwp%2Fv2%2Fcomments&post=19015"}],"version-history":[{"count":1,"href":"https:\/\/noticiasrec.com\/index.php?rest_route=\/wp\/v2\/posts\/19015\/revisions"}],"predecessor-version":[{"id":19018,"href":"https:\/\/noticiasrec.com\/index.php?rest_route=\/wp\/v2\/posts\/19015\/revisions\/19018"}],"wp:featuredmedia":[{"embeddable":true,"href":"https:\/\/noticiasrec.com\/index.php?rest_route=\/wp\/v2\/media\/19016"}],"wp:attachment":[{"href":"https:\/\/noticiasrec.com\/index.php?rest_route=%2Fwp%2Fv2%2Fmedia&parent=19015"}],"wp:term":[{"taxonomy":"category","embeddable":true,"href":"https:\/\/noticiasrec.com\/index.php?rest_route=%2Fwp%2Fv2%2Fcategories&post=19015"},{"taxonomy":"post_tag","embeddable":true,"href":"https:\/\/noticiasrec.com\/index.php?rest_route=%2Fwp%2Fv2%2Ftags&post=19015"}],"curies":[{"name":"wp","href":"https:\/\/api.w.org\/{rel}","templated":true}]}}