{"id":18878,"date":"2025-11-26T13:24:44","date_gmt":"2025-11-26T13:24:44","guid":{"rendered":"http:\/\/noticiasrec.com\/?p=18878"},"modified":"2025-11-26T13:24:44","modified_gmt":"2025-11-26T13:24:44","slug":"kreplak-alerto-por-un-nuevo-brote-de-sarampion-y-el-avance-del-discurso-antivacunas","status":"publish","type":"post","link":"https:\/\/noticiasrec.com\/?p=18878","title":{"rendered":"Kreplak alert\u00f3 por un nuevo brote de sarampi\u00f3n y el avance del discurso antivacunas"},"content":{"rendered":"\n<p><strong>26 de Noviembre 2025<\/strong><\/p>\n\n\n\n<p>El ministro de Salud de la Provincia de Buenos Aires, Nicol\u00e1s Kreplak, alert\u00f3 p\u00fablicamente este lunes sobre la emisi\u00f3n de un nuevo aviso epidemiol\u00f3gico por casos de sarampi\u00f3n, a pocas semanas de haberse dado por cerrado el \u00faltimo brote. Esta situaci\u00f3n reaviva la preocupaci\u00f3n por el debilitamiento de las pol\u00edticas nacionales de prevenci\u00f3n sanitaria y el abandono de estrategias de inmunizaci\u00f3n sistem\u00e1tica.<\/p>\n\n\n\n<p>A trav\u00e9s de un mensaje difundido en redes sociales, Kreplak remarc\u00f3 con dureza la inacci\u00f3n del gobierno nacional ante el rebrote de enfermedades prevenibles. \u201cNuevo alerta por sarampi\u00f3n en apenas algunas semanas de haber cerrado el brote. Este gobierno de ajuste y ausencia de gesti\u00f3n no se ocupa de sus responsabilidades\u201d, escribi\u00f3 el ministro.<\/p>\n\n\n\n<figure class=\"wp-block-image size-full\"><a href=\"http:\/\/noticiasrec.com\/wp-content\/uploads\/2025\/11\/provincia-kreplak-revista-salud-publica.webp\"><img loading=\"lazy\" decoding=\"async\" width=\"740\" height=\"470\" src=\"http:\/\/noticiasrec.com\/wp-content\/uploads\/2025\/11\/provincia-kreplak-revista-salud-publica.webp\" alt=\"\" class=\"wp-image-18879\" srcset=\"https:\/\/noticiasrec.com\/wp-content\/uploads\/2025\/11\/provincia-kreplak-revista-salud-publica.webp 740w, https:\/\/noticiasrec.com\/wp-content\/uploads\/2025\/11\/provincia-kreplak-revista-salud-publica-300x191.webp 300w\" sizes=\"auto, (max-width: 740px) 100vw, 740px\" \/><\/a><\/figure>\n\n\n\n<p>La cr\u00edtica se intensific\u00f3 al se\u00f1alar que, en paralelo al retroceso en el sistema de vigilancia y vacunaci\u00f3n, sectores oficiales promueven espacios de legitimaci\u00f3n al negacionismo cient\u00edfico: \u201cAdem\u00e1s convocan y difunden jornadas antivacunas en el Congreso Nacional. De no creer\u201d, a\u00f1adi\u00f3 Kreplak.<\/p>\n\n\n\n<p>Frente a este panorama, el ministro confirm\u00f3 que este jueves participar\u00e1 de una jornada convocada por diputadas y diputados nacionales de las comisiones de Salud y de Ciencia y T\u00e9cnica, organizada espec\u00edficamente en rechazo a esa iniciativa antivacunas y en defensa de la vacunaci\u00f3n, la evidencia cient\u00edfica y las pol\u00edticas sanitarias basadas en conocimiento.<\/p>\n\n\n\n<p>Kreplak subray\u00f3 que es fundamental sostener el consenso sanitario alcanzado durante d\u00e9cadas y enfrentar el negacionismo \u201ccon claridad, responsabilidad y compromiso con la salud colectiva\u201d. <\/p>\n","protected":false},"excerpt":{"rendered":"<p>26 de Noviembre 2025 El ministro de Salud de la Provincia de Buenos Aires, Nicol\u00e1s..<\/p>\n","protected":false},"author":2,"featured_media":18879,"comment_status":"open","ping_status":"open","sticky":false,"template":"","format":"standard","meta":{"footnotes":""},"categories":[3,2,19],"tags":[],"class_list":["post-18878","post","type-post","status-publish","format-standard","has-post-thumbnail","hentry","category-municipios","category-provincia","category-salud"],"_links":{"self":[{"href":"https:\/\/noticiasrec.com\/index.php?rest_route=\/wp\/v2\/posts\/18878","targetHints":{"allow":["GET"]}}],"collection":[{"href":"https:\/\/noticiasrec.com\/index.php?rest_route=\/wp\/v2\/posts"}],"about":[{"href":"https:\/\/noticiasrec.com\/index.php?rest_route=\/wp\/v2\/types\/post"}],"author":[{"embeddable":true,"href":"https:\/\/noticiasrec.com\/index.php?rest_route=\/wp\/v2\/users\/2"}],"replies":[{"embeddable":true,"href":"https:\/\/noticiasrec.com\/index.php?rest_route=%2Fwp%2Fv2%2Fcomments&post=18878"}],"version-history":[{"count":1,"href":"https:\/\/noticiasrec.com\/index.php?rest_route=\/wp\/v2\/posts\/18878\/revisions"}],"predecessor-version":[{"id":18880,"href":"https:\/\/noticiasrec.com\/index.php?rest_route=\/wp\/v2\/posts\/18878\/revisions\/18880"}],"wp:featuredmedia":[{"embeddable":true,"href":"https:\/\/noticiasrec.com\/index.php?rest_route=\/wp\/v2\/media\/18879"}],"wp:attachment":[{"href":"https:\/\/noticiasrec.com\/index.php?rest_route=%2Fwp%2Fv2%2Fmedia&parent=18878"}],"wp:term":[{"taxonomy":"category","embeddable":true,"href":"https:\/\/noticiasrec.com\/index.php?rest_route=%2Fwp%2Fv2%2Fcategories&post=18878"},{"taxonomy":"post_tag","embeddable":true,"href":"https:\/\/noticiasrec.com\/index.php?rest_route=%2Fwp%2Fv2%2Ftags&post=18878"}],"curies":[{"name":"wp","href":"https:\/\/api.w.org\/{rel}","templated":true}]}}