{"id":18857,"date":"2025-11-25T12:32:20","date_gmt":"2025-11-25T12:32:20","guid":{"rendered":"http:\/\/noticiasrec.com\/?p=18857"},"modified":"2025-11-25T12:32:20","modified_gmt":"2025-11-25T12:32:20","slug":"multas-en-las-playas-de-mar-del-plata-fumar-este-verano-puede-salir-carisimo","status":"publish","type":"post","link":"https:\/\/noticiasrec.com\/?p=18857","title":{"rendered":"Multas en las playas de Mar del Plata: fumar este verano puede salir car\u00edsimo"},"content":{"rendered":"\n<p><strong>25 de Noviembre 2025<\/strong><\/p>\n\n\n\n<p><strong>Mar del Plata iniciar\u00e1 su primera temporada con fiscalizaci\u00f3n real del uso de tabaco en la playa; aseguran que \u00ablas multas buscan cuidar la salud y el ambiente\u00bb<\/strong><\/p>\n\n\n\n<p>A partir de esta temporada, ir a la&nbsp;<strong>playa en Mar del Plata<\/strong>&nbsp;no solo va a implicar elegir carpa, sombrilla o parador: tambi\u00e9n habr\u00e1 que prestar atenci\u00f3n a d\u00f3nde se puede encender un&nbsp;<strong>cigarrillo para fumar<\/strong>.<\/p>\n\n\n\n<p>Por primera vez desde que se aprob\u00f3 la&nbsp;<strong>ordenanza municipal<\/strong>&nbsp;en 2022, el municipio empezar\u00e1 a aplicar&nbsp;<strong>multas<\/strong>&nbsp;a quienes fumen en zonas costeras donde rige la prohibici\u00f3n. Y los montos no son simb\u00f3licos: van desde&nbsp;<strong>$50.899<\/strong>&nbsp;hasta m\u00e1s de&nbsp;<strong>$500.000<\/strong>, dependiendo del tipo de infracci\u00f3n y del salario municipal que sirve de referencia.<\/p>\n\n\n\n<figure class=\"wp-block-image size-large\"><a href=\"http:\/\/noticiasrec.com\/wp-content\/uploads\/2025\/11\/687f6e1018b5c.r_d.1021-644-9494.jpeg.webp\"><img loading=\"lazy\" decoding=\"async\" width=\"1024\" height=\"448\" src=\"http:\/\/noticiasrec.com\/wp-content\/uploads\/2025\/11\/687f6e1018b5c.r_d.1021-644-9494.jpeg-1024x448.webp\" alt=\"\" class=\"wp-image-18858\" srcset=\"https:\/\/noticiasrec.com\/wp-content\/uploads\/2025\/11\/687f6e1018b5c.r_d.1021-644-9494.jpeg-1024x448.webp 1024w, https:\/\/noticiasrec.com\/wp-content\/uploads\/2025\/11\/687f6e1018b5c.r_d.1021-644-9494.jpeg-300x131.webp 300w, https:\/\/noticiasrec.com\/wp-content\/uploads\/2025\/11\/687f6e1018b5c.r_d.1021-644-9494.jpeg-768x336.webp 768w, https:\/\/noticiasrec.com\/wp-content\/uploads\/2025\/11\/687f6e1018b5c.r_d.1021-644-9494.jpeg.webp 1200w\" sizes=\"auto, (max-width: 1024px) 100vw, 1024px\" \/><\/a><\/figure>\n\n\n\n<h2 class=\"wp-block-heading\" id=\"h-primer-verano-con-controles\">Primer verano con controles<\/h2>\n\n\n\n<p>La medida se apoya en la&nbsp;<strong>Ordenanza 25.845<\/strong>, sancionada hace dos a\u00f1os pero implementada de manera progresiva. Hasta ahora, la ciudad ven\u00eda avanzando en campa\u00f1as, se\u00f1al\u00e9tica y acuerdos con balnearios para delimitar&nbsp;<strong>espacios libres de humo<\/strong>. Sin embargo, la presi\u00f3n ambiental y los reclamos por la enorme cantidad de&nbsp;<strong>colillas<\/strong>&nbsp;que terminan en la arena aceleraron el paso: este verano ser\u00e1 el primero con controles y sanciones efectivas.<\/p>\n\n\n\n<p>El esp\u00edritu de la ordenanza es doble. Por un lado, apunta a&nbsp;<strong>cuidar la salud p\u00fablica<\/strong>, evitando que los no fumadores \u2014especialmente chicos, personas mayores o quienes tienen enfermedades respiratorias\u2014 convivan con el humo en espacios de descanso. Por el otro, busca&nbsp;<strong>reducir el impacto ambiental<\/strong>: las colillas son el residuo m\u00e1s frecuente en la costa marplatense, y su degradaci\u00f3n libera sustancias t\u00f3xicas que contaminan arena y agua. No es casualidad que varias organizaciones ambientalistas hayan celebrado la entrada en vigencia plena de la norma.<\/p>\n\n\n\n<h2 class=\"wp-block-heading\" id=\"h-donde-se-podra-fumar\">D\u00f3nde se podr\u00e1 fumar<\/h2>\n\n\n\n<p>En la pr\u00e1ctica, los balnearios privados, concesionados y las unidades tur\u00edsticas fiscales deber\u00e1n disponer de&nbsp;<strong>zonas espec\u00edficas para fumadores<\/strong>, recipientes para descartar colillas y carteler\u00eda visible indicando los sectores libres de humo.<\/p>\n\n\n\n<p>En esos lugares, cualquier persona que prenda un cigarrillo (o incluso un dispositivo electr\u00f3nico tipo vapeador, ya que tambi\u00e9n est\u00e1 contemplado) podr\u00e1 ser sancionada.<\/p>\n\n\n\n<p>Lo que todav\u00eda no est\u00e1 definido es qui\u00e9n tendr\u00e1 la responsabilidad de fiscalizar: si&nbsp;<strong>inspectores municipales, personal de balnearios o un esquema combinado<\/strong>.<\/p>\n\n\n\n<p>Tampoco se confirm\u00f3 si la medida se extender\u00e1 a las&nbsp;<strong>playas p\u00fablicas<\/strong>, decisi\u00f3n que el Ejecutivo municipal puede tomar pero que a\u00fan no comunic\u00f3.<\/p>\n\n\n\n<h2 class=\"wp-block-heading\" id=\"h-el-impacto-de-las-multas\">El impacto de las multas<\/h2>\n\n\n\n<p>Las sanciones se calculan en funci\u00f3n de un porcentaje de entre 0.5 y 1.5% de cien salarios municipales, lo que explica los valores elevados. Adem\u00e1s, existe la posibilidad de una reducci\u00f3n si el infractor paga dentro de los primeros diez d\u00edas, algo que ya funciona en otros reg\u00edmenes sancionatorios locales.<\/p>\n\n\n\n<p>Con la temporada a la vuelta de la esquina, Mar del Plata se prepara para un verano donde el disfrute del mar tambi\u00e9n ir\u00e1 acompa\u00f1ado de nuevas reglas, ahora aplicadas y no solo como advertencia.<\/p>\n\n\n\n<p>La intenci\u00f3n, seg\u00fan el municipio, no es perseguir, sino promover&nbsp;<strong>playas m\u00e1s limpias<\/strong>,&nbsp;<strong>saludables<\/strong>&nbsp;y&nbsp;<strong>sostenibles<\/strong>. Habr\u00e1 que ver c\u00f3mo reaccionan turistas y locales ante esta convivencia costera renovada.<\/p>\n\n\n\n<p>Pero si alguien decide encender un cigarrillo en el lugar equivocado, quiz\u00e1s la playa le termine costando bastante m\u00e1s cara de lo previsto. <\/p>\n\n\n\n<p>Fuente\/\/infocielo.com<\/p>\n","protected":false},"excerpt":{"rendered":"<p>25 de Noviembre 2025 Mar del Plata iniciar\u00e1 su primera temporada con fiscalizaci\u00f3n real del..<\/p>\n","protected":false},"author":2,"featured_media":18858,"comment_status":"open","ping_status":"open","sticky":false,"template":"","format":"standard","meta":{"footnotes":""},"categories":[3,2,5],"tags":[],"class_list":["post-18857","post","type-post","status-publish","format-standard","has-post-thumbnail","hentry","category-municipios","category-provincia","category-sociedad"],"_links":{"self":[{"href":"https:\/\/noticiasrec.com\/index.php?rest_route=\/wp\/v2\/posts\/18857","targetHints":{"allow":["GET"]}}],"collection":[{"href":"https:\/\/noticiasrec.com\/index.php?rest_route=\/wp\/v2\/posts"}],"about":[{"href":"https:\/\/noticiasrec.com\/index.php?rest_route=\/wp\/v2\/types\/post"}],"author":[{"embeddable":true,"href":"https:\/\/noticiasrec.com\/index.php?rest_route=\/wp\/v2\/users\/2"}],"replies":[{"embeddable":true,"href":"https:\/\/noticiasrec.com\/index.php?rest_route=%2Fwp%2Fv2%2Fcomments&post=18857"}],"version-history":[{"count":1,"href":"https:\/\/noticiasrec.com\/index.php?rest_route=\/wp\/v2\/posts\/18857\/revisions"}],"predecessor-version":[{"id":18859,"href":"https:\/\/noticiasrec.com\/index.php?rest_route=\/wp\/v2\/posts\/18857\/revisions\/18859"}],"wp:featuredmedia":[{"embeddable":true,"href":"https:\/\/noticiasrec.com\/index.php?rest_route=\/wp\/v2\/media\/18858"}],"wp:attachment":[{"href":"https:\/\/noticiasrec.com\/index.php?rest_route=%2Fwp%2Fv2%2Fmedia&parent=18857"}],"wp:term":[{"taxonomy":"category","embeddable":true,"href":"https:\/\/noticiasrec.com\/index.php?rest_route=%2Fwp%2Fv2%2Fcategories&post=18857"},{"taxonomy":"post_tag","embeddable":true,"href":"https:\/\/noticiasrec.com\/index.php?rest_route=%2Fwp%2Fv2%2Ftags&post=18857"}],"curies":[{"name":"wp","href":"https:\/\/api.w.org\/{rel}","templated":true}]}}