{"id":18833,"date":"2025-11-20T13:49:46","date_gmt":"2025-11-20T13:49:46","guid":{"rendered":"http:\/\/noticiasrec.com\/?p=18833"},"modified":"2025-11-20T13:49:46","modified_gmt":"2025-11-20T13:49:46","slug":"villa-de-mayo-nardini-inauguro-la-pavimentacion-de-la-calle-arquimedes","status":"publish","type":"post","link":"https:\/\/noticiasrec.com\/?p=18833","title":{"rendered":"Villa de Mayo: Nardini inaugur\u00f3 la pavimentaci\u00f3n de la calle Arqu\u00edmedes"},"content":{"rendered":"\n<p><strong>20 de Noviembre 2025<\/strong><\/p>\n\n\n\n<p>El intendente inaugur\u00f3 una nueva obra de pavimentaci\u00f3n en Villa de Mayo. Sumada a otras realizadas recientemente, la intervenci\u00f3n mejora significativamente la infraestructura urbana del barrio.<\/p>\n\n\n\n<p>El intendente Leo Nardini visit\u00f3 la Ciudad de Villa de Mayo para inaugurar la pavimentaci\u00f3n de la calle Arqu\u00edmedes, en el tramo que comprende desde la intersecci\u00f3n con John F. Kennedy hasta Juan Mar\u00eda Guti\u00e9rrez. La obra, que abarca cuatro cuadras y una superficie de 3.588 metros cuadrados de pavimento de hormig\u00f3n, se realiz\u00f3 con cuadrillas municipales y materiales de la Hormigonera Municipal, dependiente de la Subsecretar\u00eda de Servicios.<\/p>\n\n\n\n<div class=\"wp-block-columns is-layout-flex wp-container-core-columns-is-layout-9d6595d7 wp-block-columns-is-layout-flex\">\n<div class=\"wp-block-column is-layout-flow wp-block-column-is-layout-flow\">\n<figure class=\"wp-block-image size-large\"><a href=\"http:\/\/noticiasrec.com\/wp-content\/uploads\/2025\/11\/WhatsApp-Image-2025-11-19-at-10.05.32-PM-1.jpeg\"><img loading=\"lazy\" decoding=\"async\" width=\"1024\" height=\"683\" src=\"http:\/\/noticiasrec.com\/wp-content\/uploads\/2025\/11\/WhatsApp-Image-2025-11-19-at-10.05.32-PM-1-1024x683.jpeg\" alt=\"\" class=\"wp-image-18834\" srcset=\"https:\/\/noticiasrec.com\/wp-content\/uploads\/2025\/11\/WhatsApp-Image-2025-11-19-at-10.05.32-PM-1-1024x683.jpeg 1024w, https:\/\/noticiasrec.com\/wp-content\/uploads\/2025\/11\/WhatsApp-Image-2025-11-19-at-10.05.32-PM-1-300x200.jpeg 300w, https:\/\/noticiasrec.com\/wp-content\/uploads\/2025\/11\/WhatsApp-Image-2025-11-19-at-10.05.32-PM-1-768x512.jpeg 768w, https:\/\/noticiasrec.com\/wp-content\/uploads\/2025\/11\/WhatsApp-Image-2025-11-19-at-10.05.32-PM-1.jpeg 1344w\" sizes=\"auto, (max-width: 1024px) 100vw, 1024px\" \/><\/a><\/figure>\n<\/div>\n\n\n\n<div class=\"wp-block-column is-layout-flow wp-block-column-is-layout-flow\">\n<figure class=\"wp-block-image size-large\"><a href=\"http:\/\/noticiasrec.com\/wp-content\/uploads\/2025\/11\/WhatsApp-Image-2025-11-19-at-10.05.32-PM-2.jpeg\"><img loading=\"lazy\" decoding=\"async\" width=\"1024\" height=\"683\" src=\"http:\/\/noticiasrec.com\/wp-content\/uploads\/2025\/11\/WhatsApp-Image-2025-11-19-at-10.05.32-PM-2-1024x683.jpeg\" alt=\"\" class=\"wp-image-18835\" srcset=\"https:\/\/noticiasrec.com\/wp-content\/uploads\/2025\/11\/WhatsApp-Image-2025-11-19-at-10.05.32-PM-2-1024x683.jpeg 1024w, https:\/\/noticiasrec.com\/wp-content\/uploads\/2025\/11\/WhatsApp-Image-2025-11-19-at-10.05.32-PM-2-300x200.jpeg 300w, https:\/\/noticiasrec.com\/wp-content\/uploads\/2025\/11\/WhatsApp-Image-2025-11-19-at-10.05.32-PM-2-768x512.jpeg 768w, https:\/\/noticiasrec.com\/wp-content\/uploads\/2025\/11\/WhatsApp-Image-2025-11-19-at-10.05.32-PM-2.jpeg 1344w\" sizes=\"auto, (max-width: 1024px) 100vw, 1024px\" \/><\/a><\/figure>\n<\/div>\n<\/div>\n\n\n\n<p>Seg\u00fan explic\u00f3 Nardini, la intervenci\u00f3n fue posible gracias a la reciente ejecuci\u00f3n de la obra hidr\u00e1ulica de la Cuenca Arqu\u00edmedes, una enorme intervenci\u00f3n de m\u00e1s de 50 cuadras que resolvi\u00f3 el problema de anegamiento que hist\u00f3ricamente sufr\u00eda la zona: \u201cEra una intervenci\u00f3n de m\u00e1s de 55 cuadras de ca\u00f1er\u00eda que vino a solucionar el problema hist\u00f3rico de drenaje de agua cada vez que llov\u00eda. Si no trabaj\u00e1bamos sobre eso, que nadie se hab\u00eda encargado de solucionar en la historia de General Sarmiento y de Malvinas, no pod\u00edamos nunca pensar en hacer el pavimento\u201d.<\/p>\n\n\n\n<div class=\"wp-block-columns is-layout-flex wp-container-core-columns-is-layout-9d6595d7 wp-block-columns-is-layout-flex\">\n<div class=\"wp-block-column is-layout-flow wp-block-column-is-layout-flow\">\n<figure class=\"wp-block-image size-large\"><a href=\"http:\/\/noticiasrec.com\/wp-content\/uploads\/2025\/11\/WhatsApp-Image-2025-11-19-at-10.05.32-PM.jpeg\"><img loading=\"lazy\" decoding=\"async\" width=\"1024\" height=\"682\" src=\"http:\/\/noticiasrec.com\/wp-content\/uploads\/2025\/11\/WhatsApp-Image-2025-11-19-at-10.05.32-PM-1024x682.jpeg\" alt=\"\" class=\"wp-image-18836\" srcset=\"https:\/\/noticiasrec.com\/wp-content\/uploads\/2025\/11\/WhatsApp-Image-2025-11-19-at-10.05.32-PM-1024x682.jpeg 1024w, https:\/\/noticiasrec.com\/wp-content\/uploads\/2025\/11\/WhatsApp-Image-2025-11-19-at-10.05.32-PM-300x200.jpeg 300w, https:\/\/noticiasrec.com\/wp-content\/uploads\/2025\/11\/WhatsApp-Image-2025-11-19-at-10.05.32-PM-768x512.jpeg 768w, https:\/\/noticiasrec.com\/wp-content\/uploads\/2025\/11\/WhatsApp-Image-2025-11-19-at-10.05.32-PM-1536x1023.jpeg 1536w, https:\/\/noticiasrec.com\/wp-content\/uploads\/2025\/11\/WhatsApp-Image-2025-11-19-at-10.05.32-PM.jpeg 1600w\" sizes=\"auto, (max-width: 1024px) 100vw, 1024px\" \/><\/a><\/figure>\n<\/div>\n\n\n\n<div class=\"wp-block-column is-layout-flow wp-block-column-is-layout-flow\">\n<figure class=\"wp-block-image size-large\"><a href=\"http:\/\/noticiasrec.com\/wp-content\/uploads\/2025\/11\/WhatsApp-Image-2025-11-19-at-10.05.33-PM-1.jpeg\"><img loading=\"lazy\" decoding=\"async\" width=\"1024\" height=\"682\" src=\"http:\/\/noticiasrec.com\/wp-content\/uploads\/2025\/11\/WhatsApp-Image-2025-11-19-at-10.05.33-PM-1-1024x682.jpeg\" alt=\"\" class=\"wp-image-18837\" srcset=\"https:\/\/noticiasrec.com\/wp-content\/uploads\/2025\/11\/WhatsApp-Image-2025-11-19-at-10.05.33-PM-1-1024x682.jpeg 1024w, https:\/\/noticiasrec.com\/wp-content\/uploads\/2025\/11\/WhatsApp-Image-2025-11-19-at-10.05.33-PM-1-300x200.jpeg 300w, https:\/\/noticiasrec.com\/wp-content\/uploads\/2025\/11\/WhatsApp-Image-2025-11-19-at-10.05.33-PM-1-768x512.jpeg 768w, https:\/\/noticiasrec.com\/wp-content\/uploads\/2025\/11\/WhatsApp-Image-2025-11-19-at-10.05.33-PM-1-1536x1023.jpeg 1536w, https:\/\/noticiasrec.com\/wp-content\/uploads\/2025\/11\/WhatsApp-Image-2025-11-19-at-10.05.33-PM-1.jpeg 1600w\" sizes=\"auto, (max-width: 1024px) 100vw, 1024px\" \/><\/a><\/figure>\n<\/div>\n<\/div>\n\n\n\n<p>La nueva calzada se integra al pavimento ejecutado en Arqu\u00edmedes y M\u00e1rquez, consolidando un corredor urbano m\u00e1s seguro y continuo, y da continuidad a la obra de pavimentaci\u00f3n e hidr\u00e1ulica de la calle Juan Mar\u00eda Guti\u00e9rrez. \u201cMuchos pensaban que especul\u00e1bamos con la elecci\u00f3n y que no se iba a terminar, y ac\u00e1 estamos, inaugur\u00e1ndolo juntos, con vecinos de toda la vida y tambi\u00e9n con j\u00f3venes que inician su vida profesional y su familia\u201d, se\u00f1al\u00f3 el intendente, destacando la presencia de referentes barriales y la participaci\u00f3n de los vecinos y vecinas en el corte de cinta.<\/p>\n\n\n\n<p>Durante el acto, Nardini remarc\u00f3 el compromiso de la gesti\u00f3n municipal: \u201cAc\u00e1 hay un municipio comprometido que trabaja, que tiene planificaci\u00f3n, que tiene ganas, que cuida los recursos y es por eso que puede hacer. Se est\u00e1 trabajando a conciencia y para que Malvinas siga creciendo, porque Malvinas va para adelante\u201d.<\/p>\n\n\n\n<p>La pavimentaci\u00f3n de la calle Arqu\u00edmedes representa una mejora sustancial en la infraestructura urbana del barrio, con impactos positivos en la calidad de vida de los vecinos, la accesibilidad vehicular y peatonal, la circulaci\u00f3n del transporte p\u00fablico y la revalorizaci\u00f3n del entorno urbano. <\/p>\n","protected":false},"excerpt":{"rendered":"<p>20 de Noviembre 2025 El intendente inaugur\u00f3 una nueva obra de pavimentaci\u00f3n en Villa de..<\/p>\n","protected":false},"author":2,"featured_media":18834,"comment_status":"open","ping_status":"open","sticky":false,"template":"","format":"standard","meta":{"footnotes":""},"categories":[9,3],"tags":[],"class_list":["post-18833","post","type-post","status-publish","format-standard","has-post-thumbnail","hentry","category-malvinas-argentinas","category-municipios"],"_links":{"self":[{"href":"https:\/\/noticiasrec.com\/index.php?rest_route=\/wp\/v2\/posts\/18833","targetHints":{"allow":["GET"]}}],"collection":[{"href":"https:\/\/noticiasrec.com\/index.php?rest_route=\/wp\/v2\/posts"}],"about":[{"href":"https:\/\/noticiasrec.com\/index.php?rest_route=\/wp\/v2\/types\/post"}],"author":[{"embeddable":true,"href":"https:\/\/noticiasrec.com\/index.php?rest_route=\/wp\/v2\/users\/2"}],"replies":[{"embeddable":true,"href":"https:\/\/noticiasrec.com\/index.php?rest_route=%2Fwp%2Fv2%2Fcomments&post=18833"}],"version-history":[{"count":1,"href":"https:\/\/noticiasrec.com\/index.php?rest_route=\/wp\/v2\/posts\/18833\/revisions"}],"predecessor-version":[{"id":18838,"href":"https:\/\/noticiasrec.com\/index.php?rest_route=\/wp\/v2\/posts\/18833\/revisions\/18838"}],"wp:featuredmedia":[{"embeddable":true,"href":"https:\/\/noticiasrec.com\/index.php?rest_route=\/wp\/v2\/media\/18834"}],"wp:attachment":[{"href":"https:\/\/noticiasrec.com\/index.php?rest_route=%2Fwp%2Fv2%2Fmedia&parent=18833"}],"wp:term":[{"taxonomy":"category","embeddable":true,"href":"https:\/\/noticiasrec.com\/index.php?rest_route=%2Fwp%2Fv2%2Fcategories&post=18833"},{"taxonomy":"post_tag","embeddable":true,"href":"https:\/\/noticiasrec.com\/index.php?rest_route=%2Fwp%2Fv2%2Ftags&post=18833"}],"curies":[{"name":"wp","href":"https:\/\/api.w.org\/{rel}","templated":true}]}}