{"id":18789,"date":"2025-11-17T11:30:21","date_gmt":"2025-11-17T11:30:21","guid":{"rendered":"http:\/\/noticiasrec.com\/?p=18789"},"modified":"2025-11-17T11:30:21","modified_gmt":"2025-11-17T11:30:21","slug":"una-nueva-obra-clave-para-la-conectividad-en-malvinas-argentinas-calle-gutierrez","status":"publish","type":"post","link":"https:\/\/noticiasrec.com\/?p=18789","title":{"rendered":"Una nueva obra clave para la conectividad en Malvinas Argentinas: calle Guti\u00e9rrez"},"content":{"rendered":"\n<p><strong>17 de Noviembre 2025<\/strong><\/p>\n\n\n\n<p><strong>El intendente encabez\u00f3 la inauguraci\u00f3n de cuatro nuevas cuadras pavimentadas y con obra hidr\u00e1ulica en Los Polvorines, reafirmando el compromiso con la obra p\u00fablica y la eficiente gesti\u00f3n de los recursos municipales.<\/strong><\/p>\n\n\n\n<p>El intendente Leo Nardini inaugur\u00f3 la pavimentaci\u00f3n de la calle Guti\u00e9rrez en Villa de Mayo. Un paquete de cinco cuadras que se extiende desde las intersecciones con Remedios de Escalada de San Mart\u00edn hasta la arteria principal Av. Pdte. Per\u00f3n (ex Maip\u00fa). Vecinos y referentes barriales lo acompa\u00f1aron en el recorrido que realiz\u00f3 desde Renacimiento hasta Pdte. Per\u00f3n, donde se dispuso el tradicional corte de cinta.<\/p>\n\n\n\n<div class=\"wp-block-columns is-layout-flex wp-container-core-columns-is-layout-9d6595d7 wp-block-columns-is-layout-flex\">\n<div class=\"wp-block-column is-layout-flow wp-block-column-is-layout-flow\">\n<figure class=\"wp-block-image size-large\"><a href=\"http:\/\/noticiasrec.com\/wp-content\/uploads\/2025\/11\/WhatsApp-Image-2025-11-13-at-10.49.37-PM.jpeg\"><img loading=\"lazy\" decoding=\"async\" width=\"1024\" height=\"682\" src=\"http:\/\/noticiasrec.com\/wp-content\/uploads\/2025\/11\/WhatsApp-Image-2025-11-13-at-10.49.37-PM-1024x682.jpeg\" alt=\"\" class=\"wp-image-18790\" srcset=\"https:\/\/noticiasrec.com\/wp-content\/uploads\/2025\/11\/WhatsApp-Image-2025-11-13-at-10.49.37-PM-1024x682.jpeg 1024w, https:\/\/noticiasrec.com\/wp-content\/uploads\/2025\/11\/WhatsApp-Image-2025-11-13-at-10.49.37-PM-300x200.jpeg 300w, https:\/\/noticiasrec.com\/wp-content\/uploads\/2025\/11\/WhatsApp-Image-2025-11-13-at-10.49.37-PM-768x512.jpeg 768w, https:\/\/noticiasrec.com\/wp-content\/uploads\/2025\/11\/WhatsApp-Image-2025-11-13-at-10.49.37-PM.jpeg 1280w\" sizes=\"auto, (max-width: 1024px) 100vw, 1024px\" \/><\/a><\/figure>\n<\/div>\n\n\n\n<div class=\"wp-block-column is-layout-flow wp-block-column-is-layout-flow\">\n<figure class=\"wp-block-image size-large\"><a href=\"http:\/\/noticiasrec.com\/wp-content\/uploads\/2025\/11\/WhatsApp-Image-2025-11-13-at-10.49.38-PM.jpeg\"><img loading=\"lazy\" decoding=\"async\" width=\"1024\" height=\"682\" src=\"http:\/\/noticiasrec.com\/wp-content\/uploads\/2025\/11\/WhatsApp-Image-2025-11-13-at-10.49.38-PM-1024x682.jpeg\" alt=\"\" class=\"wp-image-18791\" srcset=\"https:\/\/noticiasrec.com\/wp-content\/uploads\/2025\/11\/WhatsApp-Image-2025-11-13-at-10.49.38-PM-1024x682.jpeg 1024w, https:\/\/noticiasrec.com\/wp-content\/uploads\/2025\/11\/WhatsApp-Image-2025-11-13-at-10.49.38-PM-300x200.jpeg 300w, https:\/\/noticiasrec.com\/wp-content\/uploads\/2025\/11\/WhatsApp-Image-2025-11-13-at-10.49.38-PM-768x512.jpeg 768w, https:\/\/noticiasrec.com\/wp-content\/uploads\/2025\/11\/WhatsApp-Image-2025-11-13-at-10.49.38-PM.jpeg 1280w\" sizes=\"auto, (max-width: 1024px) 100vw, 1024px\" \/><\/a><\/figure>\n<\/div>\n<\/div>\n\n\n\n<p>La intervenci\u00f3n est\u00e1 destinada a mejorar la calidad de vida de los vecinos del barrio Villa de Mayo, garantizando la movilidad vehicular y peatonal, y revalorizando los espacios p\u00fablicos para el disfrute de la comunidad. Adem\u00e1s, mejora la conectividad entre las ciudades del distrito, al transformarse en una v\u00eda accesible para tomar una arteria principal, como es la Av. Pdte. Per\u00f3n.<\/p>\n\n\n\n<div class=\"wp-block-columns is-layout-flex wp-container-core-columns-is-layout-9d6595d7 wp-block-columns-is-layout-flex\">\n<div class=\"wp-block-column is-layout-flow wp-block-column-is-layout-flow\">\n<figure class=\"wp-block-image size-large\"><a href=\"http:\/\/noticiasrec.com\/wp-content\/uploads\/2025\/11\/WhatsApp-Image-2025-11-13-at-10.49.40-PM-1.jpeg\"><img loading=\"lazy\" decoding=\"async\" width=\"1024\" height=\"682\" src=\"http:\/\/noticiasrec.com\/wp-content\/uploads\/2025\/11\/WhatsApp-Image-2025-11-13-at-10.49.40-PM-1-1024x682.jpeg\" alt=\"\" class=\"wp-image-18792\" srcset=\"https:\/\/noticiasrec.com\/wp-content\/uploads\/2025\/11\/WhatsApp-Image-2025-11-13-at-10.49.40-PM-1-1024x682.jpeg 1024w, https:\/\/noticiasrec.com\/wp-content\/uploads\/2025\/11\/WhatsApp-Image-2025-11-13-at-10.49.40-PM-1-300x200.jpeg 300w, https:\/\/noticiasrec.com\/wp-content\/uploads\/2025\/11\/WhatsApp-Image-2025-11-13-at-10.49.40-PM-1-768x512.jpeg 768w, https:\/\/noticiasrec.com\/wp-content\/uploads\/2025\/11\/WhatsApp-Image-2025-11-13-at-10.49.40-PM-1.jpeg 1280w\" sizes=\"auto, (max-width: 1024px) 100vw, 1024px\" \/><\/a><\/figure>\n<\/div>\n\n\n\n<div class=\"wp-block-column is-layout-flow wp-block-column-is-layout-flow\">\n<figure class=\"wp-block-image size-large\"><a href=\"http:\/\/noticiasrec.com\/wp-content\/uploads\/2025\/11\/WhatsApp-Image-2025-11-13-at-10.49.39-PM.jpeg\"><img loading=\"lazy\" decoding=\"async\" width=\"1024\" height=\"682\" src=\"http:\/\/noticiasrec.com\/wp-content\/uploads\/2025\/11\/WhatsApp-Image-2025-11-13-at-10.49.39-PM-1024x682.jpeg\" alt=\"\" class=\"wp-image-18793\" srcset=\"https:\/\/noticiasrec.com\/wp-content\/uploads\/2025\/11\/WhatsApp-Image-2025-11-13-at-10.49.39-PM-1024x682.jpeg 1024w, https:\/\/noticiasrec.com\/wp-content\/uploads\/2025\/11\/WhatsApp-Image-2025-11-13-at-10.49.39-PM-300x200.jpeg 300w, https:\/\/noticiasrec.com\/wp-content\/uploads\/2025\/11\/WhatsApp-Image-2025-11-13-at-10.49.39-PM-768x512.jpeg 768w, https:\/\/noticiasrec.com\/wp-content\/uploads\/2025\/11\/WhatsApp-Image-2025-11-13-at-10.49.39-PM.jpeg 1280w\" sizes=\"auto, (max-width: 1024px) 100vw, 1024px\" \/><\/a><\/figure>\n<\/div>\n<\/div>\n\n\n\n<p>Se trata de un total de 7.910 metros cuadrados de pavimento y 160 metros de infraestructura hidr\u00e1ulica con ca\u00f1er\u00eda de hormig\u00f3n, realizada \u00edntegramente con recursos municipales desde la Secretar\u00eda de Obras P\u00fablicas y Planificaci\u00f3n Urbana de la comuna.<\/p>\n\n\n\n<figure class=\"wp-block-image size-large is-resized\"><a href=\"http:\/\/noticiasrec.com\/wp-content\/uploads\/2025\/11\/WhatsApp-Image-2025-11-13-at-10.49.40-PM-2.jpeg\"><img loading=\"lazy\" decoding=\"async\" width=\"1024\" height=\"682\" src=\"http:\/\/noticiasrec.com\/wp-content\/uploads\/2025\/11\/WhatsApp-Image-2025-11-13-at-10.49.40-PM-2-1024x682.jpeg\" alt=\"\" class=\"wp-image-18794\" style=\"width:783px;height:auto\" srcset=\"https:\/\/noticiasrec.com\/wp-content\/uploads\/2025\/11\/WhatsApp-Image-2025-11-13-at-10.49.40-PM-2-1024x682.jpeg 1024w, https:\/\/noticiasrec.com\/wp-content\/uploads\/2025\/11\/WhatsApp-Image-2025-11-13-at-10.49.40-PM-2-300x200.jpeg 300w, https:\/\/noticiasrec.com\/wp-content\/uploads\/2025\/11\/WhatsApp-Image-2025-11-13-at-10.49.40-PM-2-768x512.jpeg 768w, https:\/\/noticiasrec.com\/wp-content\/uploads\/2025\/11\/WhatsApp-Image-2025-11-13-at-10.49.40-PM-2.jpeg 1280w\" sizes=\"auto, (max-width: 1024px) 100vw, 1024px\" \/><\/a><\/figure>\n\n\n\n<p>Nardini coment\u00f3 su alegr\u00eda por esta inauguraci\u00f3n que da por terminada su ejecuci\u00f3n: \u201cMuy contento de poder inaugurar esta obra que era la \u00fanica calle que nos quedaba sin concretar para conectar estas dos arterias important\u00edsimas. Y sumado a que la gente ve que est\u00e1 el compromiso, la voluntad, la planificaci\u00f3n, las ganas y la buena administraci\u00f3n de haber cuidado los recursos y no tener d\u00e9ficit fiscal para poder planificar lo que viene\u201d.<\/p>\n\n\n\n<p>Durante la recorrida, el intendente comunic\u00f3 a los vecinos que con la finalizaci\u00f3n de esta obra se da paso a la pr\u00f3xima intervenci\u00f3n sobre la calle Cochabamba, a pocas cuadras de all\u00ed, muy esperada por los vecinos, que celebraron la noticia con entusiasmo. \u201cHay un intendente y todo un equipo que se compromete y que no especula con una elecci\u00f3n\u201d, enfatiz\u00f3.<\/p>\n\n\n\n<p>Finalmente, el jefe comunal destac\u00f3 que la posibilidad de continuar con las obras p\u00fablicas en todo el distrito se debe a una decisi\u00f3n y un compromiso pol\u00edtico con la comunidad: \u201cCon una buena administraci\u00f3n de los recursos del municipio, con los impuestos que aportan los vecinos podemos seguir progresando, avanzando. Hay mucha gente que lo espera desde hace a\u00f1os, y hay muchos, quiz\u00e1s los m\u00e1s j\u00f3venes, que est\u00e1n descre\u00eddos de la pol\u00edtica y de los pol\u00edticos. Bueno, ac\u00e1 pueden ver que le ponemos mucho esfuerzo, mucho coraz\u00f3n para poder cumplir, pero tambi\u00e9n para hacer realidades concretas\u201d. <\/p>\n","protected":false},"excerpt":{"rendered":"<p>17 de Noviembre 2025 El intendente encabez\u00f3 la inauguraci\u00f3n de cuatro nuevas cuadras pavimentadas y..<\/p>\n","protected":false},"author":2,"featured_media":18791,"comment_status":"open","ping_status":"open","sticky":false,"template":"","format":"standard","meta":{"footnotes":""},"categories":[9,3],"tags":[],"class_list":["post-18789","post","type-post","status-publish","format-standard","has-post-thumbnail","hentry","category-malvinas-argentinas","category-municipios"],"_links":{"self":[{"href":"https:\/\/noticiasrec.com\/index.php?rest_route=\/wp\/v2\/posts\/18789","targetHints":{"allow":["GET"]}}],"collection":[{"href":"https:\/\/noticiasrec.com\/index.php?rest_route=\/wp\/v2\/posts"}],"about":[{"href":"https:\/\/noticiasrec.com\/index.php?rest_route=\/wp\/v2\/types\/post"}],"author":[{"embeddable":true,"href":"https:\/\/noticiasrec.com\/index.php?rest_route=\/wp\/v2\/users\/2"}],"replies":[{"embeddable":true,"href":"https:\/\/noticiasrec.com\/index.php?rest_route=%2Fwp%2Fv2%2Fcomments&post=18789"}],"version-history":[{"count":1,"href":"https:\/\/noticiasrec.com\/index.php?rest_route=\/wp\/v2\/posts\/18789\/revisions"}],"predecessor-version":[{"id":18795,"href":"https:\/\/noticiasrec.com\/index.php?rest_route=\/wp\/v2\/posts\/18789\/revisions\/18795"}],"wp:featuredmedia":[{"embeddable":true,"href":"https:\/\/noticiasrec.com\/index.php?rest_route=\/wp\/v2\/media\/18791"}],"wp:attachment":[{"href":"https:\/\/noticiasrec.com\/index.php?rest_route=%2Fwp%2Fv2%2Fmedia&parent=18789"}],"wp:term":[{"taxonomy":"category","embeddable":true,"href":"https:\/\/noticiasrec.com\/index.php?rest_route=%2Fwp%2Fv2%2Fcategories&post=18789"},{"taxonomy":"post_tag","embeddable":true,"href":"https:\/\/noticiasrec.com\/index.php?rest_route=%2Fwp%2Fv2%2Ftags&post=18789"}],"curies":[{"name":"wp","href":"https:\/\/api.w.org\/{rel}","templated":true}]}}